{"id":437364,"date":"2025-10-03T23:53:13","date_gmt":"2025-10-03T23:53:13","guid":{"rendered":"https:\/\/www.europesays.com\/fr\/437364\/"},"modified":"2025-10-03T23:53:13","modified_gmt":"2025-10-03T23:53:13","slug":"un-journaliste-salvadorien-expulse-apres-avoir-couvert-des-manifs-anti-trump","status":"publish","type":"post","link":"https:\/\/www.europesays.com\/fr\/437364\/","title":{"rendered":"un journaliste salvadorien expuls\u00e9 apr\u00e8s avoir couvert des manifs anti-Trump"},"content":{"rendered":"<p>Le 14 juin, pr\u00e8s d\u2019Atlanta, Mario Guevara couvrait en direct sur les r\u00e9seaux sociaux les manifestations \u00abNo Kings\u00bb (\u00abPas de rois\u00bb), plus grande mobilisation populaire depuis le retour de Donald Trump \u00e0 la Maison-Blanche.<\/p>\n<p class=\"fig-paragraph\">Un journaliste salvadorien \u00e9tabli depuis deux d\u00e9cennies aux \u00c9tats-Unis a \u00e9t\u00e9 expuls\u00e9 vendredi apr\u00e8s avoir \u00e9t\u00e9 arr\u00eat\u00e9 en pleine couverture de\u00a0<a href=\"https:\/\/www.lefigaro.fr\/tag\/anti-trump\" target=\"_blank\" rel=\"sponsored noopener\" data-gtm-custom-categorie=\"navigation\" data-gtm-custom-action=\"crossclick\" data-gtm-custom-label=\"Contextuel\" data-gtm-event=\"customEventSPE\">manifestations anti-Trump<\/a>\u00a0mi-juin, a annonc\u00e9 un organisme am\u00e9ricain de d\u00e9fense de la presse.<\/p>\n<p class=\"fig-paragraph\">\u00abCe matin, le journaliste Mario Guevara a \u00e9t\u00e9 expuls\u00e9 des \u00c9tats-Unis vers son pays natal, le Salvador\u00bb, a \u00e9crit dans un communiqu\u00e9 le Comit\u00e9 pour la protection des journalistes (CPJ), affirmant qu&rsquo;il s&rsquo;agit de la \u00abpremi\u00e8re fois (qu&rsquo;il) documente ce type de repr\u00e9sailles li\u00e9es \u00e0 une activit\u00e9 journalistique\u00bb.<\/p>\n<p>                                    <a class=\"fig-a11y-skip a11y-hidden\" href=\"#fig-a11y-skip-main-inarticle\"><br \/>\n        Passer la publicit\u00e9<br \/>\n    <\/a><\/p>\n<p class=\"fig-paragraph\">\u00abNous sommes heureux d&rsquo;annoncer que Mario Guevara est de retour chez lui au Salvador\u00bb, a confirm\u00e9 \u00e0 l&rsquo;AFP une porte-parole du minist\u00e8re am\u00e9ricain de la S\u00e9curit\u00e9 int\u00e9rieure (DHS), Tricia McLaughlin. Puis d\u2019ajouter\u00a0: \u00abSi vous venez dans notre pays et enfreignez nos lois, nous vous arr\u00eaterons et vous ne reviendrez JAMAIS.\u00bb<\/p>\n<p>Laur\u00e9at d\u2019un Emmy Awards en 2023<\/p>\n<p class=\"fig-paragraph\">Journaliste sp\u00e9cialis\u00e9 dans les enjeux li\u00e9s \u00e0 l&rsquo;immigration, ce qui lui a valu un Emmy Awards en 2023, Mario Guevara \u00e9tait arriv\u00e9 aux \u00c9tats-Unis avec un visa temporaire en 2004. Rest\u00e9 dans le pays, il a tent\u00e9 par la suite de r\u00e9gulariser sa situation, sans y \u00eatre parvenu au moment de son arrestation, selon des documents judiciaires.<\/p>\n<p class=\"fig-paragraph\">Katherine Jacobsen, une repr\u00e9sentante du CPJ, affirme toutefois qu&rsquo;\u00abil n&rsquo;est pas simplement question de son statut migratoire\u00bb mais de \u00abrepr\u00e9sailles pour ses reportages\u00bb. Elle parle de \u00absigne inqui\u00e9tant de la d\u00e9t\u00e9rioration de la libert\u00e9 de la presse sous l&rsquo;administration Trump\u00bb.<\/p>\n<p class=\"fig-paragraph\">Le 14 juin, pr\u00e8s d&rsquo;Atlanta (G\u00e9orgie), Mario Guevara couvrait en direct en espagnol sur les r\u00e9seaux sociaux les manifestations \u00abNo Kings\u00bb (\u00abPas de rois\u00bb), plus grande mobilisation populaire depuis le retour de Donald Trump \u00e0 la Maison-Blanche, quand il a \u00e9t\u00e9 arr\u00eat\u00e9. Selon les images diffus\u00e9es en direct sur sa cha\u00eene Facebook, le journaliste portait un gilet pare-balles sigl\u00e9 \u00abpresse\u00bb et un casque de protection.<\/p>\n<p class=\"fig-paragraph\">Il a \u00e9t\u00e9, dans un premier temps, poursuivi pour des d\u00e9lits mineurs dans le cadre de son travail (rassemblement ill\u00e9gal, obstruction, pr\u00e9sence d&rsquo;un pi\u00e9ton sur la chauss\u00e9e&#8230;). Des poursuites abandonn\u00e9es par la suite, selon des documents judiciaires.<\/p>\n","protected":false},"excerpt":{"rendered":"Le 14 juin, pr\u00e8s d\u2019Atlanta, Mario Guevara couvrait en direct sur les r\u00e9seaux sociaux les manifestations \u00abNo Kings\u00bb&hellip;\n","protected":false},"author":2,"featured_media":437365,"comment_status":"","ping_status":"","sticky":false,"template":"","format":"standard","meta":{"footnotes":""},"categories":[1589],"tags":[11,73,1866,10402,12,1864,1865,1863,308],"class_list":{"0":"post-437364","1":"post","2":"type-post","3":"status-publish","4":"format-standard","5":"has-post-thumbnail","7":"category-etats-unis","8":"tag-actualites","9":"tag-etats-unis","10":"tag-etats-unis-damerique","11":"tag-liberte-de-la-presse","12":"tag-news","13":"tag-united-states","14":"tag-united-states-of-america","15":"tag-us","16":"tag-usa"},"share_on_mastodon":{"url":"https:\/\/pubeurope.com\/@fr\/115312931883213203","error":""},"_links":{"self":[{"href":"https:\/\/www.europesays.com\/fr\/wp-json\/wp\/v2\/posts\/437364","targetHints":{"allow":["GET"]}}],"collection":[{"href":"https:\/\/www.europesays.com\/fr\/wp-json\/wp\/v2\/posts"}],"about":[{"href":"https:\/\/www.europesays.com\/fr\/wp-json\/wp\/v2\/types\/post"}],"author":[{"embeddable":true,"href":"https:\/\/www.europesays.com\/fr\/wp-json\/wp\/v2\/users\/2"}],"replies":[{"embeddable":true,"href":"https:\/\/www.europesays.com\/fr\/wp-json\/wp\/v2\/comments?post=437364"}],"version-history":[{"count":0,"href":"https:\/\/www.europesays.com\/fr\/wp-json\/wp\/v2\/posts\/437364\/revisions"}],"wp:featuredmedia":[{"embeddable":true,"href":"https:\/\/www.europesays.com\/fr\/wp-json\/wp\/v2\/media\/437365"}],"wp:attachment":[{"href":"https:\/\/www.europesays.com\/fr\/wp-json\/wp\/v2\/media?parent=437364"}],"wp:term":[{"taxonomy":"category","embeddable":true,"href":"https:\/\/www.europesays.com\/fr\/wp-json\/wp\/v2\/categories?post=437364"},{"taxonomy":"post_tag","embeddable":true,"href":"https:\/\/www.europesays.com\/fr\/wp-json\/wp\/v2\/tags?post=437364"}],"curies":[{"name":"wp","href":"https:\/\/api.w.org\/{rel}","templated":true}]}}