{"id":437370,"date":"2025-10-03T23:56:10","date_gmt":"2025-10-03T23:56:10","guid":{"rendered":"https:\/\/www.europesays.com\/fr\/437370\/"},"modified":"2025-10-03T23:56:10","modified_gmt":"2025-10-03T23:56:10","slug":"la-strategie-dursula-von-der-leyen-pour-stimuler-linnovation","status":"publish","type":"post","link":"https:\/\/www.europesays.com\/fr\/437370\/","title":{"rendered":"la strat\u00e9gie d\u2019Ursula von der Leyen pour stimuler l\u2019innovation"},"content":{"rendered":"<p>\u00c0 Turin, <a class=\"Link\" href=\"https:\/\/www.lepoint.fr\/tags\/ursula-der-von-leyen\" data-gtm=\"click:capsule\" data-capsule=\"Lien\" target=\"_blank\" rel=\"noopener\">Ursula von der Leyen<\/a> leur a parl\u00e9 comme ils aiment qu&rsquo;on leur parle\u00a0: avec enthousiasme, et sans peur. Lors de la Italian Tech Week, devant un public compos\u00e9 des principaux acteurs de l&rsquo;innovation italienne et europ\u00e9enne, la pr\u00e9sidente de la Commission europ\u00e9enne a affich\u00e9 ses ambitions en mati\u00e8re d&rsquo;<a class=\"Link\" href=\"https:\/\/www.lepoint.fr\/tags\/intelligence-artificielle\" data-gtm=\"click:capsule\" data-capsule=\"Lien\" target=\"_blank\" rel=\"noopener\">intelligence artificielle<\/a> (IA), secteur dans lequel notre continent est \u00e0 la tra\u00eene. Les champions am\u00e9ricains et chinois <a class=\"Link\" href=\"https:\/\/www.lepoint.fr\/high-tech-internet\/intelligence-artificielle-les-europeens-comprennent-qu-ils-doivent-reduire-leur-dependance-aux-americains-04-03-2025-2583902_47.php\" title=\"\" data-gtm=\"click:capsule\" data-capsule=\"Lien\" target=\"_blank\" rel=\"noopener\">dominent largement cette technologie<\/a>. Mais von der Leyen y croit dur comme fer\u00a0: l&rsquo;Europe ne sera pas une suiveuse, mais une actrice centrale de la r\u00e9volution de l&rsquo;IA.<\/p>\n<p>Selon elle, la partie ne fait que commencer et l&rsquo;Europe a d\u00e9j\u00e0 par le pass\u00e9 prouv\u00e9 sa capacit\u00e9 \u00e0 inverser les pronostics. Mais elle identifie trois freins majeurs qui emp\u00eachent le continent de jouer&#8230;<\/p>\n<p>Toute l\u2019actualit\u00e9 \u00e0 1\u20ac le premier mois<\/p>\n<p><a href=\"https:\/\/abo.lepoint.fr\/?provenance=21EDI020098\" class=\"btn\" title=\"S&#039;abonner\" data-gtm=\"click:abo|display:abo\" data-campaign=\"paywall_maison\" target=\"_blank\" rel=\"noopener\">S&rsquo;abonner<\/a><\/p>\n<p>ou<\/p>\n<p>La newsletter sciences et tech<\/p>\n<p class=\"period\">Tous les samedis \u00e0 16h<\/p>\n<p>Recevez toute l\u2019actualit\u00e9 de la sciences et des techs et plongez dans les Grands entretiens, d\u00e9couvertes majeures, innovations et coulisses&#8230;<\/p>\n<p>Merci !<br \/>Votre inscription a bien \u00e9t\u00e9 prise en compte avec l&rsquo;adresse email :<\/p>\n<p>Pour d\u00e9couvrir toutes nos autres newsletters, rendez-vous ici : <a href=\"https:\/\/moncompte.lepoint.fr\/\" title=\"\" target=\"_blank\" rel=\"noopener\">MonCompte<\/a><\/p>\n<p>En vous inscrivant, vous acceptez les <a href=\"https:\/\/www.lepoint.fr\/html\/cgu\/\" title=\"Conditions g\u00e9n\u00e9rales d&#039;utilisation\" target=\"_blank\" rel=\"noopener\">conditions g\u00e9n\u00e9rales d\u2019utilisations<\/a> et notre <a href=\"https:\/\/www.lepoint.fr\/html\/politique-de-protection-donnees-personnelles\/\" title=\"Politique de confidentialit\u00e9\" target=\"_blank\" rel=\"noopener\">politique de confidentialit\u00e9<\/a>.<\/p>\n","protected":false},"excerpt":{"rendered":"\u00c0 Turin, Ursula von der Leyen leur a parl\u00e9 comme ils aiment qu&rsquo;on leur parle\u00a0: avec enthousiasme, et&hellip;\n","protected":false},"author":2,"featured_media":437371,"comment_status":"","ping_status":"","sticky":false,"template":"","format":"standard","meta":{"footnotes":""},"categories":[1586],"tags":[11,1777,674,1011,27,142,223,12,25,364,2544],"class_list":{"0":"post-437370","1":"post","2":"type-post","3":"status-publish","4":"format-standard","5":"has-post-thumbnail","7":"category-europe","8":"tag-actualites","9":"tag-eu","10":"tag-europe","11":"tag-fr","12":"tag-france","13":"tag-high-tech","14":"tag-intelligence-artificielle","15":"tag-news","16":"tag-republique-francaise","17":"tag-union-europeenne","18":"tag-ursula-von-der-leyen"},"share_on_mastodon":{"url":"https:\/\/pubeurope.com\/@fr\/115312943730712115","error":""},"_links":{"self":[{"href":"https:\/\/www.europesays.com\/fr\/wp-json\/wp\/v2\/posts\/437370","targetHints":{"allow":["GET"]}}],"collection":[{"href":"https:\/\/www.europesays.com\/fr\/wp-json\/wp\/v2\/posts"}],"about":[{"href":"https:\/\/www.europesays.com\/fr\/wp-json\/wp\/v2\/types\/post"}],"author":[{"embeddable":true,"href":"https:\/\/www.europesays.com\/fr\/wp-json\/wp\/v2\/users\/2"}],"replies":[{"embeddable":true,"href":"https:\/\/www.europesays.com\/fr\/wp-json\/wp\/v2\/comments?post=437370"}],"version-history":[{"count":0,"href":"https:\/\/www.europesays.com\/fr\/wp-json\/wp\/v2\/posts\/437370\/revisions"}],"wp:featuredmedia":[{"embeddable":true,"href":"https:\/\/www.europesays.com\/fr\/wp-json\/wp\/v2\/media\/437371"}],"wp:attachment":[{"href":"https:\/\/www.europesays.com\/fr\/wp-json\/wp\/v2\/media?parent=437370"}],"wp:term":[{"taxonomy":"category","embeddable":true,"href":"https:\/\/www.europesays.com\/fr\/wp-json\/wp\/v2\/categories?post=437370"},{"taxonomy":"post_tag","embeddable":true,"href":"https:\/\/www.europesays.com\/fr\/wp-json\/wp\/v2\/tags?post=437370"}],"curies":[{"name":"wp","href":"https:\/\/api.w.org\/{rel}","templated":true}]}}