{"id":437383,"date":"2025-10-04T00:06:14","date_gmt":"2025-10-04T00:06:14","guid":{"rendered":"https:\/\/www.europesays.com\/fr\/437383\/"},"modified":"2025-10-04T00:06:14","modified_gmt":"2025-10-04T00:06:14","slug":"deux-chutes-pour-zarco-sans-aucune-confiance-sur-la-honda","status":"publish","type":"post","link":"https:\/\/www.europesays.com\/fr\/437383\/","title":{"rendered":"Deux chutes pour Zarco, \u00ab\u00a0sans aucune confiance\u00a0\u00bb sur la Honda"},"content":{"rendered":"<p>En arrivant \u00e0 Mandalika, <a href=\"https:\/\/fr.motorsport.com\/driver\/johann-zarco\/96107\/\" target=\"_blank\" rel=\"noopener\">Johann Zarco<\/a> esp\u00e9rait <a href=\"https:\/\/fr.motorsport.com\/motogp\/news\/zarco-reconstruire-confiance-egaler-mir-honda-revisee\/10764100\/\" target=\"_blank\" rel=\"noopener\">trouver la confiance sur la Honda \u00e9quip\u00e9e des nouveaut\u00e9s<\/a>, estimant que c&rsquo;\u00e9tait ce qui lui manquait pour revenir au niveau de <a href=\"https:\/\/fr.motorsport.com\/driver\/joan-mir\/289392\/\" target=\"_blank\" rel=\"noopener\">Joan Mir<\/a> et <a href=\"https:\/\/fr.motorsport.com\/driver\/luca-marini\/201098\/\" target=\"_blank\" rel=\"noopener\">Luca Marini<\/a>, qui ont re\u00e7u ces \u00e9volutions quelques courses avant lui. Mais pendant que les pilotes de l&rsquo;\u00e9quipe officielle atteignaient facilement un top 10 synonyme de Q2 ce vendredi, le Fran\u00e7ais s&rsquo;est englu\u00e9 dans ses difficult\u00e9s.<\/p>\n<p>Le souci ne vient pas r\u00e9ellement des performances, avec un 14e temps \u00e0 seulement 0&Prime;245 de la dixi\u00e8me place, mais d&rsquo;un manque de rep\u00e8res avec l&rsquo;avant de la Honda r\u00e9vis\u00e9e, dont Zarco dispose depuis Motegi. Le pilote LCR l&rsquo;a pay\u00e9 avec deux chutes en Essais, dont une qui l&rsquo;a priv\u00e9 de ses derniers tours rapides en fin de s\u00e9ance.<\/p>\n<p>\u00ab\u00a0Clairement, il me manque beaucoup de confiance avant de la moto pour tourner\u00a0\u00bb, a expliqu\u00e9 Zarco. \u00ab\u00a0Je manque de confiance depuis Motegi, l\u00e0 o\u00f9 elle n&rsquo;\u00e9tait pas tr\u00e8s \u00e9lev\u00e9e mais j&rsquo;\u00e9tais content de finir la course. J&rsquo;ai essay\u00e9 d&rsquo;\u00eatre dans le jeu et d&rsquo;attaquer pour le time attack, mais sans aucune confiance, c&rsquo;est logique qu&rsquo;une chute puisse arriver.\u00a0\u00bb<\/p>\n<p>\u00ab\u00a0C&rsquo;est d\u00e9cevant de manquer la Q2 aujourd&rsquo;hui, j&rsquo;aurai encore une chance demain mais il faudra d&rsquo;abord que je retrouve cette sensation, la confiance, pour avoir la possibilit\u00e9 d&rsquo;attaquer ensuite, parce que je ne veux pas encore tomber. Je verrai demain de quelle fa\u00e7on \u00e7a s&rsquo;am\u00e9liorera ou pas. On a essay\u00e9 des choses sur la moto pour retrouver cette confiance, mais \u00e7a ne vient pas encore.\u00a0\u00bb<\/p>\n<p>La bonne nouvelle est que malgr\u00e9 une longue glissade, Zarco ne s&rsquo;est pas fait mal dans sa deuxi\u00e8me chute\u00a0: \u00ab\u00a0Ce qui est bien, c&rsquo;est qu&rsquo;il n&rsquo;y a que de l&rsquo;asphalte, donc il faut bien glisser pour ne pas \u00eatre br\u00fbl\u00e9, mais on n&rsquo;est pas secou\u00e9, ce qui est mieux pour la s\u00e9curit\u00e9.\u00a0\u00bb<\/p>\n<p>   <img decoding=\"async\" draggable=\"false\" src=\"https:\/\/www.europesays.com\/fr\/wp-content\/uploads\/2025\/10\/johann-zarco-team-lcr-honda-cr.jpg\" alt=\"Chute de Johann Zarco, Team LCR Honda \" width=\"1200\" height=\"800\" loading=\"lazy\"\/> <\/p>\n<p class=\"title\">Johann Zarco a connu deux chutes ce vendredi.<\/p>\n<p class=\"photographer\">Photo de: Robertus Pudyanto \/ Getty Images<\/p>\n<p>Zarco constate bien les progr\u00e8s en adh\u00e9rence et dans les performances du moteur avec les \u00e9volutions, mais il n&rsquo;a pas encore pu s&rsquo;y adapter\u00a0: \u00ab\u00a0On a r\u00e9gl\u00e9 beaucoup de probl\u00e8mes. Mais apr\u00e8s, pour avoir cet extra et trouver la confiance, il faut plus travailler, mais nous sommes limit\u00e9s par le temps pendant les essais pour trouver les bonnes sensations.\u00a0\u00bb<\/p>\n<blockquote>\n<p>D\u00e8s que je retrouverai la confiance, je serai tr\u00e8s rapide.<\/p>\n<\/blockquote>\n<p>Il ne reste qu&rsquo;une seule s\u00e9ance avant les qualifications pour trouver ces sensations, et la suite du week-end s&rsquo;annonce difficile puisqu&rsquo;en Q1, Zarco sera notamment confront\u00e9 aux pilotes Ducati officiels. Il n&rsquo;a pourtant pas renonc\u00e9 \u00e0 ses espoirs d&rsquo;int\u00e9grer la Q2.<\/p>\n<p>\u00ab\u00a0C&rsquo;est possible parce que tout le monde peut avoir des probl\u00e8mes, comme on l&rsquo;a vu aujourd&rsquo;hui. D\u00e8s que je retrouverai la confiance, je serai tr\u00e8s rapide. Si c&rsquo;est demain en Q1, je serai content, mais s&rsquo;il faut que cela prenne plus de temps, j&rsquo;attendrai.\u00a0\u00bb<\/p>\n<p>Lire aussi :<\/p>\n<p>            Votre avis nous int\u00e9resse !<\/p>\n<p class=\"mt-auto\">Qu&rsquo;aimeriez-vous voir sur Motorsport.com ?<\/p>\n<p>            <a href=\"#\" class=\"ms-link text-link font-bold\">R\u00e9pondez \u00e0 notre enqu\u00eate de 5 minutes.<\/a><\/p>\n<p class=\"mt-1 font-info text-body\">&#8211; L&rsquo;\u00e9quipe Motorsport.com<\/p>\n","protected":false},"excerpt":{"rendered":"En arrivant \u00e0 Mandalika, Johann Zarco esp\u00e9rait trouver la confiance sur la Honda \u00e9quip\u00e9e des nouveaut\u00e9s, estimant que&hellip;\n","protected":false},"author":2,"featured_media":437384,"comment_status":"","ping_status":"","sticky":false,"template":"","format":"standard","meta":{"footnotes":""},"categories":[1413],"tags":[56478,1011,27,55763,1741,55764,1457,1456,1458,56479,60,3771],"class_list":{"0":"post-437383","1":"post","2":"type-post","3":"status-publish","4":"format-standard","5":"has-post-thumbnail","7":"category-moto","8":"tag-deux-chutes-pour-zarco","9":"tag-fr","10":"tag-france","11":"tag-gp-dindonu00e9sie","12":"tag-johann-zarco","13":"tag-mandalika-international-street-circuit","14":"tag-moto","15":"tag-motocycle","16":"tag-motogp","17":"tag-sans-aucune-confiance-sur-la-honda","18":"tag-sports","19":"tag-team-lcr"},"share_on_mastodon":{"url":"https:\/\/pubeurope.com\/@fr\/115312983038043691","error":""},"_links":{"self":[{"href":"https:\/\/www.europesays.com\/fr\/wp-json\/wp\/v2\/posts\/437383","targetHints":{"allow":["GET"]}}],"collection":[{"href":"https:\/\/www.europesays.com\/fr\/wp-json\/wp\/v2\/posts"}],"about":[{"href":"https:\/\/www.europesays.com\/fr\/wp-json\/wp\/v2\/types\/post"}],"author":[{"embeddable":true,"href":"https:\/\/www.europesays.com\/fr\/wp-json\/wp\/v2\/users\/2"}],"replies":[{"embeddable":true,"href":"https:\/\/www.europesays.com\/fr\/wp-json\/wp\/v2\/comments?post=437383"}],"version-history":[{"count":0,"href":"https:\/\/www.europesays.com\/fr\/wp-json\/wp\/v2\/posts\/437383\/revisions"}],"wp:featuredmedia":[{"embeddable":true,"href":"https:\/\/www.europesays.com\/fr\/wp-json\/wp\/v2\/media\/437384"}],"wp:attachment":[{"href":"https:\/\/www.europesays.com\/fr\/wp-json\/wp\/v2\/media?parent=437383"}],"wp:term":[{"taxonomy":"category","embeddable":true,"href":"https:\/\/www.europesays.com\/fr\/wp-json\/wp\/v2\/categories?post=437383"},{"taxonomy":"post_tag","embeddable":true,"href":"https:\/\/www.europesays.com\/fr\/wp-json\/wp\/v2\/tags?post=437383"}],"curies":[{"name":"wp","href":"https:\/\/api.w.org\/{rel}","templated":true}]}}