{"id":437391,"date":"2025-10-04T00:10:23","date_gmt":"2025-10-04T00:10:23","guid":{"rendered":"https:\/\/www.europesays.com\/fr\/437391\/"},"modified":"2025-10-04T00:10:23","modified_gmt":"2025-10-04T00:10:23","slug":"au-proces-de-cedric-jubillar-des-proches-de-son-epouse-convaincues-quil-la-assassinee-actualites","status":"publish","type":"post","link":"https:\/\/www.europesays.com\/fr\/437391\/","title":{"rendered":"Au proc\u00e8s de C\u00e9dric Jubillar, des proches de son \u00e9pouse convaincues qu&rsquo;il l&rsquo;a \u00ab\u00a0assassin\u00e9e\u00a0\u00bb : Actualit\u00e9s"},"content":{"rendered":"<p class=\"lead \">Des frissons ont parcouru la cour d&rsquo;assises du Tarn, mercredi au proc\u00e8s de C\u00e9dric Jubillar, lorsque deux amies proches de son \u00e9pouse Delphine ont dit leur absolue certitude que le peintre-plaquiste avait \u00ab\u00a0assassin\u00e9 de ses mains\u00a0\u00bb l&rsquo;infirmi\u00e8re de 33 ans, disparue en 2020.<\/p>\n<p class=\"lead \">Lors de cette journ\u00e9e consacr\u00e9e \u00e0 la vie de la jeune infirmi\u00e8re disparue dans la nuit du 15 au 16 d\u00e9cembre 2020 \u00e0 Cagnac-les-Mines (Tarn) et dont le corps n&rsquo;a jamais \u00e9t\u00e9 retrouv\u00e9, des proches, dont une de ses meilleures amies, coll\u00e8gues et institutrices de son fils Louis se sont succ\u00e9d\u00e9 \u00e0 la barre pour raconter cette femme \u00ab\u00a0taiseuse\u00a0\u00bb mais \u00ab\u00a0pleine de vie\u00a0\u00bb.<\/p>\n<p class=\"lead \">\u00ab\u00a0J&rsquo;ai la profonde certitude que C\u00e9dric a assassin\u00e9 Delphine de ses mains\u00a0\u00bb, a confi\u00e9 avec col\u00e8re Chlo\u00e9, son amie depuis la sixi\u00e8me. \u00ab\u00a0Je suis convaincue que c&rsquo;est C\u00e9dric Jubillar qui a tu\u00e9 Delphine. J&rsquo;en suis s\u00fbre\u00a0\u00bb, a froidement \u00e9nonc\u00e9 Marl\u00e8ne, belle-soeur de la soeur a\u00een\u00e9e de la disparue.<\/p>\n<p class=\"lead \">\u00ab\u00a0Elle n&rsquo;imaginait pas la dangerosit\u00e9 de son mari qui l&rsquo;\u00e9piait tous les jours\u00a0\u00bb, a lanc\u00e9 Chlo\u00e9, qui a demand\u00e9 \u00e0 pouvoir poser une question directement \u00e0 l&rsquo;accus\u00e9, une requ\u00eate refus\u00e9e par la pr\u00e9sidente de la cour.<\/p>\n<p class=\"lead \">\u00ab\u00a0Delphine \u00e9tait en crise avec son mari, son mari \u00e9tait agressif, elle payait tout \u00e0 la maison, c&rsquo;\u00e9tait le pilier de sa famille et de sa fratrie, qui ont malheureusement perdu leurs parents, vous pensez qu&rsquo;elle n&rsquo;avait que \u00e7a \u00e0 faire de dispara\u00eetre?\u00a0\u00bb, a l\u00e2ch\u00e9 Marl\u00e8ne \u00e0 l&rsquo;avocat de la d\u00e9fense Alexandre Martin.<\/p>\n<p class=\"lead \">Dans son box, v\u00eatu d&rsquo;un gilet noir \u00e0 rayures gris sombre, C\u00e9dric Jubillar n&rsquo;a rien manqu\u00e9 des d\u00e9positions successives, le menton souvent pos\u00e9 sur ses bras crois\u00e9s devant lui, et les jambes \u00e0 nouveau prises du m\u00eame tic nerveux qui les agitait lors des premiers jours d&rsquo;audience.<\/p>\n<p class=\"lead \">&#8211; \u00ab\u00a0point de non-retour\u00a0\u00bb &#8211;<\/p>\n<p class=\"lead \">La pr\u00e9sidente ne lui a demand\u00e9 de s&rsquo;exprimer qu&rsquo;en fin d&rsquo;audience sur un incident datant de 2014 relat\u00e9 par son ancienne voisine \u00e0 Arth\u00e8s (Tarn), o\u00f9 le couple a v\u00e9cu jusqu&rsquo;\u00e0 cette ann\u00e9e-l\u00e0.<\/p>\n<p class=\"lead \">Elle a affirm\u00e9 avoir entendu la voix de C\u00e9dric Jubillar dire \u00ab\u00a0Mets-toi \u00e0 genoux! Baisse les yeux!\u00a0\u00bb au milieu de cris, sans pouvoir identifier la voix de Delphine \u00e0 qui, pense-t-elle, \u00e9taient adress\u00e9es ces injonctions.<\/p>\n<p class=\"lead \">\u00ab\u00a0Je n&rsquo;aurais jamais dit \u00e0 ma femme de se mettre \u00e0 genoux\u00a0\u00bb, a r\u00e9pondu l&rsquo;accus\u00e9, ajoutant que des propos de ce type n&rsquo;auraient pu s&rsquo;adresser qu&rsquo;\u00e0 son chien, \u00e0 qui il \u00ab\u00a0disait de baisser les yeux quand (il) le grondait\u00a0\u00bb.<\/p>\n<p class=\"lead \">Quelques heures plus t\u00f4t, Anne, l&rsquo;une des amies les plus proches de Delphine, dont les enfants \u00e9taient scolaris\u00e9s avec Louis, avait racont\u00e9 avoir \u00ab\u00a0connu un couple relativement complice\u00a0\u00bb avant leur \u00e9loignement progressif, un \u00ab\u00a0point de non-retour\u00a0\u00bb ayant \u00e9t\u00e9 atteint lorsque C\u00e9dric n&rsquo;a finalement pas sign\u00e9 un CDI \u00e0 l&rsquo;\u00e9t\u00e9 2020.<\/p>\n<p class=\"lead \">\u00ab\u00a0Elle n&rsquo;avait pas de place pour s&rsquo;exprimer, elle n&rsquo;existait plus avec C\u00e9dric\u00a0\u00bb, a-t-elle expliqu\u00e9. \u00ab\u00a0Quand je passais une soir\u00e9e avec eux, je n&rsquo;arrivais quasiment pas \u00e0 parler avec Delphine. Il occupait toute la place.\u00a0\u00bb<\/p>\n<p class=\"lead \">&#8211; \u00ab\u00a0l&rsquo;enfer\u00a0\u00bb &#8211;<\/p>\n<p class=\"lead \">Cette intime de la famille Jubillar a \u00e9galement longuement \u00e9t\u00e9 interrog\u00e9e sur le sens de stationnement de la voiture de Delphine la veille de la disparition. \u00ab\u00a0Je suis formelle, la voiture \u00e9tait gar\u00e9e dans le sens de la mont\u00e9e devant chez elle. J&rsquo;ai failli \u00e9craser son chien. Je sais parfaitement dans quel sens elle \u00e9tait gar\u00e9e\u00a0\u00bb, a-t-elle martel\u00e9.<\/p>\n<p class=\"lead \">Cette d\u00e9claration conforte la th\u00e8se de l&rsquo;accusation, pour laquelle cette voiture, retrouv\u00e9e gar\u00e9e dans le sens oppos\u00e9 au lendemain de la disparition, a pu \u00eatre utilis\u00e9e par C\u00e9dric Jubillar dans la nuit pour transporter le corps de son \u00e9pouse.<\/p>\n<p class=\"lead \">Selon une autre amie, membre de l&rsquo;association des parents d&rsquo;\u00e9l\u00e8ves avec C\u00e9dric et Delphine, l&rsquo;infirmi\u00e8re lui aurait confi\u00e9 \u00ab\u00a0qu&rsquo;elle vivait l&rsquo;enfer \u00e0 la maison\u00a0\u00bb.<\/p>\n<p class=\"lead \">C&rsquo;est elle qui s&rsquo;occupait quasi-syst\u00e9matiquement d&#8217;emmener et d&rsquo;aller chercher Louis \u00e0 l&rsquo;\u00e9cole, ont affirm\u00e9 deux professeures, dont l&rsquo;une a racont\u00e9 que Louis lui avait dit avoir \u00ab\u00a0peur quand papa se mettait en col\u00e8re contre sa petite soeur\u00a0\u00bb.<\/p>\n<p class=\"lead \">Le verdict est attendu le 17 octobre.<\/p>\n<p class=\"small font-weight-bold text-gray3 \"> publi\u00e9 le 1 octobre \u00e0 20h18, AFP<\/p>\n<p>                             Partager<\/p>\n","protected":false},"excerpt":{"rendered":"Des frissons ont parcouru la cour d&rsquo;assises du Tarn, mercredi au proc\u00e8s de C\u00e9dric Jubillar, lorsque deux amies&hellip;\n","protected":false},"author":2,"featured_media":437392,"comment_status":"","ping_status":"","sticky":false,"template":"","format":"standard","meta":{"footnotes":""},"categories":[1359],"tags":[2715,58,59,4651,1011,27,2683,973,4780],"class_list":{"0":"post-437391","1":"post","2":"type-post","3":"status-publish","4":"format-standard","5":"has-post-thumbnail","7":"category-people","8":"tag-disparition","9":"tag-divertissement","10":"tag-entertainment","11":"tag-femmes","12":"tag-fr","13":"tag-france","14":"tag-homicide","15":"tag-people","16":"tag-procs"},"share_on_mastodon":{"url":"https:\/\/pubeurope.com\/@fr\/115312998814102892","error":""},"_links":{"self":[{"href":"https:\/\/www.europesays.com\/fr\/wp-json\/wp\/v2\/posts\/437391","targetHints":{"allow":["GET"]}}],"collection":[{"href":"https:\/\/www.europesays.com\/fr\/wp-json\/wp\/v2\/posts"}],"about":[{"href":"https:\/\/www.europesays.com\/fr\/wp-json\/wp\/v2\/types\/post"}],"author":[{"embeddable":true,"href":"https:\/\/www.europesays.com\/fr\/wp-json\/wp\/v2\/users\/2"}],"replies":[{"embeddable":true,"href":"https:\/\/www.europesays.com\/fr\/wp-json\/wp\/v2\/comments?post=437391"}],"version-history":[{"count":0,"href":"https:\/\/www.europesays.com\/fr\/wp-json\/wp\/v2\/posts\/437391\/revisions"}],"wp:featuredmedia":[{"embeddable":true,"href":"https:\/\/www.europesays.com\/fr\/wp-json\/wp\/v2\/media\/437392"}],"wp:attachment":[{"href":"https:\/\/www.europesays.com\/fr\/wp-json\/wp\/v2\/media?parent=437391"}],"wp:term":[{"taxonomy":"category","embeddable":true,"href":"https:\/\/www.europesays.com\/fr\/wp-json\/wp\/v2\/categories?post=437391"},{"taxonomy":"post_tag","embeddable":true,"href":"https:\/\/www.europesays.com\/fr\/wp-json\/wp\/v2\/tags?post=437391"}],"curies":[{"name":"wp","href":"https:\/\/api.w.org\/{rel}","templated":true}]}}