{"id":437399,"date":"2025-10-04T00:14:23","date_gmt":"2025-10-04T00:14:23","guid":{"rendered":"https:\/\/www.europesays.com\/fr\/437399\/"},"modified":"2025-10-04T00:14:23","modified_gmt":"2025-10-04T00:14:23","slug":"on-a-toujours-blague-la-dessus-au-quartier","status":"publish","type":"post","link":"https:\/\/www.europesays.com\/fr\/437399\/","title":{"rendered":"on a toujours blagu\u00e9 l\u00e0-dessus au quartier&#8230;"},"content":{"rendered":"<p itemprop=\"description\"><strong>Le rappeur est revenu de mani\u00e8re plut\u00f4t intelligente sur la cover pol\u00e9mqiue de son nouvel album, \u00ab\u00a0UY Scuti\u00a0\u00bb, sorti vendredi.<\/strong><\/p>\n<p>Ce weekend, <strong>tous les regards \u00e9taient tourn\u00e9s vers Atlanta, et plus pr\u00e9cis\u00e9ment en direction de Young Thug<\/strong>. Car le rappeur sortait <strong>son premier projet depuis la fin du proc\u00e8s<\/strong> ultra m\u00e9diatis\u00e9 qui concernait tout son label YSL. <strong>Apr\u00e8s un<\/strong> <strong>report d&rsquo;une semaine, \u00ab\u00a0UY Scuti\u00a0\u00bb a donc bien vu le jour<\/strong> vendredi dernier. Mais les gens ont \u00e9t\u00e9 assez stup\u00e9faits lorsqu&rsquo;ils ont \u00e9cout\u00e9 le projet sur Spotify, o\u00f9 <strong>la cover repr\u00e9sente Thugger, mais en version blanche<\/strong>, avec les yeux bleus. Ce qui a <a href=\"https:\/\/generations.fr\/news\/musique\/80351\/young-thug-fait-polemique-avec-sa-whiteface-sur-la-cover-de-uy-scuti\" target=\"_blank\" rel=\"noopener nofollow\">\u00e9t\u00e9 vu par certains comme une \u00ab\u00a0whiteface\u00a0\u00bb<\/a>, mais le rappeur a r\u00e9agi \u00e0 tout \u00e7a pour \u00e9teindre la pol\u00e9mique.<\/p>\n<p>La cover avait de quoi \u00e9tonner, mais comme souvent avec <a href=\"https:\/\/generations.fr\/news\/musique\/80315\/young-thug-son-album-uy-scuti-reporte-a-cause-des-clashs-avec-future-lil-baby-drake\" target=\"_blank\" rel=\"noopener nofollow\">Young Thug<\/a>, <strong>tout \u00e7a \u00e9tait fait dans un but bien pr\u00e9cis, et ce n&rsquo;\u00e9tait pas du tout une volont\u00e9 de provoquer<\/strong>, plut\u00f4t de passer un message et de jouer sur les pr\u00e9jug\u00e9s. Lors de son passage sur le podcast \u00ab\u00a0It&rsquo;s Up There\u00a0\u00bb, il s&rsquo;est expliqu\u00e9 sur ce choix \u00e9trange pour sa cover :<\/p>\n<blockquote><p>&#13;<\/p>\n<p><strong>Je pense que c&rsquo;\u00e9tait juste pour d\u00e9conner. Mais \u00e7a reste s\u00e9rieux dans le sens o\u00f9 j&rsquo;ai grandi avec \u00e7a. On a toujours blagu\u00e9 l\u00e0-dessus au quartier. &lsquo;N*gro, si tu veux devenir le plus grand, sois blanc !&rsquo;.<\/strong> On racontait juste de la merde. C&rsquo;est juste une histoire que le monde nous sert. Et on se met \u00e0 croire \u00e0 cette histoire&#8230; <strong>&lsquo;Michael Jackson est devenu blanc \u00e0 cause de \u00e7a&rsquo;, mais on sait que c&rsquo;est pas la v\u00e9rit\u00e9. On s&rsquo;amuse avec les pr\u00e9jug\u00e9s, c&rsquo;est juste des conneries.<\/strong> Ils laissent toujours les blancs devenir les plus grands. J&rsquo;aime les blancs aussi&#8230; Mais on a aussi des grands artistes noirs&#8230; Je m&rsquo;amusais juste un peu avec ces pr\u00e9jug\u00e9s.<\/p>\n<p>&#13;\n<\/p><\/blockquote>\n<p>Plus tard dans son interview, <a href=\"https:\/\/generations.fr\/news\/musique\/80280\/young-thug-s-excuse-aupres-de-drake-lil-baby-gucci-mane-dans-son-tout-nouveau-morceau-man-i-miss-my-dogs\" target=\"_blank\" rel=\"noopener nofollow\">Young Thug<\/a> confirme qu&rsquo;il <strong>n&rsquo;a aucune volont\u00e9 de revendication politique ou ce genre de trucs, il\u00a0 a juste fait \u00e7a pour s&rsquo;amuser et faire r\u00e9agir<\/strong>. On est forc\u00e9s de constater que \u00e7a a bien march\u00e9 ! Au-del\u00e0 de la cover, on vous invite vivement \u00e0 checker l&rsquo;album, qui renferme quelques belles p\u00e9pites avec de tr\u00e8s gros noms en featuring.<\/p>\n<blockquote class=\"twitter-tweet\"><p>&#13;<\/p>\n<p dir=\"ltr\" lang=\"en\">Young Thug Breaks Down His Whiteface Move on UY SCUTI \u2014 Why He Did It &amp; What He Means By It<\/p>\n<p>\u2014 <a href=\"https:\/\/twitter.com\/hashtag\/youngthug?src=hash&amp;ref_src=twsrc%5Etfw\" rel=\"nofollow noopener\" target=\"_blank\">#youngthug<\/a> <a href=\"https:\/\/twitter.com\/hashtag\/uyscuti?src=hash&amp;ref_src=twsrc%5Etfw\" rel=\"nofollow noopener\" target=\"_blank\">#uyscuti<\/a> on It\u2019s Up There Podcast with <a href=\"https:\/\/twitter.com\/BigLoon_?ref_src=twsrc%5Etfw\" rel=\"nofollow noopener\" target=\"_blank\">@BigLoon_<\/a> <\/p>\n<p>Rollout interview <\/p>\n<p>Thug opens up on the uproar surrounding the UY SCUTI album art \u2014 where he and his features were edited\u2026 <a href=\"https:\/\/t.co\/KatrK0gUAN\" rel=\"nofollow\">pic.twitter.com\/KatrK0gUAN<\/a><\/p>\n<p>&#13;<br \/>\n\u2014 Big Loon (@BigLoon_) <a href=\"https:\/\/twitter.com\/BigLoon_\/status\/1972369301316493689?ref_src=twsrc%5Etfw\" rel=\"nofollow noopener\" target=\"_blank\">September 28, 2025<\/a><\/p><\/blockquote>\n<p>\t\t\t\t\t\t\t\t\t\t\t\t\t\t\t\t\t\t\t<script async src=\"https:\/\/platform.twitter.com\/widgets.js\" charset=\"utf-8\"><\/script><\/p>\n","protected":false},"excerpt":{"rendered":"Le rappeur est revenu de mani\u00e8re plut\u00f4t intelligente sur la cover pol\u00e9mqiue de son nouvel album, \u00ab\u00a0UY Scuti\u00a0\u00bb,&hellip;\n","protected":false},"author":2,"featured_media":437400,"comment_status":"","ping_status":"","sticky":false,"template":"","format":"standard","meta":{"footnotes":""},"categories":[1355],"tags":[3627,3628,3626,3632,3631,3630,3629,3649,3634,3647,3663,3625,3623,3646,2163,3648,3645,58,59,3660,1011,27,3612,3620,3606,3607,3605,3608,3665,3657,3622,3613,3617,3615,3609,3614,3659,3654,3643,3653,3650,3641,3636,3642,3638,3651,3635,1361,873,12,3624,626,3639,2189,3658,1825,3618,3616,3661,3656,3619,3621,3662,3640,3664,3633,3644,3611,3610,3637,1863,2955,3655,3652],"class_list":{"0":"post-437399","1":"post","2":"type-post","3":"status-publish","4":"format-standard","5":"has-post-thumbnail","7":"category-musique","8":"tag-3627","9":"tag-3628","10":"tag-3626","11":"tag-3632","12":"tag-3631","13":"tag-3630","14":"tag-3629","15":"tag-al-peco","16":"tag-alibi","17":"tag-alpeco","18":"tag-b2o","19":"tag-banlieue","20":"tag-black","21":"tag-booba","22":"tag-chroniques","23":"tag-despo","24":"tag-diams","25":"tag-divertissement","26":"tag-entertainment","27":"tag-exclus","28":"tag-fr","29":"tag-france","30":"tag-freestyles","31":"tag-funk","32":"tag-generation","33":"tag-generation88-2","34":"tag-generations","35":"tag-generations88-2","36":"tag-generationslive","37":"tag-genratio","38":"tag-grime","39":"tag-hip","40":"tag-hip-hop","41":"tag-hiphop","42":"tag-hiphopsoul","43":"tag-hop","44":"tag-hotlist","45":"tag-james","46":"tag-k1fry","47":"tag-kerry","48":"tag-larsen","49":"tag-lim","50":"tag-lskadrille","51":"tag-mafia","52":"tag-mctyer","53":"tag-medine","54":"tag-montana","55":"tag-music","56":"tag-musique","57":"tag-news","58":"tag-noir","59":"tag-paris","60":"tag-parishiphop","61":"tag-photos","62":"tag-playlist","63":"tag-radio","64":"tag-ragga","65":"tag-rap","66":"tag-rap-francais","67":"tag-rapfr","68":"tag-reggae","69":"tag-rnb","70":"tag-roh2f","71":"tag-rue","72":"tag-ruskov-molotov","73":"tag-sefyu","74":"tag-sinik","75":"tag-sons","76":"tag-soul","77":"tag-tandem","78":"tag-us","79":"tag-videos","80":"tag-webradio","81":"tag-youssoupha"},"share_on_mastodon":{"url":"","error":"Validation failed: Text character limit of 500 exceeded"},"_links":{"self":[{"href":"https:\/\/www.europesays.com\/fr\/wp-json\/wp\/v2\/posts\/437399","targetHints":{"allow":["GET"]}}],"collection":[{"href":"https:\/\/www.europesays.com\/fr\/wp-json\/wp\/v2\/posts"}],"about":[{"href":"https:\/\/www.europesays.com\/fr\/wp-json\/wp\/v2\/types\/post"}],"author":[{"embeddable":true,"href":"https:\/\/www.europesays.com\/fr\/wp-json\/wp\/v2\/users\/2"}],"replies":[{"embeddable":true,"href":"https:\/\/www.europesays.com\/fr\/wp-json\/wp\/v2\/comments?post=437399"}],"version-history":[{"count":0,"href":"https:\/\/www.europesays.com\/fr\/wp-json\/wp\/v2\/posts\/437399\/revisions"}],"wp:featuredmedia":[{"embeddable":true,"href":"https:\/\/www.europesays.com\/fr\/wp-json\/wp\/v2\/media\/437400"}],"wp:attachment":[{"href":"https:\/\/www.europesays.com\/fr\/wp-json\/wp\/v2\/media?parent=437399"}],"wp:term":[{"taxonomy":"category","embeddable":true,"href":"https:\/\/www.europesays.com\/fr\/wp-json\/wp\/v2\/categories?post=437399"},{"taxonomy":"post_tag","embeddable":true,"href":"https:\/\/www.europesays.com\/fr\/wp-json\/wp\/v2\/tags?post=437399"}],"curies":[{"name":"wp","href":"https:\/\/api.w.org\/{rel}","templated":true}]}}