{"id":437406,"date":"2025-10-04T00:18:17","date_gmt":"2025-10-04T00:18:17","guid":{"rendered":"https:\/\/www.europesays.com\/fr\/437406\/"},"modified":"2025-10-04T00:18:17","modified_gmt":"2025-10-04T00:18:17","slug":"je-suis-venue-vous-dire-au-revoir-elodie-gossuin-la-terrible-nouvelle","status":"publish","type":"post","link":"https:\/\/www.europesays.com\/fr\/437406\/","title":{"rendered":"\u00ab\u00a0Je suis venue vous dire au revoir\u00a0\u00bb : \u00c9lodie Gossuin, la terrible nouvelle"},"content":{"rendered":"<p>      R\u00e9sum\u00e9<\/p>\n<p>\u00c9lodie Gossuin a partag\u00e9 un hommage \u00e9mouvant sur Instagram suite au d\u00e9c\u00e8s de sa chienne Idylle, accompagn\u00e9e de souvenirs marquants et de messages de soutien.<\/p>\n<p>        Sommaire<\/p>\n<p>Terrible fin de semaine pour <a href=\"https:\/\/www.public.fr\/tag\/elodie-gossuin\" rel=\"nofollow noopener\" target=\"_blank\">\u00c9lodie Gossuin<\/a>. L\u2019ancienne Miss France risque de devoir s\u00e9cher de nombreuses larmes au cours du week-end. En effet, <a href=\"https:\/\/www.public.fr\/je-veux-retrouver-mes-bebes-elodie-gossuin-a-letranger-et-plus-bouleversee-que-jamais-grosse-crise-de-larmes-dans-lavion\" rel=\"nofollow noopener\" target=\"_blank\">la maman de quatre enfants<\/a> vient de s\u2019emparer de son compte Instagram pour annoncer une triste nouvelle \u00e0 sa communaut\u00e9.<\/p>\n<p><a href=\"https:\/\/vsd.fr\/tag\/elodie-gossuin\/\" rel=\"nofollow noopener\" target=\"_blank\">Miss France 2001<\/a> vient en effet de r\u00e9v\u00e9ler qu\u2019un \u00eatre cher avait perdu la vie. Une boule de poils qui partageait sa vie depuis plusieurs ann\u00e9es :<strong> Idylle, sa chienne golden retriever,<\/strong> qui vient de s\u2019envoler comme l\u2019a tristement annonc\u00e9 sa propri\u00e9taire.\u00a0<\/p>\n<p>Une \u00e9mouvante publication Instagram pour annoncer une disparition<\/p>\n<p>Sur son compte Instagram, \u00c9lodie Gossuin a publi\u00e9 <strong>un \u00e9mouvant R\u00e9el <\/strong>dans lequel nous retrouvons de nombreux clich\u00e9s captur\u00e9s durant les diff\u00e9rents moments de la vie de l\u2019animal. Nous pouvons d\u00e9couvrir des clich\u00e9s de la chienne en compagnie de l\u2019ancienne Miss France, ses enfants, ou encore en famille \u00e0 la plage.\u00a0<\/p>\n<p>Plusieurs clich\u00e9s accompagn\u00e9s, chacun, d\u2019une l\u00e9gende. \u00c9lodie Gossuin se glissant dans la peau d\u2019Idylle pour parler \u00e0 sa place. <strong>\u00ab\u00a0Je suis venue vous dire au revoir\u00a0\u00bb<\/strong>, peut-on lire sur l\u2019une des photos.\u00a0<\/p>\n<p>La boule de poils annonce m\u00eame se rendre \u00ab\u00a0juste au paradis\u00a0\u00bb lorsque les membres de sa famille font mine de lui demander sa destination en quittant la Terre. \u00ab\u00a0Les adieux ne durent pas pour toujours\u00a0\u00bb, est-il \u00e9galement possible de lire en l\u00e9gende d\u2019un clich\u00e9 dans lequel le chien prend la pose avec\u00a0<a href=\"https:\/\/www.programme-tv.net\/biographie\/111201-lacherie-bertrand\/\" rel=\"nofollow noopener\" target=\"_blank\"><strong>Bertrand Lacherie<\/strong><\/a>, le compagnon de Miss France 2001.\u00a0<\/p>\n<p>\u00c9lodie Gossuin rend hommage \u00e0 sa chienne Idylle<\/p>\n<p>\u00ab\u00a0<strong>Tristesse et joie infinies<\/strong>. <strong>De te perdre mais de t\u2019avoir eue dans nos vies<\/strong>. Merci d\u2019avoir \u00e9t\u00e9 un amour de cr\u00e8me ma cr\u00eate d\u2019amour. \u00c0 toi notre Divine Idylle. Merci d\u2019avoir mang\u00e9 trop de g\u00e2teaux, pataug\u00e9 dans trop de boue, mis trop de poils partout, donn\u00e9 tant d\u2019amour, de nous avoir suivis partout\u00a0\u00bb, \u00e9crit en effet \u00c9lodie Gossuin pour rendre hommage \u00e0 l\u2019animal qui l\u2019a accompagn\u00e9e pendant plusieurs ann\u00e9es.\u00a0<\/p>\n<p>\u00ab\u00a0Tu es et resteras de notre famille, on t\u2019aime patate. Gratitude infinie de t\u2019avoir eue dans nos vies\u00a0\u00bb, poursuit-elle \u00e0 travers son \u00e9mouvant texte. Un hommage qui a \u00e9mu nombre des abonn\u00e9s de l\u2019ex-reine de beaut\u00e9, ainsi que de nombreuses personnalit\u00e9s. Comme le souligne T\u00e9l\u00e9-Loisirs, Aliz\u00e9e et Iris Mittenaere n\u2019ont pas h\u00e9sit\u00e9 \u00e0 lui apporter leur soutien dans cette \u00e9preuve difficile : \u00ab\u00a0Je t\u2019envoie beaucoup d\u2019amour \u00e0 toi et ta famille\u00a0\u00bb.<\/p>\n<p>      Mentionn\u00e9s dans cet article<\/p>\n<p>      Sur le m\u00eame sujet<\/p>\n","protected":false},"excerpt":{"rendered":"R\u00e9sum\u00e9 \u00c9lodie Gossuin a partag\u00e9 un hommage \u00e9mouvant sur Instagram suite au d\u00e9c\u00e8s de sa chienne Idylle, accompagn\u00e9e&hellip;\n","protected":false},"author":2,"featured_media":437407,"comment_status":"","ping_status":"","sticky":false,"template":"","format":"standard","meta":{"footnotes":""},"categories":[8],"tags":[4850,2715,58,16861,59,1011,27,2440],"class_list":{"0":"post-437406","1":"post","2":"type-post","3":"status-publish","4":"format-standard","5":"has-post-thumbnail","7":"category-divertissement","8":"tag-chien","9":"tag-disparition","10":"tag-divertissement","11":"tag-elodie-gossuin","12":"tag-entertainment","13":"tag-fr","14":"tag-france","15":"tag-instagram"},"share_on_mastodon":{"url":"https:\/\/pubeurope.com\/@fr\/115313030248791350","error":""},"_links":{"self":[{"href":"https:\/\/www.europesays.com\/fr\/wp-json\/wp\/v2\/posts\/437406","targetHints":{"allow":["GET"]}}],"collection":[{"href":"https:\/\/www.europesays.com\/fr\/wp-json\/wp\/v2\/posts"}],"about":[{"href":"https:\/\/www.europesays.com\/fr\/wp-json\/wp\/v2\/types\/post"}],"author":[{"embeddable":true,"href":"https:\/\/www.europesays.com\/fr\/wp-json\/wp\/v2\/users\/2"}],"replies":[{"embeddable":true,"href":"https:\/\/www.europesays.com\/fr\/wp-json\/wp\/v2\/comments?post=437406"}],"version-history":[{"count":0,"href":"https:\/\/www.europesays.com\/fr\/wp-json\/wp\/v2\/posts\/437406\/revisions"}],"wp:featuredmedia":[{"embeddable":true,"href":"https:\/\/www.europesays.com\/fr\/wp-json\/wp\/v2\/media\/437407"}],"wp:attachment":[{"href":"https:\/\/www.europesays.com\/fr\/wp-json\/wp\/v2\/media?parent=437406"}],"wp:term":[{"taxonomy":"category","embeddable":true,"href":"https:\/\/www.europesays.com\/fr\/wp-json\/wp\/v2\/categories?post=437406"},{"taxonomy":"post_tag","embeddable":true,"href":"https:\/\/www.europesays.com\/fr\/wp-json\/wp\/v2\/tags?post=437406"}],"curies":[{"name":"wp","href":"https:\/\/api.w.org\/{rel}","templated":true}]}}