{"id":437410,"date":"2025-10-04T00:21:10","date_gmt":"2025-10-04T00:21:10","guid":{"rendered":"https:\/\/www.europesays.com\/fr\/437410\/"},"modified":"2025-10-04T00:21:10","modified_gmt":"2025-10-04T00:21:10","slug":"en-direct-apres-laccord-du-hamas-a-son-plan-de-paix-trump-demande-a-israel-darreter-immediatement-les-bombardements-a-gaza","status":"publish","type":"post","link":"https:\/\/www.europesays.com\/fr\/437410\/","title":{"rendered":"EN DIRECT &#8211; Apr\u00e8s l\u2019accord du Hamas \u00e0 son plan de paix, Trump demande \u00e0 Isra\u00ebl d\u2019\u00abarr\u00eater imm\u00e9diatement les bombardements\u00bb \u00e0 Gaza"},"content":{"rendered":"<p class=\"fig-paragraph\">L\u2019\u00c9gypte, pays m\u00e9diateur entre Isra\u00ebl et le Hamas dans la\u00a0<a href=\"https:\/\/www.lefigaro.fr\/tag\/guerre-a-gaza\" target=\"_blank\" rel=\"nofollow noopener\" data-gtm-custom-categorie=\"navigation\" data-gtm-custom-action=\"crossclick\" data-gtm-custom-label=\"Contextuel\" data-gtm-event=\"customEventSPE\">guerre \u00e0 Gaza<\/a>, a jug\u00e9 samedi \u00abpositive\u00bb la r\u00e9ponse donn\u00e9e par le mouvement islamiste palestinien au plan de paix du Donald Trump pour faire cesser le conflit.<\/p>\n<p class=\"fig-paragraph\">L\u2019\u00c9gypte salue une \u00ab\u00e9volution positive\u00bb et esp\u00e8re qu\u2019en cons\u00e9quence les deux parties \u00abs\u2019engageront \u00e0 appliquer le plan du pr\u00e9sident Trump sur le terrain et \u00e0 mettre fin \u00e0 la guerre\u00bb, a d\u00e9clar\u00e9 le minist\u00e8re \u00e9gyptien des Affaires \u00e9trang\u00e8res dans un communiqu\u00e9 publi\u00e9 sur Facebook.<\/p>\n<p class=\"fig-paragraph\">Mercredi, le ministre des Affaires \u00e9trang\u00e8res \u00e9gyptien, Badr Abdelatty, avait affirm\u00e9 que le Hamas n\u2019avait\u00a0<a href=\"http:\/\/www.lefigaro.fr\/flash-actu\/pour-l-egypte-le-hamas-n-a-aucun-role-a-jouer-dans-l-avenir-de-gaza-20251002\" target=\"_blank\" data-fig-type=\"NewsFlash\" rel=\"noopener\" data-gtm-custom-categorie=\"navigation\" data-gtm-custom-action=\"crossclick\" data-gtm-custom-label=\"Contextuel\" data-gtm-event=\"customEventSPE\" data-fig-domain=\"LEFIGARO\">\u00abaucun r\u00f4le\u00bb dans l\u2019avenir de Gaza<\/a>. \u00abIl y a un accord total entre nous, en tant qu\u2019Arabes, en tant que musulmans, et m\u00eame parmi les membres du Hamas eux-m\u00eames. Ils comprennent tr\u00e8s bien qu\u2019ils n\u2019ont aucun r\u00f4le pour le lendemain, et c\u2019est un fait\u00bb, avait-il d\u00e9clar\u00e9 lors d\u2019une conf\u00e9rence organis\u00e9e \u00e0 Paris par l\u2019Institut fran\u00e7ais des relations internationales (Ifri).<\/p>\n","protected":false},"excerpt":{"rendered":"L\u2019\u00c9gypte, pays m\u00e9diateur entre Isra\u00ebl et le Hamas dans la\u00a0guerre \u00e0 Gaza, a jug\u00e9 samedi \u00abpositive\u00bb la r\u00e9ponse&hellip;\n","protected":false},"author":2,"featured_media":437411,"comment_status":"","ping_status":"","sticky":false,"template":"","format":"standard","meta":{"footnotes":""},"categories":[5],"tags":[259,11,260,1011,27,665,14,664,261,12,262,28],"class_list":{"0":"post-437410","1":"post","2":"type-post","3":"status-publish","4":"format-standard","5":"has-post-thumbnail","7":"category-international","8":"tag-actualite-internationale","9":"tag-actualites","10":"tag-affaires-etrangeres","11":"tag-fr","12":"tag-france","13":"tag-gaza","14":"tag-international","15":"tag-israel","16":"tag-ministere-des-affaires-etrangeres","17":"tag-news","18":"tag-politique-etrangere","19":"tag-world"},"share_on_mastodon":{"url":"https:\/\/pubeurope.com\/@fr\/115313042069043530","error":""},"_links":{"self":[{"href":"https:\/\/www.europesays.com\/fr\/wp-json\/wp\/v2\/posts\/437410","targetHints":{"allow":["GET"]}}],"collection":[{"href":"https:\/\/www.europesays.com\/fr\/wp-json\/wp\/v2\/posts"}],"about":[{"href":"https:\/\/www.europesays.com\/fr\/wp-json\/wp\/v2\/types\/post"}],"author":[{"embeddable":true,"href":"https:\/\/www.europesays.com\/fr\/wp-json\/wp\/v2\/users\/2"}],"replies":[{"embeddable":true,"href":"https:\/\/www.europesays.com\/fr\/wp-json\/wp\/v2\/comments?post=437410"}],"version-history":[{"count":0,"href":"https:\/\/www.europesays.com\/fr\/wp-json\/wp\/v2\/posts\/437410\/revisions"}],"wp:featuredmedia":[{"embeddable":true,"href":"https:\/\/www.europesays.com\/fr\/wp-json\/wp\/v2\/media\/437411"}],"wp:attachment":[{"href":"https:\/\/www.europesays.com\/fr\/wp-json\/wp\/v2\/media?parent=437410"}],"wp:term":[{"taxonomy":"category","embeddable":true,"href":"https:\/\/www.europesays.com\/fr\/wp-json\/wp\/v2\/categories?post=437410"},{"taxonomy":"post_tag","embeddable":true,"href":"https:\/\/www.europesays.com\/fr\/wp-json\/wp\/v2\/tags?post=437410"}],"curies":[{"name":"wp","href":"https:\/\/api.w.org\/{rel}","templated":true}]}}