{"id":437412,"date":"2025-10-04T00:22:11","date_gmt":"2025-10-04T00:22:11","guid":{"rendered":"https:\/\/www.europesays.com\/fr\/437412\/"},"modified":"2025-10-04T00:22:11","modified_gmt":"2025-10-04T00:22:11","slug":"marseille-six-policiers-mis-en-examen-sept-ans-apres-quangelina-a-eu-le-crane-fracasse-mediapart","status":"publish","type":"post","link":"https:\/\/www.europesays.com\/fr\/437412\/","title":{"rendered":"Marseille : six policiers mis en examen sept ans apr\u00e8s qu\u2019Angelina a eu le cr\u00e2ne fracass\u00e9 &#8211; Mediapart"},"content":{"rendered":"<ol>\n<li><a href=\"https:\/\/news.google.com\/rss\/articles\/CBMizAFBVV95cUxOYkVXanMyRDhKNzJ4djNkbTJMYV9tNHQyRFJoMGJxb0lSYWV5aUI5Y1hUNllGTjk1VjZZcXRoNnlUU3JZM08wdkhzQXJPdGxlSGh0Y05yb0N4WEFHOWdwMGFxaFlMNzdMcWhZN3BTcE5rVzljdnpsY3pGZmdodkRoU1NBQ2lxLTFmMlNxUkhvTTRWeHRGTFFEdldlS2VqRjJ2Q0lkZGhqT1ZkY3BLbFZHQzNMdE1ZQTJnaEtoWDEtNlhhbi01NVZIZkNEMTk?oc=5\" target=\"_blank\" rel=\"nofollow noopener\">Marseille : six policiers mis en examen sept ans apr\u00e8s qu\u2019Angelina a eu le cr\u00e2ne fracass\u00e9<\/a>&nbsp;&nbsp;Mediapart<\/li>\n<li><a href=\"https:\/\/news.google.com\/rss\/articles\/CBMi9AFBVV95cUxNY01kR1E4dnRHOWo2RlprRjJvT3RlSnJMVVFtTHMxbk9ELXJRaUdMVjROcDMyNDdXZEFLbm05bC1YeV84Vzg3dk56dHE1TVgwVHZ5OUQtV2FCaXNXdFV0UVFQejZsMm9VRlZJRGNWVEJ6MXBHVzJuNjBUQUdWWUdBV1V2TWhEYnA4S3Y5Ui1tQ3JIWWhrbGx1amxjQVpaWkZsTlpnazc5VWkwUDk3Y19ycEc5WkpRQzYwZGlSb1FWSVkxZTJWc0Y5R05EcEg5bkJJVV8tLXpGdDVRaWROMGUzQ2dpcmZjemlvY25xWFBzX3RSdFQz?oc=5\" target=\"_blank\" rel=\"nofollow noopener\">Passage \u00e0 tabac de Maria sur le Vieux-Port \u00e0 Marseille : deux nouveaux policiers mis en examen<\/a>&nbsp;&nbsp;La Provence<\/li>\n<li><a href=\"https:\/\/news.google.com\/rss\/articles\/CBMi4AFBVV95cUxOaF9sc2RNY0hVWVJ5dmJaWDRHSk0wbHNpcXN3T2RjUDdFbHFmZmd4QUVWQ1plcDY1d0xweVg4cGx4Zm00dnFQSmRqX2dBUi1hRU16TzZSSE44aUtRQWpoUnlUVHlDa01OTm9fMjBDMGUxbW5KVV8wUjB5UzVueXBrTTQyRkhaaE5UTVlSVXp4Um8xYnVVdFgza3BydlZBZ0tBVy1wVWJQNkJhUkRiUm5SQTVNMWtXWGhnWnpKaWstMHNUdnlGbnl5UTh3akxhSjRfVEJzZWtyRVRFTlVmSFBhcw?oc=5\" target=\"_blank\" rel=\"nofollow noopener\">Sept ans apr\u00e8s les faits, l&rsquo;affaire d&rsquo;une jeune femme tabass\u00e9e par la police ressurgit \u00e0 Marseille<\/a>&nbsp;&nbsp;Portail Orange<\/li>\n<li><a href=\"https:\/\/news.google.com\/rss\/articles\/CBMinwJBVV95cUxON2M1MlNSRHNvQ3o2d1FzU0JhSVhaeF9XZDBDa2MwamxTTDAtY0dCbFp1bUZTZzU3MF93a1IzSGpLQlVzYjdNa09wc09mN0drNFBjRTN4T1RhTE9PVXNZb1ViMXBaMHI5WXlHNS05WkFEY01DRU5jeS13UXM2Ym5GRUhNX2tSdGhtbUNabWtzNWFEUjZNeTJUdVJHY3BRdVpRWC1kdTRRcWVPQWNIQnRNeGh1VDliQjVZTHNCTlo4LWMweEJQX0x5SG52azBmVlNYSmQxM0Y4WHN0Wmd3Tk00ZVdham1uSkY3ZWVtRkU2RzJPaGNTcnNwbFJ3U1czNzRSR0t6b1dSZ0d6aEpLeng3TTJVWmcyM25oV2tYYzh5bw?oc=5\" target=\"_blank\" rel=\"nofollow noopener\">Tabassage de Maria \u00e0 Marseille en 2018 : quatre policiers mis en examen pour \u00abnon-assistance \u00e0 personne en danger<\/a>&nbsp;&nbsp;Lib\u00e9ration<\/li>\n<li><a href=\"https:\/\/news.google.com\/rss\/articles\/CBMi5wFBVV95cUxQOU90bjNzRzI3eWUyZTgzRmRWWENTZEdyREtudUZvUk5VdUNOS3p5aElVeWIwb0xFRW80OWRLd3dnQ0RNTnR3bjJaUEhTVFhIUERIREM4VDhWaF9PclRLckkzdlVWM2QwUmhmci02emVLWG5zLThtZC05X3cxSUZ6aGNVWXRjLXAyV0U3eU44QzktQ0ZnQ2RzNG5ZRE0wV2o1QlhIdEdHUWh1UmpKTVBld1hYNDVkR3hnWHVqbTE2OGo1aEpwZVc2Qk1lbHZCcDVSajA3OEZEeGtvNGx5RGVHZ1FseGlYYjg?oc=5\" target=\"_blank\" rel=\"nofollow noopener\">Passage \u00e0 tabac d\u2019une jeune femme \u00e0 Marseille en 2018 : quatre policiers mis en examen pour \u00ab non-assistance \u00e0 personne en danger \u00bb<\/a>&nbsp;&nbsp;Le Monde.fr<\/li>\n<\/ol>\n","protected":false},"excerpt":{"rendered":"Marseille : six policiers mis en examen sept ans apr\u00e8s qu\u2019Angelina a eu le cr\u00e2ne fracass\u00e9&nbsp;&nbsp;Mediapart Passage \u00e0&hellip;\n","protected":false},"author":2,"featured_media":437413,"comment_status":"","ping_status":"","sticky":false,"template":"","format":"standard","meta":{"footnotes":""},"categories":[4],"tags":[11,1011,27,23169,35088,303,884,12,1072,25,7374],"class_list":{"0":"post-437412","1":"post","2":"type-post","3":"status-publish","4":"format-standard","5":"has-post-thumbnail","7":"category-france","8":"tag-actualites","9":"tag-fr","10":"tag-france","11":"tag-gilets-jaunes","12":"tag-igpn","13":"tag-justice","14":"tag-marseille","15":"tag-news","16":"tag-police","17":"tag-republique-francaise","18":"tag-violences-policieres"},"share_on_mastodon":{"url":"https:\/\/pubeurope.com\/@fr\/115313045985738652","error":""},"_links":{"self":[{"href":"https:\/\/www.europesays.com\/fr\/wp-json\/wp\/v2\/posts\/437412","targetHints":{"allow":["GET"]}}],"collection":[{"href":"https:\/\/www.europesays.com\/fr\/wp-json\/wp\/v2\/posts"}],"about":[{"href":"https:\/\/www.europesays.com\/fr\/wp-json\/wp\/v2\/types\/post"}],"author":[{"embeddable":true,"href":"https:\/\/www.europesays.com\/fr\/wp-json\/wp\/v2\/users\/2"}],"replies":[{"embeddable":true,"href":"https:\/\/www.europesays.com\/fr\/wp-json\/wp\/v2\/comments?post=437412"}],"version-history":[{"count":0,"href":"https:\/\/www.europesays.com\/fr\/wp-json\/wp\/v2\/posts\/437412\/revisions"}],"wp:featuredmedia":[{"embeddable":true,"href":"https:\/\/www.europesays.com\/fr\/wp-json\/wp\/v2\/media\/437413"}],"wp:attachment":[{"href":"https:\/\/www.europesays.com\/fr\/wp-json\/wp\/v2\/media?parent=437412"}],"wp:term":[{"taxonomy":"category","embeddable":true,"href":"https:\/\/www.europesays.com\/fr\/wp-json\/wp\/v2\/categories?post=437412"},{"taxonomy":"post_tag","embeddable":true,"href":"https:\/\/www.europesays.com\/fr\/wp-json\/wp\/v2\/tags?post=437412"}],"curies":[{"name":"wp","href":"https:\/\/api.w.org\/{rel}","templated":true}]}}