{"id":437416,"date":"2025-10-04T00:24:14","date_gmt":"2025-10-04T00:24:14","guid":{"rendered":"https:\/\/www.europesays.com\/fr\/437416\/"},"modified":"2025-10-04T00:24:14","modified_gmt":"2025-10-04T00:24:14","slug":"ce-qui-est-mis-en-place-pour-feter-ses-60-ans","status":"publish","type":"post","link":"https:\/\/www.europesays.com\/fr\/437416\/","title":{"rendered":"ce qui est\u00a0mis en place pour f\u00eater ses 60 ans"},"content":{"rendered":"<p>1965-2025. Soixante ann\u00e9es se sont \u00e9coul\u00e9es depuis la cr\u00e9ation de l\u2019association du Foyer rural, n\u00e9e \u00e0 l\u2019initiative de Jean Berthet, premier pr\u00e9sident.<\/p>\n<p>Une quinzaine de pr\u00e9sidents se sont succ\u00e9d\u00e9 au cours de ces ann\u00e9es o\u00f9 Severin Tchabourine a \u00e9t\u00e9 r\u00e9\u00e9lu pr\u00e9sident pour la saison \u00e0 venir.<\/p>\n<p>C\u2019est en 1968, avec l\u2019appui de Marius Valois ing\u00e9nieur \u00e0 la Direction d\u00e9partementale de l\u2019agriculture (DDA) dans le cadre des 1\u00a0000 foyers pour animations&#8230;<\/p>\n","protected":false},"excerpt":{"rendered":"1965-2025. Soixante ann\u00e9es se sont \u00e9coul\u00e9es depuis la cr\u00e9ation de l\u2019association du Foyer rural, n\u00e9e \u00e0 l\u2019initiative de&hellip;\n","protected":false},"author":2,"featured_media":437417,"comment_status":"","ping_status":"","sticky":false,"template":"","format":"standard","meta":{"footnotes":""},"categories":[9653],"tags":[1111,11,2430,20130,1687,7359,1777,674,3326,1011,27,12,25,4001,20131],"class_list":{"0":"post-437416","1":"post","2":"type-post","3":"status-publish","4":"format-standard","5":"has-post-thumbnail","7":"category-saint-etienne","8":"tag-actu","9":"tag-actualites","10":"tag-auvergne-rhone-alpes","11":"tag-chambles","12":"tag-culture-loisirs","13":"tag-edition-loire-centre","14":"tag-eu","15":"tag-europe","16":"tag-fete-locale","17":"tag-fr","18":"tag-france","19":"tag-news","20":"tag-republique-francaise","21":"tag-saint-etienne","22":"tag-saint-just-saint-rambert-bassin"},"share_on_mastodon":{"url":"https:\/\/pubeurope.com\/@fr\/115313053828004077","error":""},"_links":{"self":[{"href":"https:\/\/www.europesays.com\/fr\/wp-json\/wp\/v2\/posts\/437416","targetHints":{"allow":["GET"]}}],"collection":[{"href":"https:\/\/www.europesays.com\/fr\/wp-json\/wp\/v2\/posts"}],"about":[{"href":"https:\/\/www.europesays.com\/fr\/wp-json\/wp\/v2\/types\/post"}],"author":[{"embeddable":true,"href":"https:\/\/www.europesays.com\/fr\/wp-json\/wp\/v2\/users\/2"}],"replies":[{"embeddable":true,"href":"https:\/\/www.europesays.com\/fr\/wp-json\/wp\/v2\/comments?post=437416"}],"version-history":[{"count":0,"href":"https:\/\/www.europesays.com\/fr\/wp-json\/wp\/v2\/posts\/437416\/revisions"}],"wp:featuredmedia":[{"embeddable":true,"href":"https:\/\/www.europesays.com\/fr\/wp-json\/wp\/v2\/media\/437417"}],"wp:attachment":[{"href":"https:\/\/www.europesays.com\/fr\/wp-json\/wp\/v2\/media?parent=437416"}],"wp:term":[{"taxonomy":"category","embeddable":true,"href":"https:\/\/www.europesays.com\/fr\/wp-json\/wp\/v2\/categories?post=437416"},{"taxonomy":"post_tag","embeddable":true,"href":"https:\/\/www.europesays.com\/fr\/wp-json\/wp\/v2\/tags?post=437416"}],"curies":[{"name":"wp","href":"https:\/\/api.w.org\/{rel}","templated":true}]}}