{"id":437420,"date":"2025-10-04T00:26:16","date_gmt":"2025-10-04T00:26:16","guid":{"rendered":"https:\/\/www.europesays.com\/fr\/437420\/"},"modified":"2025-10-04T00:26:16","modified_gmt":"2025-10-04T00:26:16","slug":"carrefour-television-electromenager-depuis-des-mois-des-employes-volaient-dans-un-entrepot-pres-de-nancy","status":"publish","type":"post","link":"https:\/\/www.europesays.com\/fr\/437420\/","title":{"rendered":"Carrefour. T\u00e9l\u00e9vision, \u00e9lectrom\u00e9nager&#8230; depuis des mois, des employ\u00e9s volaient dans un entrep\u00f4t pr\u00e8s de Nancy"},"content":{"rendered":"<p>            Par<br \/>\n        <strong><br \/>\n            <a href=\"https:\/\/actu.fr\/auteur\/pierre-emile-bouchy-actu-fr\" title=\"Consulter tous les articles de Paul-Emile Bouchy\" rel=\"nofollow noopener\" target=\"_blank\">Paul-Emile Bouchy<\/a><br \/>\n        <\/strong><\/p>\n<p>        Publi\u00e9 le<\/p>\n<p>            3 oct. 2025 \u00e0 18h22        <\/p>\n<p>C\u2019est une sacr\u00e9e affaire de <strong>vol en r\u00e9union<\/strong> que viennent d\u2019\u00e9lucider les enqu\u00eateurs de la <a href=\"https:\/\/actu.fr\/tag\/police\" rel=\"nofollow noopener\" target=\"_blank\">police<\/a> nationale. Depuis au moins mi-mars, <strong>cinq employ\u00e9s d\u2019une enseigne de grande distribution ont vol\u00e9 des produits<\/strong> dans un entrep\u00f4t pr\u00e8s de <a href=\"https:\/\/actu.fr\/grand-est\/nancy_54395\" rel=\"nofollow noopener\" target=\"_blank\">Nancy<\/a>. Selon nos informations, il s\u2019agirait d\u2019un magasin <a href=\"https:\/\/actu.fr\/tag\/carrefour\" rel=\"nofollow noopener\" target=\"_blank\">Carrefour<\/a>.<\/p>\n<p class=\" wall-content\">D\u2019apr\u00e8s les enqu\u00eateurs, le pr\u00e9judice serait de <strong>plusieurs dizaines de milliers d\u2019euros<\/strong>.<\/p>\n<p>Des vols avec l\u2019aide d\u2019une camionnette de l\u2019enseigne<\/p>\n<p class=\" wall-content\">Pour effectuer ces vols, <strong>les cinq employ\u00e9s utilisaient une camionnette de l\u2019enseigne<\/strong> qu\u2019ils remplissaient \u00e0 l\u2019entrep\u00f4t. Ils se rendaient ensuite sur un parking o\u00f9 <strong>ils remplissaient chacun leur voiture personnelle<\/strong>.<\/p>\n<p class=\" wall-content\">Gr\u00e2ce \u00e0 un travail d\u2019investigation, les policiers sont parvenus \u00e0 les interpeller mercredi 1er\u00a0octobre, vers 12h30, en flagrant d\u00e9lit.<\/p>\n<p>Des t\u00e9l\u00e9visions et de l\u2019\u00e9lectrom\u00e9nager retrouv\u00e9s<\/p>\n<p class=\" wall-content\">En perquisitionnant les domiciles des cinq employ\u00e9s, \u00e2g\u00e9s de 25 \u00e0 45\u00a0ans, les enqu\u00eateurs ont retrouv\u00e9<strong> des t\u00e9l\u00e9visions, des produits d\u2019\u00e9lectrom\u00e9nager neufs ou encore de l\u2019outillage<\/strong>. \u00ab\u2009Le montant du pr\u00e9judice retrouv\u00e9 est de <strong>plusieurs dizaines de milliers d\u2019euros<\/strong>\u2009\u00bb, indique la police.<\/p>\n<p class=\" wall-content\">Plac\u00e9s en garde \u00e0 vue, les cinq hommes ont reconnu les faits. Trois vont \u00eatre pr\u00e9sent\u00e9s en comparution sur reconnaissance pr\u00e9alable de culpabilit\u00e9 et deux ont re\u00e7u une convocation par officier de police judiciaire.<\/p>\n<p class=\" wall-content\">Personnalisez votre actualit\u00e9 en ajoutant vos villes et m\u00e9dias en favori avec <a href=\"https:\/\/moncompte.actu.fr\" title=\"D\u00e9couvez Mon Actu\" rel=\"nofollow noopener\" data-trk=\"{&quot;cta&quot;:{&quot;action&quot;:&quot;https:\\\/\\\/moncompte.actu.fr&quot;,&quot;category&quot;:&quot;mon compte&quot;,&quot;from&quot;:&quot;article footer&quot;,&quot;name&quot;:&quot;Mon actu&quot;,&quot;type&quot;:&quot;cta&quot;}}\" target=\"_blank\">Mon Actu<\/a>.<\/p>\n","protected":false},"excerpt":{"rendered":"Par Paul-Emile Bouchy Publi\u00e9 le 3 oct. 2025 \u00e0 18h22 C\u2019est une sacr\u00e9e affaire de vol en r\u00e9union&hellip;\n","protected":false},"author":2,"featured_media":437421,"comment_status":"","ping_status":"","sticky":false,"template":"","format":"standard","meta":{"footnotes":""},"categories":[9635],"tags":[1111,11,4304,1777,674,118,1011,27,775,1702,12,1072,25],"class_list":{"0":"post-437420","1":"post","2":"type-post","3":"status-publish","4":"format-standard","5":"has-post-thumbnail","7":"category-nancy","8":"tag-actu","9":"tag-actualites","10":"tag-carrefour","11":"tag-eu","12":"tag-europe","13":"tag-faits-divers","14":"tag-fr","15":"tag-france","16":"tag-grand-est","17":"tag-nancy","18":"tag-news","19":"tag-police","20":"tag-republique-francaise"},"share_on_mastodon":{"url":"https:\/\/pubeurope.com\/@fr\/115313061607545849","error":""},"_links":{"self":[{"href":"https:\/\/www.europesays.com\/fr\/wp-json\/wp\/v2\/posts\/437420","targetHints":{"allow":["GET"]}}],"collection":[{"href":"https:\/\/www.europesays.com\/fr\/wp-json\/wp\/v2\/posts"}],"about":[{"href":"https:\/\/www.europesays.com\/fr\/wp-json\/wp\/v2\/types\/post"}],"author":[{"embeddable":true,"href":"https:\/\/www.europesays.com\/fr\/wp-json\/wp\/v2\/users\/2"}],"replies":[{"embeddable":true,"href":"https:\/\/www.europesays.com\/fr\/wp-json\/wp\/v2\/comments?post=437420"}],"version-history":[{"count":0,"href":"https:\/\/www.europesays.com\/fr\/wp-json\/wp\/v2\/posts\/437420\/revisions"}],"wp:featuredmedia":[{"embeddable":true,"href":"https:\/\/www.europesays.com\/fr\/wp-json\/wp\/v2\/media\/437421"}],"wp:attachment":[{"href":"https:\/\/www.europesays.com\/fr\/wp-json\/wp\/v2\/media?parent=437420"}],"wp:term":[{"taxonomy":"category","embeddable":true,"href":"https:\/\/www.europesays.com\/fr\/wp-json\/wp\/v2\/categories?post=437420"},{"taxonomy":"post_tag","embeddable":true,"href":"https:\/\/www.europesays.com\/fr\/wp-json\/wp\/v2\/tags?post=437420"}],"curies":[{"name":"wp","href":"https:\/\/api.w.org\/{rel}","templated":true}]}}