{"id":437431,"date":"2025-10-04T00:34:41","date_gmt":"2025-10-04T00:34:41","guid":{"rendered":"https:\/\/www.europesays.com\/fr\/437431\/"},"modified":"2025-10-04T00:34:41","modified_gmt":"2025-10-04T00:34:41","slug":"rouen-conforte-sa-place-de-leader-versailles-se-relance-national-j9-resume","status":"publish","type":"post","link":"https:\/\/www.europesays.com\/fr\/437431\/","title":{"rendered":"Rouen conforte sa place de leader, Versailles se relance &#8211; National &#8211; J9 &#8211; R\u00e9sum\u00e9"},"content":{"rendered":"<p>Pas de gros mouvement \u00e0 signaler au terme de cette neuvi\u00e8me journ\u00e9e de National. Les forts ont gagn\u00e9, les faibles ont perdu. En haut du classement, le FC Rouen encha\u00eene un quatri\u00e8me succ\u00e8s et autant de\u00a0clean-sheets d\u2019affil\u00e9 (une premi\u00e8re depuis la mise en place de la poule unique) en assurant le service minimum face \u00e0 un courageux Stade briochin <strong>(0-1)<\/strong>, d\u00e9sesp\u00e9r\u00e9ment avant-dernier.<\/p>\n<p>Derri\u00e8re lui, le FC Versailles s\u2019est remis de sa <a target=\"_blank\" href=\"https:\/\/www.sofoot.com\/breves\/en-national-le-fc-rouen-reste-leader-le-fc-versailles-laisse-le-podium-a-dijon-et-chateauroux-renverse-caen\" rel=\"nofollow noopener\">d\u00e9faite surprise \u00e0 domicile face \u00e0 QRM<\/a> lors de la derni\u00e8re journ\u00e9e. Sur la pelouse de la lanterne rouge Bourg-en-Bresse, les Yvelinois l\u2019ont emport\u00e9 par le plus petit \u00e9cart eux aussi <strong>(0-1)<\/strong> et reviennent \u00e0 quatre points du leader.<\/p>\n<p><strong>Belle op\u00e9ration caennaise<\/strong><\/p>\n<p>Un peu plus bas, Orl\u00e9ans manque de remonter sur le podium apr\u00e8s avoir \u00e9t\u00e9 accroch\u00e9 sur la pelouse du Paris 13 Atl\u00e9tico (<strong>2-2<\/strong>, record de buts de ce multiplex). C\u2019est Dijon, qui repart, apr\u00e8s son match nul accroch\u00e9 \u00e0 Aubagne <strong>(1-1)<\/strong> avec la place de Sochaux, d\u00e9fait \u00e0 Concarneau <strong>(1-0)<\/strong>.<\/p>\n<p>Finalement, la belle op\u00e9ration du jour est \u00e0 mettre au cr\u00e9dit du Stade Malherbe de Caen. Battus par Ch\u00e2teauroux la semaine derni\u00e8re, les Normands se sont bien rattrap\u00e9s face au Puy <strong>(2-0)<\/strong> et font un bond au classement, en passant de la 9e \u00e0 la 5e place, \u00e0 deux points du podium.<\/p>\n<p>Le duel face \u00e0 Orl\u00e9ans vendredi prochain sera donc \u00e0 suivre avec une attention toute particuli\u00e8re.<\/p>\n<p><img decoding=\"async\" loading=\"lazy\" class=\"blason blason-grand\" src=\"https:\/\/www.europesays.com\/fr\/wp-content\/uploads\/2025\/09\/1758333633_934_grande.jpg\"\/> Aubagne 1-1 Dijon <img decoding=\"async\" loading=\"lazy\" class=\"blason blason-grand\" src=\"https:\/\/www.europesays.com\/fr\/wp-content\/uploads\/2025\/05\/1748120709_215_grande.jpg\"\/><br \/>\n<img decoding=\"async\" loading=\"lazy\" class=\"blason blason-grand\" src=\"https:\/\/www.europesays.com\/fr\/wp-content\/uploads\/2025\/08\/1755903859_289_grande.jpg\"\/> Bourg-en-Bresse 0-1 Versailles <img decoding=\"async\" loading=\"lazy\" class=\"blason blason-grand\" src=\"https:\/\/www.europesays.com\/fr\/wp-content\/uploads\/2025\/08\/1755903862_684_grande.jpg\"\/><br \/>\n<img decoding=\"async\" loading=\"lazy\" class=\"blason blason-grand\" src=\"https:\/\/www.europesays.com\/fr\/wp-content\/uploads\/2025\/04\/1745712670_973_grande.jpg\"\/> Caen 2-0 Le Puy-en-Velay <img decoding=\"async\" loading=\"lazy\" class=\"blason blason-grand\" src=\"https:\/\/www.europesays.com\/fr\/wp-content\/uploads\/2025\/08\/1755903862_967_grande.jpg\"\/><br \/>\n<img decoding=\"async\" loading=\"lazy\" class=\"blason blason-grand\" src=\"https:\/\/www.europesays.com\/fr\/wp-content\/uploads\/2025\/08\/1755903860_295_grande.jpg\"\/> Concarneau 1-0 Sochaux <img decoding=\"async\" loading=\"lazy\" class=\"blason blason-grand\" src=\"https:\/\/www.europesays.com\/fr\/wp-content\/uploads\/2025\/08\/1755903867_774_grande.jpg\"\/><br \/>\n<img decoding=\"async\" loading=\"lazy\" class=\"blason blason-grand\" src=\"https:\/\/www.europesays.com\/fr\/wp-content\/uploads\/2025\/09\/1758933336_900_grande.jpg\"\/> Paris 13 Atl\u00e9tico 2-2 Orl\u00e9ans <img decoding=\"async\" loading=\"lazy\" class=\"blason blason-grand\" src=\"https:\/\/www.europesays.com\/fr\/wp-content\/uploads\/2025\/08\/1755903863_8_grande.jpg\"\/><br \/>\n<img decoding=\"async\" loading=\"lazy\" class=\"blason blason-grand\" src=\"https:\/\/www.europesays.com\/fr\/wp-content\/uploads\/2025\/08\/1755903868_176_grande.jpg\"\/> QRM 1-1 Fleury 91\u00a0 <img decoding=\"async\" loading=\"lazy\" class=\"blason blason-grand\" src=\"\"\/><br \/>\n<img decoding=\"async\" loading=\"lazy\" class=\"blason blason-grand\" src=\"https:\/\/www.europesays.com\/fr\/wp-content\/uploads\/2025\/08\/1755903867_242_grande.jpg\"\/> Stade briochin 0-1 Rouen <img decoding=\"async\" loading=\"lazy\" class=\"blason blason-grand\" src=\"https:\/\/www.europesays.com\/fr\/wp-content\/uploads\/2025\/10\/grande.jpg\"\/><br \/>\n<img decoding=\"async\" loading=\"lazy\" class=\"blason blason-grand\" src=\"https:\/\/www.europesays.com\/fr\/wp-content\/uploads\/2025\/08\/1755903868_425_grande.jpg\"\/> Villefranche-Beaujolais 2-1 Ch\u00e2teauroux <img decoding=\"async\" loading=\"lazy\" class=\"blason blason-grand\" src=\"https:\/\/www.europesays.com\/fr\/wp-content\/uploads\/2025\/08\/1755903862_745_grande.jpg\"\/><br \/>\n\t\t\t\t\t\t\t\t\t\t<a class=\"lien-connexe\" href=\"https:\/\/www.sofoot.com\/breves\/en-national-le-fc-rouen-reste-leader-le-fc-versailles-laisse-le-podium-a-dijon-et-chateauroux-renverse-caen\" rel=\"nofollow noopener\" target=\"_blank\">Rouen reste leader, Versailles laisse le podium \u00e0 Dijon, Caen patine<\/a>\t\t\t\t\t<\/p>\n","protected":false},"excerpt":{"rendered":"Pas de gros mouvement \u00e0 signaler au terme de cette neuvi\u00e8me journ\u00e9e de National. Les forts ont gagn\u00e9,&hellip;\n","protected":false},"author":2,"featured_media":437432,"comment_status":"","ping_status":"","sticky":false,"template":"","format":"standard","meta":{"footnotes":""},"categories":[9587],"tags":[1111,47,11,61,69,65,64,1777,674,63,1011,27,68,66,12,62,5161,70,25,9590,67],"class_list":{"0":"post-437431","1":"post","2":"type-post","3":"status-publish","4":"format-standard","5":"has-post-thumbnail","7":"category-rouen","8":"tag-actu","9":"tag-actualite","10":"tag-actualites","11":"tag-actus-football","12":"tag-bundesliga","13":"tag-championnats-europeens","14":"tag-equipe-de-france","15":"tag-eu","16":"tag-europe","17":"tag-football","18":"tag-fr","19":"tag-france","20":"tag-ligua","21":"tag-ligue-1","22":"tag-news","23":"tag-news-foot","24":"tag-normandie","25":"tag-premier-league","26":"tag-republique-francaise","27":"tag-rouen","28":"tag-serie-a"},"share_on_mastodon":{"url":"https:\/\/pubeurope.com\/@fr\/115313094191149524","error":""},"_links":{"self":[{"href":"https:\/\/www.europesays.com\/fr\/wp-json\/wp\/v2\/posts\/437431","targetHints":{"allow":["GET"]}}],"collection":[{"href":"https:\/\/www.europesays.com\/fr\/wp-json\/wp\/v2\/posts"}],"about":[{"href":"https:\/\/www.europesays.com\/fr\/wp-json\/wp\/v2\/types\/post"}],"author":[{"embeddable":true,"href":"https:\/\/www.europesays.com\/fr\/wp-json\/wp\/v2\/users\/2"}],"replies":[{"embeddable":true,"href":"https:\/\/www.europesays.com\/fr\/wp-json\/wp\/v2\/comments?post=437431"}],"version-history":[{"count":0,"href":"https:\/\/www.europesays.com\/fr\/wp-json\/wp\/v2\/posts\/437431\/revisions"}],"wp:featuredmedia":[{"embeddable":true,"href":"https:\/\/www.europesays.com\/fr\/wp-json\/wp\/v2\/media\/437432"}],"wp:attachment":[{"href":"https:\/\/www.europesays.com\/fr\/wp-json\/wp\/v2\/media?parent=437431"}],"wp:term":[{"taxonomy":"category","embeddable":true,"href":"https:\/\/www.europesays.com\/fr\/wp-json\/wp\/v2\/categories?post=437431"},{"taxonomy":"post_tag","embeddable":true,"href":"https:\/\/www.europesays.com\/fr\/wp-json\/wp\/v2\/tags?post=437431"}],"curies":[{"name":"wp","href":"https:\/\/api.w.org\/{rel}","templated":true}]}}