{"id":437437,"date":"2025-10-04T00:38:16","date_gmt":"2025-10-04T00:38:16","guid":{"rendered":"https:\/\/www.europesays.com\/fr\/437437\/"},"modified":"2025-10-04T00:38:16","modified_gmt":"2025-10-04T00:38:16","slug":"previsions-du-samedi-4-octobre-2025-7","status":"publish","type":"post","link":"https:\/\/www.europesays.com\/fr\/437437\/","title":{"rendered":"pr\u00e9visions du samedi 4 octobre 2025"},"content":{"rendered":"<p class=\"mb-4 text-lg md:leading-8 break-words\"><strong>M\u00e9t\u00e9o &#8211; On annonce une embellie pour cette journ\u00e9e. Les temp\u00e9ratures seront de 14\u00b0C le matin et de 16\u00b0C l&rsquo;apr\u00e8s-midi&#8230;<\/strong><\/p>\n<p class=\"mb-4 text-lg md:leading-8 break-words\">\u00c0 Rennes, les maximales iront jusqu&rsquo;\u00e0 17\u00b0C dans la journ\u00e9e alors que les minimales seront de 11\u00b0C. Un vent de nord-ouest, enregistrant 31 km\/h, soufflera. Il va y avoir des nuages avant que le soleil ne puisse faire son apparition pendant la matin\u00e9e. Des pluies \u00e9parses sont attendues. Les temp\u00e9ratures avoisineront les 14\u00b0C. Des \u00e9claircies appara\u00eetront dans l&rsquo;apr\u00e8s-midi. Les valeurs s&rsquo;\u00e9chelonneront entre 14 et 17\u00b0C. Il va faire 11\u00b0C en moyenne le soir. On pr\u00e9voit une nuit avec un ciel plut\u00f4t clair.<\/p>\n<p class=\"mb-4 text-lg md:leading-8 break-words\">Le soleil appara\u00eet l\u00e9g\u00e8rement demain. Ces \u00e9claircies devraient ravir les Rennais. Une diminution des temp\u00e9ratures est \u00e0 pr\u00e9voir. Les valeurs afficheront entre 8 et 18\u00b0C. Un vent de nord-ouest rafra\u00eechira sensiblement l&rsquo;atmosph\u00e8re. Il fera en moyenne 13\u00b0C, le matin. Un temps plus chaud est \u00e0 pr\u00e9voir demain apr\u00e8s-midi \u00e9tant donn\u00e9 que les temp\u00e9ratures vont conna\u00eetre une hausse. Les valeurs seront comprises entre 15 et 18\u00b0C. Le ciel sera relativement lumineux, avec quelques \u00e9claircies demain soir. On anticipe des temp\u00e9ratures avoisinant 11\u00b0C.<\/p>\n<p class=\"mb-4 text-lg md:leading-8 break-words\">Les jours qui suivent s&rsquo;annoncent identiques. Le temps sera ensoleill\u00e9 avec des temp\u00e9ratures autour de 16\u00b0C.<\/p>\n<p class=\"mb-4 text-lg md:leading-8 break-words\"><a href=\"https:\/\/www.20minutes.fr\/planete\/previsions-meteo\/4177115-20251004-meteo-rennes-previsions-samedi-4-octobre-2025?at_medium=RSS%20feed&amp;at_campaign=ynews&amp;utm_source=yahoo&amp;utm_medium=rss&amp;utm_campaign=news_feed&amp;utm_content=read_more_link&quot;\" rel=\"nofollow noopener\" target=\"_blank\" data-ylk=\"slk:Lire la suite sur 20minutes;elm:context_link;itc:0;sec:content-canvas\" class=\"link \">Lire la suite sur 20minutes<\/a><\/p>\n","protected":false},"excerpt":{"rendered":"M\u00e9t\u00e9o &#8211; On annonce une embellie pour cette journ\u00e9e. Les temp\u00e9ratures seront de 14\u00b0C le matin et de&hellip;\n","protected":false},"author":2,"featured_media":437438,"comment_status":"","ping_status":"","sticky":false,"template":"","format":"standard","meta":{"footnotes":""},"categories":[2821],"tags":[1111,11,829,1777,674,1011,27,51394,44166,2487,12,584,25],"class_list":{"0":"post-437437","1":"post","2":"type-post","3":"status-publish","4":"format-standard","5":"has-post-thumbnail","7":"category-rennes","8":"tag-actu","9":"tag-actualites","10":"tag-bretagne","11":"tag-eu","12":"tag-europe","13":"tag-fr","14":"tag-france","15":"tag-la-matinee","16":"tag-le-matin","17":"tag-meteo","18":"tag-news","19":"tag-rennes","20":"tag-republique-francaise"},"share_on_mastodon":{"url":"https:\/\/pubeurope.com\/@fr\/115313109040749286","error":""},"_links":{"self":[{"href":"https:\/\/www.europesays.com\/fr\/wp-json\/wp\/v2\/posts\/437437","targetHints":{"allow":["GET"]}}],"collection":[{"href":"https:\/\/www.europesays.com\/fr\/wp-json\/wp\/v2\/posts"}],"about":[{"href":"https:\/\/www.europesays.com\/fr\/wp-json\/wp\/v2\/types\/post"}],"author":[{"embeddable":true,"href":"https:\/\/www.europesays.com\/fr\/wp-json\/wp\/v2\/users\/2"}],"replies":[{"embeddable":true,"href":"https:\/\/www.europesays.com\/fr\/wp-json\/wp\/v2\/comments?post=437437"}],"version-history":[{"count":0,"href":"https:\/\/www.europesays.com\/fr\/wp-json\/wp\/v2\/posts\/437437\/revisions"}],"wp:featuredmedia":[{"embeddable":true,"href":"https:\/\/www.europesays.com\/fr\/wp-json\/wp\/v2\/media\/437438"}],"wp:attachment":[{"href":"https:\/\/www.europesays.com\/fr\/wp-json\/wp\/v2\/media?parent=437437"}],"wp:term":[{"taxonomy":"category","embeddable":true,"href":"https:\/\/www.europesays.com\/fr\/wp-json\/wp\/v2\/categories?post=437437"},{"taxonomy":"post_tag","embeddable":true,"href":"https:\/\/www.europesays.com\/fr\/wp-json\/wp\/v2\/tags?post=437437"}],"curies":[{"name":"wp","href":"https:\/\/api.w.org\/{rel}","templated":true}]}}