{"id":437447,"date":"2025-10-04T00:44:12","date_gmt":"2025-10-04T00:44:12","guid":{"rendered":"https:\/\/www.europesays.com\/fr\/437447\/"},"modified":"2025-10-04T00:44:12","modified_gmt":"2025-10-04T00:44:12","slug":"previsions-du-samedi-4-octobre-2025-9","status":"publish","type":"post","link":"https:\/\/www.europesays.com\/fr\/437447\/","title":{"rendered":"pr\u00e9visions du samedi 4 octobre 2025"},"content":{"rendered":"<p class=\"mb-4 text-lg md:leading-8 break-words\"><strong>M\u00e9t\u00e9o &#8211; La journ\u00e9e va rester couverte \u00e0 cause de nuages qui persistent dans le ciel. Des pluies \u00e9parses tomberont. Les temp\u00e9ratures seront de 15\u00b0C la matin\u00e9e et de 17\u00b0C l&rsquo;apr\u00e8s-midi&#8230;<\/strong><\/p>\n<p class=\"mb-4 text-lg md:leading-8 break-words\">Aujourd&rsquo;hui, le soleil sera dissimul\u00e9 derri\u00e8re des nuages \u00e0 Nantes, o\u00f9 le ciel sera voil\u00e9. On anticipe des valeurs d&rsquo;environ 15\u00b0C. La grisaille ne se disperse toujours pas, il y aura encore des nuages le matin. Il faudra s&rsquo;attendre \u00e0 des perturbations, les Nantais se retrouveront sous des pluies \u00e9parses. Il fera 15\u00b0C en moyenne. Un vent de nord-ouest est pr\u00e9vu : il soufflera \u00e0 28 km\/h. Le soleil appara\u00eet l\u00e9g\u00e8rement l&rsquo;apr\u00e8s-midi. Ces \u00e9claircies devraient ravir les habitants. Les temp\u00e9ratures s&rsquo;\u00e9chelonneront entre 15 et 18\u00b0C. Pendant que vous dormirez, dans la nuit de samedi \u00e0 dimanche, le ciel sera clair.<\/p>\n<p class=\"mb-4 text-lg md:leading-8 break-words\">Une chute des temp\u00e9ratures est attendue \u00e0 Nantes, demain. Les valeurs afficheront entre 9 et 19\u00b0C. Un vent de nord-ouest rafra\u00eechira l\u00e9g\u00e8rement l&rsquo;atmosph\u00e8re. Le matin, le soleil va progressivement supplanter les nuages. Demain apr\u00e8s-midi, les Nantais vont pouvoir profiter d&rsquo;un soleil radieux. Les temp\u00e9ratures vont conna\u00eetre une hausse de plusieurs degr\u00e9s. Les valeurs seront de 16\u00b0C au minimum et de 19\u00b0C au maximum. Apr\u00e8s un bref \u00e9pisode nuageux, le ciel va s&rsquo;\u00e9claircir au cours de la soir\u00e9e. Les valeurs tourneront autour des 12\u00b0C.<\/p>\n<p class=\"mb-4 text-lg md:leading-8 break-words\">Peu d&rsquo;\u00e9volutions pour la suite. Il va faire un temps assez ensoleill\u00e9 avec des temp\u00e9ratures avoisinant 16\u00b0C.<\/p>\n<p class=\"mb-4 text-lg md:leading-8 break-words\"><a href=\"https:\/\/www.20minutes.fr\/planete\/previsions-meteo\/4177111-20251004-meteo-nantes-previsions-samedi-4-octobre-2025?at_medium=RSS%20feed&amp;at_campaign=ynews&amp;utm_source=yahoo&amp;utm_medium=rss&amp;utm_campaign=news_feed&amp;utm_content=read_more_link&quot;\" rel=\"nofollow noopener\" target=\"_blank\" data-ylk=\"slk:Lire la suite sur 20minutes;elm:context_link;itc:0;sec:content-canvas\" class=\"link \">Lire la suite sur 20minutes<\/a><\/p>\n","protected":false},"excerpt":{"rendered":"M\u00e9t\u00e9o &#8211; La journ\u00e9e va rester couverte \u00e0 cause de nuages qui persistent dans le ciel. Des pluies&hellip;\n","protected":false},"author":2,"featured_media":437448,"comment_status":"","ping_status":"","sticky":false,"template":"","format":"standard","meta":{"footnotes":""},"categories":[2818],"tags":[1111,11,1777,674,1011,27,6172,766,12,2636,25],"class_list":{"0":"post-437447","1":"post","2":"type-post","3":"status-publish","4":"format-standard","5":"has-post-thumbnail","7":"category-nantes","8":"tag-actu","9":"tag-actualites","10":"tag-eu","11":"tag-europe","12":"tag-fr","13":"tag-france","14":"tag-le-soleil","15":"tag-nantes","16":"tag-news","17":"tag-pays-de-la-loire","18":"tag-republique-francaise"},"share_on_mastodon":{"url":"https:\/\/pubeurope.com\/@fr\/115313132383952986","error":""},"_links":{"self":[{"href":"https:\/\/www.europesays.com\/fr\/wp-json\/wp\/v2\/posts\/437447","targetHints":{"allow":["GET"]}}],"collection":[{"href":"https:\/\/www.europesays.com\/fr\/wp-json\/wp\/v2\/posts"}],"about":[{"href":"https:\/\/www.europesays.com\/fr\/wp-json\/wp\/v2\/types\/post"}],"author":[{"embeddable":true,"href":"https:\/\/www.europesays.com\/fr\/wp-json\/wp\/v2\/users\/2"}],"replies":[{"embeddable":true,"href":"https:\/\/www.europesays.com\/fr\/wp-json\/wp\/v2\/comments?post=437447"}],"version-history":[{"count":0,"href":"https:\/\/www.europesays.com\/fr\/wp-json\/wp\/v2\/posts\/437447\/revisions"}],"wp:featuredmedia":[{"embeddable":true,"href":"https:\/\/www.europesays.com\/fr\/wp-json\/wp\/v2\/media\/437448"}],"wp:attachment":[{"href":"https:\/\/www.europesays.com\/fr\/wp-json\/wp\/v2\/media?parent=437447"}],"wp:term":[{"taxonomy":"category","embeddable":true,"href":"https:\/\/www.europesays.com\/fr\/wp-json\/wp\/v2\/categories?post=437447"},{"taxonomy":"post_tag","embeddable":true,"href":"https:\/\/www.europesays.com\/fr\/wp-json\/wp\/v2\/tags?post=437447"}],"curies":[{"name":"wp","href":"https:\/\/api.w.org\/{rel}","templated":true}]}}