{"id":437449,"date":"2025-10-04T00:45:25","date_gmt":"2025-10-04T00:45:25","guid":{"rendered":"https:\/\/www.europesays.com\/fr\/437449\/"},"modified":"2025-10-04T00:45:25","modified_gmt":"2025-10-04T00:45:25","slug":"entre-ciel-et-terre-les-villages-suspendus-de-jean-michel-caillebotte-a-voir-pres-de-bordeaux","status":"publish","type":"post","link":"https:\/\/www.europesays.com\/fr\/437449\/","title":{"rendered":"entre ciel et terre, les villages suspendus de Jean-Michel Caillebotte\u00a0\u00e0 voir pr\u00e8s de Bordeaux"},"content":{"rendered":"<p>Ils se nichent en hauteur, \u00e0\u00a04 ou 6\u00a0m\u00e8tres du sol. Sur l\u2019ossature d\u2019une ancienne \u00e9curie, dans une bambouseraie, aux murs d\u2019une chartreuse ou dans les arbres. \u00c9tranges abris qui s\u2019animent au gr\u00e9 de sons et de mouvements. On s\u2019approche, on l\u00e8ve la t\u00eate, on observe, on \u00e9coute ces villages suspendus qui invitent \u00e0 la contemplation.<\/p>\n<p>Ils sont quatre, chacun avec sa singularit\u00e9. Le premier rappelle les nids ing\u00e9nieux des oiseaux, d\u2019o\u00f9 s\u2019\u00e9chappent bruissements, p\u00e9piements, babillements\u00a0: indice du glissement \u00e0 venir. Les trois autres transposent ces refuges saisonniers en formes d\u2019habitat humaines, ing\u00e9nieuses et adaptatives\u00a0\u00e9voquant d\u2019autres mani\u00e8res d\u2019habiter le monde\u00a0: favelas, caravanes, villages flottants. \u00c0 chaque fois, une immersion diff\u00e9rente\u00a0: berceuse, zip d\u2019une tente, tintement de casserole accompagn\u00e9 de volutes de fum\u00e9e, fr\u00e9missement d\u2019un rideau au souffle d\u2019une cantatrice\u2026 Mille sons, mille pr\u00e9sences.<\/p>\n<p>Souvenirs d\u2019enfance<\/p>\n<p>Aux manettes de ce projet intitul\u00e9 \u00ab\u00a0Nids\u00a0\u00bb, \u00e0 voir dans diff\u00e9rents sites de Saint-M\u00e9dard-en-Jalles dans le cadre du Festival international des arts de Bordeaux M\u00e9tropole (FAB)\u00a0: Jean-Michel Caillebotte, artiste touche-\u00e0-tout \u2013 sculpteur, sc\u00e9nographe, plasticien \u2013, qui a travaill\u00e9 une quinzaine d\u2019ann\u00e9es au sein de la compagnie Royal de Luxe sur les c\u00e9l\u00e8bres g\u00e9ants.<\/p>\n<p>\u00ab\u00a0Le projet est n\u00e9 pendant le Covid, raconte-t-il. J\u2019\u00e9tais au t\u00e9l\u00e9phone avec un ami. Il me disait\u00a0: \u2018\u2018Ne t\u2019arr\u00eate jamais\u00a0: travaille, travaille\u00a0!\u2019\u2019 \u00c0 ce moment pr\u00e9cis, un oiseau est pass\u00e9 au-dessus de la palissade. J\u2019ai pens\u00e9\u00a0: \u2018\u2018Lui, il s\u2019en fiche que tout soit arr\u00eat\u00e9. Il n\u2019a pas de fronti\u00e8res\u2026\u2019\u2019 En une matin\u00e9e, le projet \u00e9tait boucl\u00e9.\u00a0\u00bb<\/p>\n<blockquote><p>\u00ab\u00a0Le projet est n\u00e9 pendant le Covid. J\u2019\u00e9tais au t\u00e9l\u00e9phone avec un ami. Il me disait\u00a0: \u2018\u2018Ne t\u2019arr\u00eate jamais\u00a0: travaille, travaille\u00a0!\u2019\u2019 \u00bb<\/p><\/blockquote>\n<p>Deux ann\u00e9es suppl\u00e9mentaires seront n\u00e9cessaires pour fa\u00e7onner ces \u00ab\u00a0Nids\u00a0\u00bb, ces \u00ab\u00a0intouchables\u00a0\u00bb comme il les appelle. \u00ab\u00a0J\u2019ai puis\u00e9 dans mes souvenirs d\u2019enfance\u00a0: les hirondelles \u00e0 la ferme\u00a0\u00bb, poursuit ce fils de paysan normand. \u00ab\u00a0C\u2019est de l\u00e0 qu\u2019est partie la trame\u00a0: comment raconter cette histoire qui r\u00e9sonne aujourd\u2019hui, dans une \u00e9poque si clivante\u00a0? Comment parler, de mani\u00e8re ouverte et po\u00e9tique, de celui qui arrive, de celui qu\u2019on ne conna\u00eet pas\u00a0? L\u2019oiseau s\u2019est impos\u00e9 aussit\u00f4t.\u00a0\u00bb Et avec lui, \u00e0 travers lui, chaque visiteur peut suspendre son regard, tendre l\u2019oreille et se laisser emporter par ces mondes en apesanteur.<\/p>\n<p>\u00ab\u00a0Nids\u00a0\u00bb, en acc\u00e8s libre jusqu\u2019au samedi 11\u00a0octobre (sauf lundi) de midi \u00e0 20\u00a0heures. Parc de l\u2019Ing\u00e9nieur, Jardin de la maison paroissiale, Jardin secret et parc du Bourdieu, Saint-M\u00e9dard-en-Jalles. Visites guid\u00e9es avec Jean-Michel Caillebotte\u00a0: samedi 4\u00a0octobre \u00e0 11\u00a0heures et 14\u00a0heures, dimanche 5\u00a0octobre \u00e0 15\u00a0heures (RDV point info, parc du Bourdieu). Plus d\u2019infos\u00a0: <a href=\"https:\/\/fab.festivalbordeaux.com\/\" target=\"_blank\" rel=\"nofollow noopener\">fab.festivalbordeaux.com<\/a><\/p>\n","protected":false},"excerpt":{"rendered":"Ils se nichent en hauteur, \u00e0\u00a04 ou 6\u00a0m\u00e8tres du sol. Sur l\u2019ossature d\u2019une ancienne \u00e9curie, dans une bambouseraie,&hellip;\n","protected":false},"author":2,"featured_media":437450,"comment_status":"","ping_status":"","sticky":false,"template":"","format":"standard","meta":{"footnotes":""},"categories":[2817],"tags":[1111,11,1997,1777,674,1011,27,12,2219,25],"class_list":{"0":"post-437449","1":"post","2":"type-post","3":"status-publish","4":"format-standard","5":"has-post-thumbnail","7":"category-bordeaux","8":"tag-actu","9":"tag-actualites","10":"tag-bordeaux","11":"tag-eu","12":"tag-europe","13":"tag-fr","14":"tag-france","15":"tag-news","16":"tag-nouvelle-aquitaine","17":"tag-republique-francaise"},"share_on_mastodon":{"url":"https:\/\/pubeurope.com\/@fr\/115313136431262197","error":""},"_links":{"self":[{"href":"https:\/\/www.europesays.com\/fr\/wp-json\/wp\/v2\/posts\/437449","targetHints":{"allow":["GET"]}}],"collection":[{"href":"https:\/\/www.europesays.com\/fr\/wp-json\/wp\/v2\/posts"}],"about":[{"href":"https:\/\/www.europesays.com\/fr\/wp-json\/wp\/v2\/types\/post"}],"author":[{"embeddable":true,"href":"https:\/\/www.europesays.com\/fr\/wp-json\/wp\/v2\/users\/2"}],"replies":[{"embeddable":true,"href":"https:\/\/www.europesays.com\/fr\/wp-json\/wp\/v2\/comments?post=437449"}],"version-history":[{"count":0,"href":"https:\/\/www.europesays.com\/fr\/wp-json\/wp\/v2\/posts\/437449\/revisions"}],"wp:featuredmedia":[{"embeddable":true,"href":"https:\/\/www.europesays.com\/fr\/wp-json\/wp\/v2\/media\/437450"}],"wp:attachment":[{"href":"https:\/\/www.europesays.com\/fr\/wp-json\/wp\/v2\/media?parent=437449"}],"wp:term":[{"taxonomy":"category","embeddable":true,"href":"https:\/\/www.europesays.com\/fr\/wp-json\/wp\/v2\/categories?post=437449"},{"taxonomy":"post_tag","embeddable":true,"href":"https:\/\/www.europesays.com\/fr\/wp-json\/wp\/v2\/tags?post=437449"}],"curies":[{"name":"wp","href":"https:\/\/api.w.org\/{rel}","templated":true}]}}