{"id":437455,"date":"2025-10-04T00:48:12","date_gmt":"2025-10-04T00:48:12","guid":{"rendered":"https:\/\/www.europesays.com\/fr\/437455\/"},"modified":"2025-10-04T00:48:12","modified_gmt":"2025-10-04T00:48:12","slug":"qui-est-jade-venue-tout-droit-de-toulouse-qui-a-integre-la-telerealite-la-villa-des-coeurs-brises","status":"publish","type":"post","link":"https:\/\/www.europesays.com\/fr\/437455\/","title":{"rendered":"Qui est Jade, venue tout droit de Toulouse qui a int\u00e9gr\u00e9 la t\u00e9l\u00e9r\u00e9alit\u00e9 La villa des c\u0153urs bris\u00e9s\u00a0?"},"content":{"rendered":"<p>            Par<br \/>\n        <strong><br \/>\n            <a href=\"https:\/\/actu.fr\/auteur\/lea-afonso\" title=\"Consulter tous les articles de L\u00e9a Afonso\" rel=\"nofollow noopener\" target=\"_blank\">L\u00e9a Afonso<\/a><br \/>\n        <\/strong><\/p>\n<p>        Publi\u00e9 le<\/p>\n<p>            3 oct. 2025 \u00e0 18h06        <\/p>\n<p>\u00c0 <a href=\"https:\/\/actu.fr\/toulouse\/\" rel=\"nofollow noopener\" target=\"_blank\">Toulouse<\/a>, les<strong> candidats de t\u00e9l\u00e9-r\u00e9alit\u00e9<\/strong> ne manquent pas. De Jesta et In\u00e8s, r\u00e9v\u00e9l\u00e9es dans Koh-Lanta, \u00e0 Gabano, aper\u00e7u dans Les Princes de l\u2019Amour et bien d\u2019autres, la Ville rose a d\u00e9j\u00e0 fourni son lot de visages embl\u00e9matiques au petit \u00e9cran. La derni\u00e8re en date s\u2019appelle <strong>Jade<\/strong>. \u00c0 seulement <strong>24\u00a0ans<\/strong>, elle a int\u00e9gr\u00e9, mi-septembre\u00a02025, le casting de la dixi\u00e8me saison de<strong> La Villa des c\u0153urs bris\u00e9s.<\/strong><\/p>\n<p>Une nouvelle Toulousaine dans l\u2019aventure<\/p>\n<p class=\" wall-content\">Diffus\u00e9e depuis d\u00e9j\u00e0 dix saisons, l\u2019\u00e9mission de TFX est un rendez-vous bien connu des amateurs de t\u00e9l\u00e9-r\u00e9alit\u00e9. Son principe\u2009: des candidats au c\u0153ur meurtri viennent tenter de r\u00e9soudre leurs probl\u00e9matiques sentimentales, \u00e9paul\u00e9s par une \u00ab\u2009love coach\u2009\u00bb. Trahisons, rapprochements, histoires d\u2019amiti\u00e9\u2026 chaque saison apporte son lot de rebondissements.<\/p>\n<p class=\" wall-content\">Pour cette nouvelle \u00e9dition, c\u2019est <strong>Jade<\/strong>, une <strong>Toulousaine<\/strong> au caract\u00e8re <strong>solaire et affirm\u00e9<\/strong>, qui fait son entr\u00e9e dans la villa.<\/p>\n<p>Une arriv\u00e9e remarqu\u00e9e<\/p>\n<p class=\" wall-content\">Lors de sa premi\u00e8re apparition, Jade a marqu\u00e9 les esprits. V\u00eatue d\u2019une robe couleur vert d\u2019eau et perch\u00e9e sur des talons, ses cheveux blonds parfaitement liss\u00e9s, elle s\u2019est pr\u00e9sent\u00e9e en tant que pr\u00e9tendante face aux candidats masculins d\u00e9j\u00e0 install\u00e9s\u2009: \u00ab<strong>\u2009Je m\u2019appelle Jade, je viens de Toulouse et j\u2019habite \u00e0 Bali<\/strong>\u2009\u00bb, a-t-elle lanc\u00e9 avec assurance.<\/p>\n<p class=\" wall-content\">Un discours qui a imm\u00e9diatement retenu l\u2019attention de Maxence, l\u2019un des candidats de la saison. Celle qui se d\u00e9crit comme <strong>\u00ab\u2009amoureuse de l\u2019amour\u2009\u00bb et \u00ab\u2009honn\u00eate en amour\u2009\u00bb<\/strong> a d\u2019ailleurs rapidement obtenu un premier rendez-vous avec lui. Entre confidences, points communs et discussions sur leurs blessures pass\u00e9es, la connexion a sembl\u00e9 se cr\u00e9er.<\/p>\n<p>Vid\u00e9os : en ce moment sur Actu<\/p>\n<p class=\" wall-content\"><a href=\"https:\/\/www.instagram.com\/p\/DO58pIQDYCR\/embed\" title=\"Ouvrir le lien sur Instagram\" rel=\"nofollow noopener\" target=\"_blank\">Visualiser le contenu sur Instagram<\/a><\/p>\n<p>Qui est Jade\u2009?<\/p>\n<p class=\" wall-content\">Au fil des \u00e9changes, la jeune femme s\u2019est d\u00e9voil\u00e9e. <strong>Install\u00e9e \u00e0 Bali<\/strong> depuis plusieurs mois, elle partage son<strong> quotidien entre e-commerce et immobilier<\/strong>. Si elle a d\u00e9cid\u00e9 de s\u2019expatrier, c\u2019est pour tourner la page d\u2019une rupture douloureuse. Dans cette nouvelle vie, elle a trouv\u00e9 du r\u00e9confort aupr\u00e8s de son chien, \u00ab\u2009Sun\u2009\u00bb, adopt\u00e9 \u00ab\u2009au moment o\u00f9 elle avait besoin de soleil\u2009\u00bb, explique-t-elle.<\/p>\n<p class=\" wall-content\">Derri\u00e8re son sourire solaire, Jade confie toutefois avoir \u00e9t\u00e9<strong> \u00ab\u2009d\u00e9\u00e7ue en amour\u2009\u00bb<\/strong> et avoue <strong>craindre \u00ab\u2009l\u2019abandon\u2009\u00bb<\/strong>. Une probl\u00e9matique qu\u2019elle esp\u00e8re pouvoir d\u00e9passer au fil de l\u2019aventure.<\/p>\n<p>Votre r\u00e9gion, votre actu !<\/p>\n<p>Recevez chaque jour les infos qui comptent pour vous.<\/p>\n<p>\t<a href=\"https:\/\/actu.fr\/newsletter\" class=\"ac-btn ac-btn--corner ac-btn--medium ac-btn--blue800\" rel=\"nofollow noopener\" target=\"_blank\">S&rsquo;incrire<\/a><br \/>\nUne Toulousaine \u00e0 suivre<\/p>\n<p class=\" wall-content\">En attendant de d\u00e9couvrir la suite de son parcours \u00e0 l\u2019\u00e9cran, Jade continue d\u2019animer activement<a href=\"https:\/\/www.tiktok.com\/@jadecastanoo?_t=zn-8yrq6wcyi9g&amp;_r=1\" rel=\"nofollow noopener\" target=\"_blank\"> ses r\u00e9seaux sociaux<\/a>, o\u00f9 elle partage aussi bien son quotidien \u00e0 Bali que son exp\u00e9rience dans l\u2019\u00e9mission.<\/p>\n<p class=\" wall-content\">Personnalisez votre actualit\u00e9 en ajoutant vos villes et m\u00e9dias en favori avec <a href=\"https:\/\/moncompte.actu.fr\" title=\"D\u00e9couvez Mon Actu\" rel=\"nofollow noopener\" data-trk=\"{&quot;cta&quot;:{&quot;action&quot;:&quot;https:\\\/\\\/moncompte.actu.fr&quot;,&quot;category&quot;:&quot;mon compte&quot;,&quot;from&quot;:&quot;article footer&quot;,&quot;name&quot;:&quot;Mon actu&quot;,&quot;type&quot;:&quot;cta&quot;}}\" target=\"_blank\">Mon Actu<\/a>.<\/p>\n<p>                    <script async src=\"\/\/www.instagram.com\/embed.js\"><\/script><script async src=\"\/\/www.tiktok.com\/embed.js\"><\/script><\/p>\n","protected":false},"excerpt":{"rendered":"Par L\u00e9a Afonso Publi\u00e9 le 3 oct. 2025 \u00e0 18h06 \u00c0 Toulouse, les candidats de t\u00e9l\u00e9-r\u00e9alit\u00e9 ne manquent&hellip;\n","protected":false},"author":2,"featured_media":437456,"comment_status":"","ping_status":"","sticky":false,"template":"","format":"standard","meta":{"footnotes":""},"categories":[2816],"tags":[1111,11,1777,674,1011,27,1305,12,2680,25,252,2312],"class_list":{"0":"post-437455","1":"post","2":"type-post","3":"status-publish","4":"format-standard","5":"has-post-thumbnail","7":"category-toulouse","8":"tag-actu","9":"tag-actualites","10":"tag-eu","11":"tag-europe","12":"tag-fr","13":"tag-france","14":"tag-lifestyle","15":"tag-news","16":"tag-occitanie","17":"tag-republique-francaise","18":"tag-television","19":"tag-toulouse"},"share_on_mastodon":{"url":"https:\/\/pubeurope.com\/@fr\/115313148226342593","error":""},"_links":{"self":[{"href":"https:\/\/www.europesays.com\/fr\/wp-json\/wp\/v2\/posts\/437455","targetHints":{"allow":["GET"]}}],"collection":[{"href":"https:\/\/www.europesays.com\/fr\/wp-json\/wp\/v2\/posts"}],"about":[{"href":"https:\/\/www.europesays.com\/fr\/wp-json\/wp\/v2\/types\/post"}],"author":[{"embeddable":true,"href":"https:\/\/www.europesays.com\/fr\/wp-json\/wp\/v2\/users\/2"}],"replies":[{"embeddable":true,"href":"https:\/\/www.europesays.com\/fr\/wp-json\/wp\/v2\/comments?post=437455"}],"version-history":[{"count":0,"href":"https:\/\/www.europesays.com\/fr\/wp-json\/wp\/v2\/posts\/437455\/revisions"}],"wp:featuredmedia":[{"embeddable":true,"href":"https:\/\/www.europesays.com\/fr\/wp-json\/wp\/v2\/media\/437456"}],"wp:attachment":[{"href":"https:\/\/www.europesays.com\/fr\/wp-json\/wp\/v2\/media?parent=437455"}],"wp:term":[{"taxonomy":"category","embeddable":true,"href":"https:\/\/www.europesays.com\/fr\/wp-json\/wp\/v2\/categories?post=437455"},{"taxonomy":"post_tag","embeddable":true,"href":"https:\/\/www.europesays.com\/fr\/wp-json\/wp\/v2\/tags?post=437455"}],"curies":[{"name":"wp","href":"https:\/\/api.w.org\/{rel}","templated":true}]}}