{"id":437467,"date":"2025-10-04T00:54:10","date_gmt":"2025-10-04T00:54:10","guid":{"rendered":"https:\/\/www.europesays.com\/fr\/437467\/"},"modified":"2025-10-04T00:54:10","modified_gmt":"2025-10-04T00:54:10","slug":"grosse-pagaille-sur-le-rer-d-et-au-depart-de-gare-de-lyon","status":"publish","type":"post","link":"https:\/\/www.europesays.com\/fr\/437467\/","title":{"rendered":"grosse pagaille sur le RER D et au d\u00e9part de gare de Lyon"},"content":{"rendered":"<p>            Par<br \/>\n        <strong><br \/>\n            <a href=\"https:\/\/actu.fr\/auteur\/redaction-paris\" title=\"Consulter tous les articles de R\u00e9daction Paris\" rel=\"nofollow noopener\" target=\"_blank\">R\u00e9daction Paris<\/a><br \/>\n        <\/strong><\/p>\n<p>        Publi\u00e9 le<\/p>\n<p>            3 oct. 2025 \u00e0 20h59        <\/p>\n<p>La tuile pour un d\u00e9but de week-end. Ce vendredi 3 octobre 2025, un <strong>incendie<\/strong> \u00e0 <a href=\"https:\/\/actu.fr\/ile-de-france\/maisons-alfort_94046\" rel=\"nofollow noopener\" target=\"_blank\">Maisons-Alfort<\/a> (Val-de-Marne) a provoqu\u00e9 l\u2019<strong>interruption du trafic sur le RER D et la ligne R<\/strong> mais aussi sur les lignes TGV au d\u00e9part et \u00e0 l\u2019arriv\u00e9e de Gare de Lyon \u00e0 Paris. Si le trafic a repris vers 19 heures sur la ligne D, de gros retards persistent toutefois. Quant au sinistre, il s\u2019agissait d\u2019un<strong> feu de toit<\/strong> qui n\u2019a fait<strong> aucune victime<\/strong>.<\/p>\n<p>Une reprise progressive<\/p>\n<p class=\" wall-content\">Vers 17h30 un incendie aux abords des voies a provoqu\u00e9 l\u2019interruption du trafic \u00ab\u00a0pour faciliter l\u2019intervention des pompiers\u00a0\u00bb, indiquait alors le compte X de la ligne D. En cons\u00e9quence, le trafic \u00e9tait interrompu entre Paris Gare de Lyon et Villeneuve-Saint-Georges jusqu\u2019\u00e0 19 heures. Il a repris progressivement vers 19h15.\u00a0<\/p>\n<p class=\" wall-content\">\n<p class=\" wall-content\">Vers 21 heures, la SNCF pr\u00e9cisait toutefois que des<strong> allongements de temps de parcours<\/strong> allant jusqu\u2019\u00e0 60 minutes \u00e9taient encore \u00e0 pr\u00e9voir. Sur la ligne R, le trafic est fortement ralenti entre Paris Gare de Lyon et Montargis et entre Paris Gare de Lyon et Montereau via Mor\u00eat dans les deux sens.\u00a0<\/p>\n<p class=\" wall-content\">Personnalisez votre actualit\u00e9 en ajoutant vos villes et m\u00e9dias en favori avec <a href=\"https:\/\/moncompte.actu.fr\" title=\"D\u00e9couvez Mon Actu\" rel=\"nofollow noopener\" data-trk=\"{&quot;cta&quot;:{&quot;action&quot;:&quot;https:\\\/\\\/moncompte.actu.fr&quot;,&quot;category&quot;:&quot;mon compte&quot;,&quot;from&quot;:&quot;article footer&quot;,&quot;name&quot;:&quot;Mon actu&quot;,&quot;type&quot;:&quot;cta&quot;}}\" target=\"_blank\">Mon Actu<\/a>.<\/p>\n","protected":false},"excerpt":{"rendered":"Par R\u00e9daction Paris Publi\u00e9 le 3 oct. 2025 \u00e0 20h59 La tuile pour un d\u00e9but de week-end. Ce&hellip;\n","protected":false},"author":2,"featured_media":437468,"comment_status":"","ping_status":"","sticky":false,"template":"","format":"standard","meta":{"footnotes":""},"categories":[1889],"tags":[1111,11,2430,1777,674,118,1011,27,3338,1310,2428,12,25,7759],"class_list":{"0":"post-437467","1":"post","2":"type-post","3":"status-publish","4":"format-standard","5":"has-post-thumbnail","7":"category-lyon","8":"tag-actu","9":"tag-actualites","10":"tag-auvergne-rhone-alpes","11":"tag-eu","12":"tag-europe","13":"tag-faits-divers","14":"tag-fr","15":"tag-france","16":"tag-gare-de-lyon","17":"tag-incendie","18":"tag-lyon","19":"tag-news","20":"tag-republique-francaise","21":"tag-rer-d"},"share_on_mastodon":{"url":"https:\/\/pubeurope.com\/@fr\/115313171716672635","error":""},"_links":{"self":[{"href":"https:\/\/www.europesays.com\/fr\/wp-json\/wp\/v2\/posts\/437467","targetHints":{"allow":["GET"]}}],"collection":[{"href":"https:\/\/www.europesays.com\/fr\/wp-json\/wp\/v2\/posts"}],"about":[{"href":"https:\/\/www.europesays.com\/fr\/wp-json\/wp\/v2\/types\/post"}],"author":[{"embeddable":true,"href":"https:\/\/www.europesays.com\/fr\/wp-json\/wp\/v2\/users\/2"}],"replies":[{"embeddable":true,"href":"https:\/\/www.europesays.com\/fr\/wp-json\/wp\/v2\/comments?post=437467"}],"version-history":[{"count":0,"href":"https:\/\/www.europesays.com\/fr\/wp-json\/wp\/v2\/posts\/437467\/revisions"}],"wp:featuredmedia":[{"embeddable":true,"href":"https:\/\/www.europesays.com\/fr\/wp-json\/wp\/v2\/media\/437468"}],"wp:attachment":[{"href":"https:\/\/www.europesays.com\/fr\/wp-json\/wp\/v2\/media?parent=437467"}],"wp:term":[{"taxonomy":"category","embeddable":true,"href":"https:\/\/www.europesays.com\/fr\/wp-json\/wp\/v2\/categories?post=437467"},{"taxonomy":"post_tag","embeddable":true,"href":"https:\/\/www.europesays.com\/fr\/wp-json\/wp\/v2\/tags?post=437467"}],"curies":[{"name":"wp","href":"https:\/\/api.w.org\/{rel}","templated":true}]}}