{"id":437471,"date":"2025-10-04T00:57:15","date_gmt":"2025-10-04T00:57:15","guid":{"rendered":"https:\/\/www.europesays.com\/fr\/437471\/"},"modified":"2025-10-04T00:57:15","modified_gmt":"2025-10-04T00:57:15","slug":"paris-sans-attendre-larrivee-de-shein-les-marques-presentes-au-bhv-desertent-le-grand-magasin","status":"publish","type":"post","link":"https:\/\/www.europesays.com\/fr\/437471\/","title":{"rendered":"Paris\u00a0: sans attendre l\u2019arriv\u00e9e de Shein, les marques pr\u00e9sentes au BHV d\u00e9sertent le grand magasin"},"content":{"rendered":"<p class=\"paragraph text_align_left lp-f-body-02\">Ce vendredi, les rayons du Bazar de l\u2019H\u00f4tel de Ville (BHV) \u00e0 Paris (IVe) ont vu d\u00e9filer les cartons, et des \u00e9tag\u00e8res se sont encore un peu plus vid\u00e9es. Des marques pr\u00e9sentes dans le grand magasin parisien depuis longtemps plient bagage. Et si certaines le font en r\u00e9action \u00e0 <a href=\"https:\/\/www.leparisien.fr\/economie\/consommation\/le-loup-dans-la-bergerie-cinq-minutes-pour-comprendre-larrivee-polemique-de-points-de-vente-shein-en-france-02-10-2025-75HK6Y3TE5AM7FPCEJAML67YUQ.php\" target=\"_blank\" rel=\"noreferrer nofollow noopener\">l\u2019arriv\u00e9e prochaine de la marque d\u2019ultra fast fashion Shein<\/a>, d\u2019autres avaient d\u00e9j\u00e0 pris leur d\u00e9cision avant.<\/p>\n<p class=\"paragraph text_align_left lp-f-body-02\">\u00ab On a d\u00e9cid\u00e9 de partir il y a quinze jours \u00bb, confie ainsi Guillaume Gibault, patron de la marque de sous-v\u00eatements <a href=\"https:\/\/www.leparisien.fr\/seine-saint-denis-93\/comment-le-slip-francais-sest-reinvente-a-aubervilliers-grace-aux-ouvrieres-de-la-communaute-chinoise-01-04-2025-27JTUACR2ZGEHMR453ZTX6B6I4.php\" target=\"_self\" rel=\"nofollow noopener\">Le Slip Fran\u00e7ais<\/a>. \u00ab On travaillait depuis dix ans avec le BHV, ce point de vente a fait partie de nos dix meilleures boutiques. Mais on a couru apr\u00e8s nos paiements depuis des semaines, les engagements commerciaux ne sont pas respect\u00e9s. \u00bb<\/p>\n","protected":false},"excerpt":{"rendered":"Ce vendredi, les rayons du Bazar de l\u2019H\u00f4tel de Ville (BHV) \u00e0 Paris (IVe) ont vu d\u00e9filer les&hellip;\n","protected":false},"author":2,"featured_media":437472,"comment_status":"","ping_status":"","sticky":false,"template":"","format":"standard","meta":{"footnotes":""},"categories":[1888],"tags":[1111,1928,11,1927,130,33,1777,674,1011,27,12,1926,626,1925,25],"class_list":{"0":"post-437471","1":"post","2":"type-post","3":"status-publish","4":"format-standard","5":"has-post-thumbnail","7":"category-paris","8":"tag-actu","9":"tag-actu-paris","10":"tag-actualites","11":"tag-actualites-paris","12":"tag-consommation","13":"tag-economie","14":"tag-eu","15":"tag-europe","16":"tag-fr","17":"tag-france","18":"tag-news","19":"tag-news-paris","20":"tag-paris","21":"tag-paris-news","22":"tag-republique-francaise"},"share_on_mastodon":{"url":"https:\/\/pubeurope.com\/@fr\/115313183635965376","error":""},"_links":{"self":[{"href":"https:\/\/www.europesays.com\/fr\/wp-json\/wp\/v2\/posts\/437471","targetHints":{"allow":["GET"]}}],"collection":[{"href":"https:\/\/www.europesays.com\/fr\/wp-json\/wp\/v2\/posts"}],"about":[{"href":"https:\/\/www.europesays.com\/fr\/wp-json\/wp\/v2\/types\/post"}],"author":[{"embeddable":true,"href":"https:\/\/www.europesays.com\/fr\/wp-json\/wp\/v2\/users\/2"}],"replies":[{"embeddable":true,"href":"https:\/\/www.europesays.com\/fr\/wp-json\/wp\/v2\/comments?post=437471"}],"version-history":[{"count":0,"href":"https:\/\/www.europesays.com\/fr\/wp-json\/wp\/v2\/posts\/437471\/revisions"}],"wp:featuredmedia":[{"embeddable":true,"href":"https:\/\/www.europesays.com\/fr\/wp-json\/wp\/v2\/media\/437472"}],"wp:attachment":[{"href":"https:\/\/www.europesays.com\/fr\/wp-json\/wp\/v2\/media?parent=437471"}],"wp:term":[{"taxonomy":"category","embeddable":true,"href":"https:\/\/www.europesays.com\/fr\/wp-json\/wp\/v2\/categories?post=437471"},{"taxonomy":"post_tag","embeddable":true,"href":"https:\/\/www.europesays.com\/fr\/wp-json\/wp\/v2\/tags?post=437471"}],"curies":[{"name":"wp","href":"https:\/\/api.w.org\/{rel}","templated":true}]}}