{"id":437473,"date":"2025-10-04T00:58:13","date_gmt":"2025-10-04T00:58:13","guid":{"rendered":"https:\/\/www.europesays.com\/fr\/437473\/"},"modified":"2025-10-04T00:58:13","modified_gmt":"2025-10-04T00:58:13","slug":"l1-paris-fc-2-0-lorient-mi-tps-football","status":"publish","type":"post","link":"https:\/\/www.europesays.com\/fr\/437473\/","title":{"rendered":"L1 : Paris FC 2-0 Lorient (mi-tps) &#8211; Football"},"content":{"rendered":"<p class=\"par1\">\u00c0 la pause, le Paris FC m\u00e8ne face \u00e0 Lorient (2-0), ce vendredi, en ouverture de la 7e journ\u00e9e de Ligue 1.<\/p>\n<p class=\"par1\">Les Parisiens entraient bien dans leur match, avec de l\u2019intensit\u00e9 et de la justesse dans les transmissions. Krasso pensait m\u00eame lancer id\u00e9alement les siens, mais sa premi\u00e8re r\u00e9alisation \u00e9tait annul\u00e9e pour un hors-jeu. Loin de se d\u00e9courager, le PFC poursuivait sur sa lanc\u00e9e et trouvait rapidement la faille. Sur un relais en pivot de l\u2019attaquant ivoirien, Kebbal d\u00e9clenchait une frappe crois\u00e9e du gauche qui trompait Mvogo sur sa gauche (1-0, 25e).<\/p>\n<p class=\"par1\">En pleine confiance, les hommes de St\u00e9phane Gilli accentuaient leur domination et faisaient souffrir une d\u00e9fense bretonne d\u00e9pass\u00e9e dans les duels. Sur une nouvelle acc\u00e9l\u00e9ration c\u00f4t\u00e9 gauche, Simon d\u00e9posait un centre tendu que Krasso coupait victorieusement au premier poteau pour faire le break (2-0, 30e). De leur c\u00f4t\u00e9, les Merlus n\u2019ont inqui\u00e9t\u00e9 Nkambadio qu\u2019une seule fois sur une frappe puissante de Pagis, avant qu\u2019Abergel ne manque le cadre sur une reprise.<\/p>\n<p><b><a target=\"_blank\" href=\"https:\/\/www.maxifoot-live.com\" rel=\"nofollow noopener\">Suivez l&rsquo;\u00e9volution du score de cette rencontre et le nom des buteurs en direct sur le Live-Score de Maxifoot.<\/a><\/b><\/p>\n<tr><img decoding=\"async\" src=\"https:\/\/www.europesays.com\/fr\/wp-content\/uploads\/2025\/10\/paris-fc.png\"\/><a target=\"_blank\" href=\"https:\/\/www.maxifoot.fr\/club\/paris-fc.1305.htm\" rel=\"nofollow noopener\">Paris FC<\/a> \u00a0 \u00a0<b style=\"position:relative; left:4px;\">&#8211;<\/b><br \/>\n\u00a0 \u00a0 \u00a0<a target=\"_blank\" href=\"https:\/\/www.maxifoot.fr\/club\/lorient.393.htm\" rel=\"nofollow noopener\">Lorient<\/a><img decoding=\"async\" src=\"https:\/\/www.europesays.com\/fr\/wp-content\/uploads\/2025\/09\/lorient.png\"\/><\/tr>\n<tr>\n<td colspan=\"2\" height=\"10\" style=\"height:4px; font:1px\/1px arial;\" align=\"center\"\/><\/tr>\n<tr>\n<td align=\"center\" colspan=\"2\" class=\"pos1\">\n<p>POSSESSION (%)<\/p>\n<p>61 %<\/p>\n<p>39 %<\/p>\n<\/td>\n<\/tr>\n<tr>\n<td align=\"center\" colspan=\"2\">\n<p>PASSES (r\u00e9ussies %)<\/p>\n<p>342 (94 %)<\/p>\n<p>218 (85 %)<\/p>\n<\/td>\n<\/tr>\n<tr>\n<td align=\"center\" colspan=\"2\">\n<p>TIRS (cadr\u00e9s)<\/p>\n<p>7 (2)<\/p>\n<p>3 (1)<\/p>\n<\/td>\n<\/tr>\n<tr>\n<td align=\"center\" colspan=\"2\">\n<p>CORNERS JOUES<\/p>\n<p>1<\/p>\n<p>1<\/p>\n<\/td>\n<\/tr>\n<tr>\n<td align=\"center\" colspan=\"2\">\n<p>FAUTES SUBIES<\/p>\n<p>2<\/p>\n<p>7<\/p>\n<\/td>\n<\/tr>\n<p><b>Lu  fois<\/b> &#8211;  Youcef Touaitia &#8211; 03\/10\/25 \u00e0 21h33 <a target=\"_blank\" rel=\"nofollow noopener\" class=\"impr\" href=\"https:\/\/news.maxifoot.fr\/442154\/imprime.php\" title=\"Imprimer cette breve\">\u00a0<\/a><br class=\"aut1\"\/><\/p>\n","protected":false},"excerpt":{"rendered":"\u00c0 la pause, le Paris FC m\u00e8ne face \u00e0 Lorient (2-0), ce vendredi, en ouverture de la 7e&hellip;\n","protected":false},"author":2,"featured_media":437474,"comment_status":"","ping_status":"","sticky":false,"template":"","format":"standard","meta":{"footnotes":""},"categories":[1888],"tags":[1111,1928,11,1927,1777,674,1011,27,12,1926,626,1925,25],"class_list":{"0":"post-437473","1":"post","2":"type-post","3":"status-publish","4":"format-standard","5":"has-post-thumbnail","7":"category-paris","8":"tag-actu","9":"tag-actu-paris","10":"tag-actualites","11":"tag-actualites-paris","12":"tag-eu","13":"tag-europe","14":"tag-fr","15":"tag-france","16":"tag-news","17":"tag-news-paris","18":"tag-paris","19":"tag-paris-news","20":"tag-republique-francaise"},"share_on_mastodon":{"url":"https:\/\/pubeurope.com\/@fr\/115313187663725862","error":""},"_links":{"self":[{"href":"https:\/\/www.europesays.com\/fr\/wp-json\/wp\/v2\/posts\/437473","targetHints":{"allow":["GET"]}}],"collection":[{"href":"https:\/\/www.europesays.com\/fr\/wp-json\/wp\/v2\/posts"}],"about":[{"href":"https:\/\/www.europesays.com\/fr\/wp-json\/wp\/v2\/types\/post"}],"author":[{"embeddable":true,"href":"https:\/\/www.europesays.com\/fr\/wp-json\/wp\/v2\/users\/2"}],"replies":[{"embeddable":true,"href":"https:\/\/www.europesays.com\/fr\/wp-json\/wp\/v2\/comments?post=437473"}],"version-history":[{"count":0,"href":"https:\/\/www.europesays.com\/fr\/wp-json\/wp\/v2\/posts\/437473\/revisions"}],"wp:featuredmedia":[{"embeddable":true,"href":"https:\/\/www.europesays.com\/fr\/wp-json\/wp\/v2\/media\/437474"}],"wp:attachment":[{"href":"https:\/\/www.europesays.com\/fr\/wp-json\/wp\/v2\/media?parent=437473"}],"wp:term":[{"taxonomy":"category","embeddable":true,"href":"https:\/\/www.europesays.com\/fr\/wp-json\/wp\/v2\/categories?post=437473"},{"taxonomy":"post_tag","embeddable":true,"href":"https:\/\/www.europesays.com\/fr\/wp-json\/wp\/v2\/tags?post=437473"}],"curies":[{"name":"wp","href":"https:\/\/api.w.org\/{rel}","templated":true}]}}