{"id":437490,"date":"2025-10-04T01:08:18","date_gmt":"2025-10-04T01:08:18","guid":{"rendered":"https:\/\/www.europesays.com\/fr\/437490\/"},"modified":"2025-10-04T01:08:18","modified_gmt":"2025-10-04T01:08:18","slug":"plaidoyer-pour-le-retour-du-peuple-dans-lunion-europeenne","status":"publish","type":"post","link":"https:\/\/www.europesays.com\/fr\/437490\/","title":{"rendered":"plaidoyer pour le retour du peuple dans l\u2019Union europ\u00e9enne"},"content":{"rendered":"<p>            <a href=\"https:\/\/www.lefigaro.fr\/livres\/kolkhoze-emmanuel-carrere-et-la-gloire-de-sa-mere-20251003\" class=\"fig-ranking-profile-link\" aria-label=\"Vincent Tr\u00e9molet de Villers\u00a0: \u00abKolkhoze, Emmanuel Carr\u00e8re et la gloire de sa m\u00e8re\u00bb (article Premium)\" title=\"Vincent Tr\u00e9molet de Villers\u00a0: \u00abKolkhoze, Emmanuel Carr\u00e8re et la gloire de sa m\u00e8re\u00bb (article Premium)\" data-fig-domain=\"LEFIGARO\" target=\"_blank\" rel=\"noopener\"><\/p>\n<p>        Vincent Tr\u00e9molet de Villers\u00a0: \u00abKolkhoze, Emmanuel Carr\u00e8re et la gloire de sa m\u00e8re\u00bb<\/p>\n<p>                                                <\/a><\/p>\n<p>        <img   class=\"fig-img fig-ranking-profile-media-small-picture__photo\" alt=\"Vincent Tr\u00e9molet de Villers\u00a0: \u00abKolkhoze, Emmanuel Carr\u00e8re et la gloire de sa m\u00e8re\u00bb\" height=\"1504\" width=\"2675\"\/><\/p>\n<p class=\"fig-ranking-profile-standfirst\">\n    <strong>CRITIQUE &#8211;<\/strong> En s\u2019agrippant aux branches de son arbre g\u00e9n\u00e9alogique, c\u2019est d\u2019abord son enfance que le romancier veut retrouver, mais aussi et surtout la plus grande passion de sa vie\u00a0: sa m\u00e8re, H\u00e9l\u00e8ne Carr\u00e8re d\u2019Encausse.\n<\/p>\n<p>            <a href=\"https:\/\/www.lefigaro.fr\/livres\/arthur-sort-un-premier-livre-pour-alerter-sur-la-solitude-et-la-peur-des-francais-juifs-20250930\" class=\"fig-ranking-profile-link\" data-fig-domain=\"LEFIGARO\" target=\"_blank\" rel=\"noopener\"><\/p>\n<p>        Arthur sort un premier livre pour alerter sur \u00ab\u00a0la solitude\u00a0\u00bb et \u00ab\u00a0la peur\u00a0\u00bb des Fran\u00e7ais juifs<\/p>\n<p>                                                <\/a><\/p>\n<p>        <img   class=\"fig-img fig-ranking-profile-media-small-picture__photo\" alt=\"Arthur sort un premier livre pour alerter sur \u00ab\u00a0la solitude\u00a0\u00bb et \u00ab\u00a0la peur\u00a0\u00bb des Fran\u00e7ais juifs\" height=\"1587\" width=\"2821\"\/><\/p>\n<p class=\"fig-ranking-profile-standfirst\">\n    Pilier de la cha\u00eene TF1, l\u2019animateur et producteur Arthur publie mercredi un premier ouvrage, intitul\u00e9 J\u2019ai perdu un B\u00e9douin dans Paris (Grasset). Il veut traduire \u00ab\u00a0l\u2019angoisse\u00a0\u00bb dans laquelle vit la communaut\u00e9 juive depuis le 7-Octobre.\n<\/p>\n<p>            <a href=\"https:\/\/www.lefigaro.fr\/livres\/pour-brigitte-bardot-la-droite-est-le-seul-remede-urgentissime-a-l-agonie-de-la-france-20250930\" class=\"fig-ranking-profile-link\" data-fig-domain=\"LEFIGARO\" target=\"_blank\" rel=\"noopener\"><\/p>\n<p>        Pour Brigitte Bardot, la droite est le \u00ab\u00a0seul rem\u00e8de urgentissime \u00e0 l\u2019agonie de la France\u00a0\u00bb<\/p>\n<p>                                                <\/a><\/p>\n<p>        <img   class=\"fig-img fig-ranking-profile-media-small-picture__photo\" alt=\"Pour Brigitte Bardot, la droite est le \u00ab\u00a0seul rem\u00e8de urgentissime \u00e0 l\u2019agonie de la France\u00a0\u00bb\" height=\"575\" width=\"800\"\/><\/p>\n<p class=\"fig-ranking-profile-standfirst\">\n    Pr\u00e8s de trente ans apr\u00e8s la parution de ses m\u00e9moires Initiales BB en 1996, Brigitte Bardot livre un nouveau t\u00e9moignage, attendu en librairie ce mercredi, son BBc\u00e9daire \u00e9crit de sa main.<\/p>\n","protected":false},"excerpt":{"rendered":"Vincent Tr\u00e9molet de Villers\u00a0: \u00abKolkhoze, Emmanuel Carr\u00e8re et la gloire de sa m\u00e8re\u00bb CRITIQUE &#8211; En s\u2019agrippant aux&hellip;\n","protected":false},"author":2,"featured_media":437491,"comment_status":"","ping_status":"","sticky":false,"template":"","format":"standard","meta":{"footnotes":""},"categories":[1586],"tags":[11,7756,1777,674,1779,1011,27,2003,12,25,1778,364],"class_list":{"0":"post-437490","1":"post","2":"type-post","3":"status-publish","4":"format-standard","5":"has-post-thumbnail","7":"category-europe","8":"tag-actualites","9":"tag-democratie","10":"tag-eu","11":"tag-europe","12":"tag-european-union","13":"tag-fr","14":"tag-france","15":"tag-livre","16":"tag-news","17":"tag-republique-francaise","18":"tag-ue","19":"tag-union-europeenne"},"share_on_mastodon":{"url":"https:\/\/pubeurope.com\/@fr\/115313226752265305","error":""},"_links":{"self":[{"href":"https:\/\/www.europesays.com\/fr\/wp-json\/wp\/v2\/posts\/437490","targetHints":{"allow":["GET"]}}],"collection":[{"href":"https:\/\/www.europesays.com\/fr\/wp-json\/wp\/v2\/posts"}],"about":[{"href":"https:\/\/www.europesays.com\/fr\/wp-json\/wp\/v2\/types\/post"}],"author":[{"embeddable":true,"href":"https:\/\/www.europesays.com\/fr\/wp-json\/wp\/v2\/users\/2"}],"replies":[{"embeddable":true,"href":"https:\/\/www.europesays.com\/fr\/wp-json\/wp\/v2\/comments?post=437490"}],"version-history":[{"count":0,"href":"https:\/\/www.europesays.com\/fr\/wp-json\/wp\/v2\/posts\/437490\/revisions"}],"wp:featuredmedia":[{"embeddable":true,"href":"https:\/\/www.europesays.com\/fr\/wp-json\/wp\/v2\/media\/437491"}],"wp:attachment":[{"href":"https:\/\/www.europesays.com\/fr\/wp-json\/wp\/v2\/media?parent=437490"}],"wp:term":[{"taxonomy":"category","embeddable":true,"href":"https:\/\/www.europesays.com\/fr\/wp-json\/wp\/v2\/categories?post=437490"},{"taxonomy":"post_tag","embeddable":true,"href":"https:\/\/www.europesays.com\/fr\/wp-json\/wp\/v2\/tags?post=437490"}],"curies":[{"name":"wp","href":"https:\/\/api.w.org\/{rel}","templated":true}]}}