{"id":437545,"date":"2025-10-04T01:41:16","date_gmt":"2025-10-04T01:41:16","guid":{"rendered":"https:\/\/www.europesays.com\/fr\/437545\/"},"modified":"2025-10-04T01:41:16","modified_gmt":"2025-10-04T01:41:16","slug":"entrez-dans-la-danse-pour-la-bonne-cause","status":"publish","type":"post","link":"https:\/\/www.europesays.com\/fr\/437545\/","title":{"rendered":"entrez dans la danse pour la bonne cause"},"content":{"rendered":"<p>            Par<br \/>\n        <strong><br \/>\n            <a href=\"https:\/\/actu.fr\/auteur\/metropoop\" title=\"Consulter tous les articles de R\u00e9daction M\u00e9tropolitain\" target=\"_blank\" rel=\"noopener\">R\u00e9daction M\u00e9tropolitain<\/a><br \/>\n        <\/strong><\/p>\n<p>        Publi\u00e9 le<\/p>\n<p>            3 oct. 2025 \u00e0 15h03        <\/p>\n<p>L\u2019\u00e9cole de danse p\u00e9rolienne Caract\u00e8re Class se mobilise pour <strong>Octobre Rose<\/strong>, avec deux \u00e9v\u00e9nements<strong> solidaires et dans\u00e9s<\/strong> ce vendredi 3 et samedi 4 octobre, \u00e0 Montpellier. <strong>Sans inscription<\/strong> pr\u00e9alable, avec participation libre,<strong> il reste encore des places<\/strong> pour y prendre part !\u00a0<\/p>\n<p>Un atelier gratuit et une repr\u00e9sentation publique<\/p>\n<p class=\" wall-content\">Ce<strong> vendredi 3 octobre<\/strong>, Caract\u00e8re Class propose <strong>un atelier de danse<\/strong> sp\u00e9cialement organis\u00e9 dans le cadre d\u2019Octobre Rose \u00e0 la Maison pour tous M\u00e9lina Mercourir, \u00e0 Montpellier. Une initiative qui permet \u00e0 toutes et tous, <strong>danseuses \/ danseurs confirm\u00e9s ou d\u00e9butants<\/strong>, de se retrouver autour d\u2019une passion commune tout en<strong> soutenant une cause importante<\/strong>. Nul besoin de s\u2019inscrire, il suffit de se rendre sur place \u00e0 18h.\u00a0<\/p>\n<p class=\" wall-content\">Cet atelier est \u00e9galement l\u2019occasion de d\u00e9couvrir l\u2019univers de l\u2019\u00e9cole, son approche p\u00e9dagogique et l\u2019\u00e9nergie communicative qui anime ses cours. Au-del\u00e0 de la technique, c\u2019est un moment de partage, de bienveillance et de solidarit\u00e9 qu\u2019elle souhaite offrir \u00e0 sa communaut\u00e9.<\/p>\n<p>    <a href=\"https:\/\/www.google.com\/maps\/embed?pb=!1m18!1m12!1m3!1d4844.513449611308!2d3.9056795755236586!3d43.61374567110415!2m3!1f0!2f0!3f0!3m2!1i1024!2i768!4f13.1!3m3!1m2!1s0x12b6a5873a45cafd%3A0x3bfc54bf409b2219!2sMaison%20pour%20tous%20M%C3%A9lina%20Mercouri!5e1!3m2!1sfr!2sfr!4v1759495007043!5m2!1sfr!2sfr\" title=\"Ouvrie le lien\" target=\"_blank\" rel=\"noopener\">Cliquez ici pour visualiser le contenu<\/a><\/p>\n<p>Une prestation sous les Parapluies de Montpellier<\/p>\n<p class=\" wall-content\">Le <strong>samedi 4 octobre<\/strong>, les stagiaires pr\u00e9senteront une chor\u00e9graphie sign\u00e9e Jessica Bardel, sous les parapluies roses de la rue de la loge. Cette prestation publique mettra en lumi\u00e8re<strong> le travail des \u00e9l\u00e8ves<\/strong> et <strong>l\u2019engagement de tous les participants<\/strong>. De quoi allier convivialit\u00e9 et sensibilisation \u00e0 la pr\u00e9vention ainsi qu\u2019au d\u00e9pistage du cancer du sein.<\/p>\n<p>Vid\u00e9os : en ce moment sur Actu<\/p>\n<p><strong>&gt; Pratique : <\/strong>Atelier gratuit ce vendredi 3 octobre de 18h \u00e0 20h \u00e0 la maison pour tous M\u00e9lina Mercourir, \u00e0 Montpellier puis prestation publique le samedi 4 octobre \u00e0 14h30, sous les fameux parapluies de Montpellier, rue de la loge.\u00a0<\/p>\n<p class=\" wall-content\">Personnalisez votre actualit\u00e9 en ajoutant vos villes et m\u00e9dias en favori avec <a href=\"https:\/\/moncompte.actu.fr\" title=\"D\u00e9couvez Mon Actu\" rel=\"nofollow noopener\" data-trk=\"{&quot;cta&quot;:{&quot;action&quot;:&quot;https:\\\/\\\/moncompte.actu.fr&quot;,&quot;category&quot;:&quot;mon compte&quot;,&quot;from&quot;:&quot;article footer&quot;,&quot;name&quot;:&quot;Mon actu&quot;,&quot;type&quot;:&quot;cta&quot;}}\" target=\"_blank\">Mon Actu<\/a>.<\/p>\n","protected":false},"excerpt":{"rendered":"Par R\u00e9daction M\u00e9tropolitain Publi\u00e9 le 3 oct. 2025 \u00e0 15h03 L\u2019\u00e9cole de danse p\u00e9rolienne Caract\u00e8re Class se mobilise&hellip;\n","protected":false},"author":2,"featured_media":437546,"comment_status":"","ping_status":"","sticky":false,"template":"","format":"standard","meta":{"footnotes":""},"categories":[9599],"tags":[1111,11,1777,674,1011,27,2208,12,2680,54321,25,104],"class_list":{"0":"post-437545","1":"post","2":"type-post","3":"status-publish","4":"format-standard","5":"has-post-thumbnail","7":"category-montpellier","8":"tag-actu","9":"tag-actualites","10":"tag-eu","11":"tag-europe","12":"tag-fr","13":"tag-france","14":"tag-montpellier","15":"tag-news","16":"tag-occitanie","17":"tag-octobre-rose","18":"tag-republique-francaise","19":"tag-societe"},"share_on_mastodon":{"url":"https:\/\/pubeurope.com\/@fr\/115313356588406909","error":""},"_links":{"self":[{"href":"https:\/\/www.europesays.com\/fr\/wp-json\/wp\/v2\/posts\/437545","targetHints":{"allow":["GET"]}}],"collection":[{"href":"https:\/\/www.europesays.com\/fr\/wp-json\/wp\/v2\/posts"}],"about":[{"href":"https:\/\/www.europesays.com\/fr\/wp-json\/wp\/v2\/types\/post"}],"author":[{"embeddable":true,"href":"https:\/\/www.europesays.com\/fr\/wp-json\/wp\/v2\/users\/2"}],"replies":[{"embeddable":true,"href":"https:\/\/www.europesays.com\/fr\/wp-json\/wp\/v2\/comments?post=437545"}],"version-history":[{"count":0,"href":"https:\/\/www.europesays.com\/fr\/wp-json\/wp\/v2\/posts\/437545\/revisions"}],"wp:featuredmedia":[{"embeddable":true,"href":"https:\/\/www.europesays.com\/fr\/wp-json\/wp\/v2\/media\/437546"}],"wp:attachment":[{"href":"https:\/\/www.europesays.com\/fr\/wp-json\/wp\/v2\/media?parent=437545"}],"wp:term":[{"taxonomy":"category","embeddable":true,"href":"https:\/\/www.europesays.com\/fr\/wp-json\/wp\/v2\/categories?post=437545"},{"taxonomy":"post_tag","embeddable":true,"href":"https:\/\/www.europesays.com\/fr\/wp-json\/wp\/v2\/tags?post=437545"}],"curies":[{"name":"wp","href":"https:\/\/api.w.org\/{rel}","templated":true}]}}