{"id":437549,"date":"2025-10-04T01:43:25","date_gmt":"2025-10-04T01:43:25","guid":{"rendered":"https:\/\/www.europesays.com\/fr\/437549\/"},"modified":"2025-10-04T01:43:25","modified_gmt":"2025-10-04T01:43:25","slug":"sweet-fm-salon-de-lauto-a-rouen-gagnez-vos-invitations","status":"publish","type":"post","link":"https:\/\/www.europesays.com\/fr\/437549\/","title":{"rendered":"SWEET FM &#8211; Salon de l&rsquo;auto \u00e0 Rouen : gagnez vos invitations !"},"content":{"rendered":"\n<p style=\"text-align: justify;\">Toute cette semaine, Sweet FM vous offre <strong>vos 2 entr\u00e9es pour le <a href=\"https:\/\/www.salon-auto-rouen.fr\/\" rel=\"noopener nofollow\" target=\"_blank\">Salon de l&rsquo;Auto<\/a><\/strong><a href=\"https:\/\/www.salon-auto-rouen.fr\/\" rel=\"noopener nofollow\" target=\"_blank\">,<strong> <\/strong>qui se tiendra<strong> du vendredi 24 au dimanche 26 octobre<\/strong>, au<strong> Parc des Expositions de Rouen.\u00a0<\/strong><\/p>\n<p style=\"text-align: justify;\" data-ogsb=\"white\">Le Salon Auto de Rouen arrive au Parc Expo de Rouen ces 24, 25 et 26 octobre ! Au programme : v\u00e9hicules neufs, et plus de 400 occasions, ainsi qu&rsquo;un espace \u00ab\u00a0Van Life\u00a0\u00bb, prestations de services et accessoires, mais aussi des animations 100% gratuites pour toute la famille : simulateur F1 pour tester vos r\u00e9flexes de pilote, simulateur GT pour une immersion totale, du mini karting pour les plus jeunes et des jeux gonflables pour les enfants !\u00a0<br \/>Le salon Auto de Rouen : un rendez-vous festif et accessible \u00e0 tous, o\u00f9 petits et grands trouveront leur bonheur !<\/p>\n<p style=\"text-align: justify;\">Pour tenter de remporter <strong>vos 2 invitations pour le <a href=\"https:\/\/www.salon-auto-rouen.fr\/\" rel=\"noopener nofollow\" target=\"_blank\">Salon de l&rsquo;Auto<\/a>\u00a0au Parc des Expositions de Rouen<\/strong>, inscrivez-vous d\u00e8s maintenant !\u00a0<\/p>\n<p>\u00a0<\/p>\n<p>\u00a0<\/p>\n<p><strong>Pour vous inscrire<\/strong><\/p>\n<p>Envoyez par SMS le mot cl\u00e9 <strong>SWEET <\/strong>au\u00a0<strong>7 17 17<\/strong>.<br \/>(0,75 euro\/SMS + co\u00fbt op\u00e9rateur \u00e9ventuel, jeu valable jusqu&rsquo;au vendredi 10 octobre 2025 \u00e0 19h59)<\/p>\n<p>\u00a0<br \/>\nAide, r\u00e8glement et conditions<\/p>\n<p><a href=\"https:\/\/www.sweetfm.fr\/page\/aide-foire-aux-questions-47\" title=\"Consultez la foire aux questions des inscriptions\" rel=\"nofollow noopener\" target=\"_blank\">&gt;&gt; Consultez la rubrique d&rsquo;aide !<\/a><br \/><a href=\"https:\/\/www.sweetfm.fr\/page\/reglements-des-jeux-concours-2\" rel=\"noopener nofollow\" target=\"_blank\" title=\"Consultez le r\u00e8glement des jeux de Sweet FM\">&gt;&gt; Consultez le r\u00e8glement des jeux Sweet FM !<\/a><\/p>\n","protected":false},"excerpt":{"rendered":"Toute cette semaine, Sweet FM vous offre vos 2 entr\u00e9es pour le Salon de l&rsquo;Auto, qui se tiendra&hellip;\n","protected":false},"author":2,"featured_media":437550,"comment_status":"","ping_status":"","sticky":false,"template":"","format":"standard","meta":{"footnotes":"","_share_on_mastodon":"0"},"categories":[9587],"tags":[1111,11,1977,6874,903,1777,674,1451,1011,27,51812,1197,12178,20740,12,5161,53564,25,9590,6290,53799,56487,47910,56486],"class_list":["post-437549","post","type-post","status-publish","format-standard","has-post-thumbnail","category-rouen","tag-actu","tag-actualites","tag-auto","tag-cadeau","tag-concours","tag-eu","tag-europe","tag-f1","tag-fr","tag-france","tag-gt","tag-jeu","tag-jeu-concours","tag-karting","tag-news","tag-normandie","tag-parc-expo-rouen","tag-republique-francaise","tag-rouen","tag-salon","tag-salon-de-lauto","tag-simulateur","tag-sweet-fm","tag-van-life"],"share_on_mastodon":{"url":"https:\/\/pubeurope.com\/@fr\/115313364516505720","error":""},"_links":{"self":[{"href":"https:\/\/www.europesays.com\/fr\/wp-json\/wp\/v2\/posts\/437549","targetHints":{"allow":["GET"]}}],"collection":[{"href":"https:\/\/www.europesays.com\/fr\/wp-json\/wp\/v2\/posts"}],"about":[{"href":"https:\/\/www.europesays.com\/fr\/wp-json\/wp\/v2\/types\/post"}],"author":[{"embeddable":true,"href":"https:\/\/www.europesays.com\/fr\/wp-json\/wp\/v2\/users\/2"}],"replies":[{"embeddable":true,"href":"https:\/\/www.europesays.com\/fr\/wp-json\/wp\/v2\/comments?post=437549"}],"version-history":[{"count":0,"href":"https:\/\/www.europesays.com\/fr\/wp-json\/wp\/v2\/posts\/437549\/revisions"}],"wp:featuredmedia":[{"embeddable":true,"href":"https:\/\/www.europesays.com\/fr\/wp-json\/wp\/v2\/media\/437550"}],"wp:attachment":[{"href":"https:\/\/www.europesays.com\/fr\/wp-json\/wp\/v2\/media?parent=437549"}],"wp:term":[{"taxonomy":"category","embeddable":true,"href":"https:\/\/www.europesays.com\/fr\/wp-json\/wp\/v2\/categories?post=437549"},{"taxonomy":"post_tag","embeddable":true,"href":"https:\/\/www.europesays.com\/fr\/wp-json\/wp\/v2\/tags?post=437549"}],"curies":[{"name":"wp","href":"https:\/\/api.w.org\/{rel}","templated":true}]}}