{"id":437551,"date":"2025-10-04T01:44:23","date_gmt":"2025-10-04T01:44:23","guid":{"rendered":"https:\/\/www.europesays.com\/fr\/437551\/"},"modified":"2025-10-04T01:44:23","modified_gmt":"2025-10-04T01:44:23","slug":"mamadou-garanke-boucher-de-21-ans-est-mort-en-voulant-rejoindre-langleterre","status":"publish","type":"post","link":"https:\/\/www.europesays.com\/fr\/437551\/","title":{"rendered":"Mamadou Garank\u00e9, boucher de 21 ans, est mort en voulant rejoindre l&rsquo;Angleterre"},"content":{"rendered":"<p class=\"article__intro\">Mamadou Garank\u00e9 Diallo est mort en septembre 2025. Sous le coup d&rsquo;une OQTF, ce jeune boucher de Darn\u00e9tal pr\u00e8s de Rouen, \u00e2g\u00e9 de 21 ans, tentait de rejoindre l&rsquo;Angleterre avec d&rsquo;autres migrants.<\/p>\n<p>\n      La Quotidienne Soci\u00e9t\u00e9\n    <\/p>\n<p>\n      De la vie quotidienne aux grands enjeux, recevez tous les jours les sujets qui font la soci\u00e9t\u00e9 locale, comme la justice, l\u2019\u00e9ducation, la sant\u00e9 et la famille.\n    <\/p>\n<p>    France T\u00e9l\u00e9visions utilise votre adresse e-mail afin de vous envoyer la newsletter \u00ab\u00a0La Quotidienne Soci\u00e9t\u00e9\u00a0\u00bb. Vous pouvez vous d\u00e9sinscrire \u00e0 tout moment via le lien en bas de cette newsletter. <a target=\"_blank\" href=\"https:\/\/www.francetelevisions.fr\/groupe\/confidentialite\/politique-de-confidentialite\/politique-de-confidentialite-de-france-televisions-6503\" rel=\"nofollow noopener\">Notre politique de confidentialit\u00e9<\/a><\/p>\n<p>L\u2019annonce de la mort tragique de Mamadou Garank\u00e9 Diallo a suscit\u00e9 une vague d\u2019\u00e9motion \u00e0 Darn\u00e9tal, pr\u00e8s de Rouen (Seine-Maritime).<\/p>\n<p>Dans la boucherie o\u00f9 il travaillait depuis 2020, ses patrons ne comprennent pas la mesure d\u2019OQTF (Obligation de quitter le territoire fran\u00e7ais) qui visait ce jeune homme \u00ab\u00a0tr\u00e8s s\u00e9rieux et tr\u00e8s bien int\u00e9gr\u00e9\u00a0\u00bb.<\/p>\n<p>Mamadou vivait avec une \u00e9p\u00e9e de Damocl\u00e8s depuis son arriv\u00e9e en France. Originaire de Guin\u00e9e Conakry, il \u00e9tait arriv\u00e9 seul \u00e0 Rouen \u00e0 l\u2019\u00e2ge de<strong> <\/strong>14<strong> <\/strong>ans.<\/p>\n<p>Accompagn\u00e9 par les services de l\u2019Aide Sociale \u00e0 l\u2019Enfance (ASE), Claude Renard, propri\u00e9taire de la boucherie Renard, \u00e0 Darn\u00e9tal, veut lui faire confiance et lui fait signer un contrat d\u2019apprentissage.<\/p>\n<p>Tr\u00e8s impliqu\u00e9 dans son travail et appr\u00e9ci\u00e9 par ses patrons autant que la client\u00e8le, Mamadou esp\u00e8re un avenir meilleur avec un contrat dans cet \u00e9tablissement. Mais une d\u00e9cision de la pr\u00e9fecture de Seine-Maritime va doucher tous ses espoirs.<\/p>\n<p>\u00c0 la fin de son ann\u00e9e scolaire en 2023, il est vis\u00e9 par une mesure d\u2019OQTF (Obligation de Quitter le Territoire Fran\u00e7ais) qui met fin \u00e0 son contrat de travail. Une mobilisation se met alors en place pour soutenir Mamadou.<\/p>\n<p>\u00ab\u00a0Il m&rsquo;appelle Papy, il conna\u00eet les enfants, les petits-enfants. C&rsquo;est un apprenti de grande valeur. Toujours l\u00e0, toujours \u00e0 l&rsquo;heure. C&rsquo;est mon bras droit\u00a0\u00bb, t\u00e9moignait en 2023 son patron Claude Renard.<\/p>\n<p>\u00ab\u00a0Je suis parti de chez moi parce que c&rsquo;est la mis\u00e8re. C&rsquo;est tr\u00e8s difficile de trouver \u00e0 manger,\u00a0racontait le jeune apprenti. J&rsquo;aime bien rester avec Papy car depuis le temps, il m&rsquo;a appris plein de choses. Je pr\u00e9f\u00e8re rester ici pour travailler et \u00eatre comme tout le monde, payer mon loyer, payer mes imp\u00f4ts.\u00a0\u00bb<\/p>\n<p>Une p\u00e9tition est lanc\u00e9e et un courrier sign\u00e9 de la main du maire de Rouen, Nicolas Mayer Rossignol, et de plusieurs d\u00e9put\u00e9s est envoy\u00e9 au pr\u00e9fet de Seine-Maritime pour l\u2019alerter sur l\u2019incoh\u00e9rence de la situation.<\/p>\n<p>Il obtient alors une carte d\u2019identit\u00e9 consulaire, Mamadou Garank\u00e9 Diallo peut alors rester en France et conserve son travail \u00e0 la boucherie Renard.<\/p>\n<p>Mais ce soulagement ne dure \u00e0 peine deux ans puisqu\u2019en juin 2025. Il quitte brusquement son travail et la France suite \u00e0 une mesure d\u2019Obligation de Quitter le Territoire Fran\u00e7ais (OQTF) prise \u00e0 son encontre par la pr\u00e9fecture de la Seine-Maritime.<\/p>\n<p>Cette deuxi\u00e8me expulsion le fait paniquer et quelques semaines plus tard, il d\u00e9cide d\u2019aller se r\u00e9fugier en Angleterre.<\/p>\n<p>\u00c0 partir du 18 septembre 2025, l&rsquo;association Pour un avenir meilleur, qui suit Mamadou Garank\u00e9 Diallo depuis son arriv\u00e9e \u00e0 Rouen, re\u00e7oit des t\u00e9moignages indiquant que le jeune homme serait mort dans un accident mortel, \u00e0 Loon-Plage, pr\u00e8s de Dunkerque.<\/p>\n<\/p>\n<p>Koura, une des ses mamans de c\u0153ur, se rend \u00e0 Dunkerque et identifie le corps de Mamadou. Elle l&rsquo;annonce \u00e0 Lara Lavesque, la deuxi\u00e8me maman de c\u0153ur qui avait accueilli le jeune homme au sein de sa famille pendant 18 mois :<\/p>\n<p>\u00ab\u00a0il a voulu nous pr\u00e9server, ne pas nous inqui\u00e9ter mais on a d\u00e9couvert qu&rsquo;il \u00e9tait dans la pr\u00e9carit\u00e9, dans la peur et dans cet espoir constant d&rsquo;avoir un avenir meilleur et dans cette tentative, il a perdu la vie.\u00a0\u00bb <\/p>\n<p>Cette m\u00e8re de famille avait convenu avec Mamadou un accueil gracieux pour qu&rsquo;il puisse mettre de l&rsquo;argent de c\u00f4t\u00e9 pour se payer le permis. Elle pointe du doigt des incoh\u00e9rences voire des fausses informations dans le courrier de la pr\u00e9fecture de la Seine-Maritime.<\/p>\n<p>\u00ab\u00a0Le courrier fait \u00e9tat d&rsquo;un emploi ill\u00e9gal hors ses deux patrons \u00e9taient tr\u00e8s carr\u00e9s.\u00a0\u00bb S&rsquo;ajoute \u00e0 cela la mention de : \u00ab\u00a0l&rsquo;int\u00e9ress\u00e9 ne justifie pas de ressources stables et l\u00e9gales\u00a0\u00bb. Hors, Mamadou a \u00e9t\u00e9 en mesure de pr\u00e9senter toutes ses fiches de paie \u00e0 la pr\u00e9fecture.<\/p>\n<p>C&rsquo;est \u00e0 la suite de ce courrier qu&rsquo;il prend la d\u00e9cision de fuir la France.<\/p>\n<p>\u00ab\u00a0C\u2019est l\u2019OQTF qui l\u2019a tu\u00e9, il avait du travail, j\u2019\u00e9tais pr\u00eat \u00e0 lui donner un CDI\u00a0\u00bb, raconte Fr\u00e9d\u00e9ric B\u00e9cu le nouveau patron de la boucherie. Et d&rsquo;ajouter : \u00ab\u00a0c\u2019\u00e9tait un bon gars, un bout en train tous les clients pourraient vous le dire\u00a0\u00bb.<\/p>\n<p>Depuis l\u2019annonce de cette fin trafique, les clients se rendent \u00e0 la boucherie pour faire part de leur \u00e9motion.<\/p>\n<p>\u00ab\u00a0C\u2019\u00e9tait un gar\u00e7on adorable, qui a beaucoup appris ici. Il \u00e9tait de bonne volont\u00e9, il voulait rester en France. Il s\u2019\u00e9tait tr\u00e8s bien adapt\u00e9. On ne comprend pas pourquoi on lui refusait le sol fran\u00e7ais, il ne demandait qu\u2019\u00e0 s\u2019int\u00e9grer\u00a0\u00bb, regrette Marie cliente depuis une dizaine d&rsquo;ann\u00e9es.<\/p>\n<p>Une autopsie et une enqu\u00eate sont en cours, son patron va tout faire pour que le corps de Mamadou revienne en Guin\u00e9e.<\/p>\n<p>Reportage de L\u00e9na Thobie-Gorce et Elsa Gavinet :<\/p>\n<p>    dur\u00e9e de la vid\u00e9o : 00h02mn04s<\/p>\n<p>        <img decoding=\"async\" width=\"640\" height=\"426\" class=\"article-image not-lazy\" src=\"https:\/\/www.europesays.com\/fr\/wp-content\/uploads\/2025\/10\/5834074b-3acc-443a-8e2f-c91d03fb0bb5.jpg\" alt=\"\" fetchpriority=\"high\"\/><\/p>\n<p>              Voir la video\u00a0(2 minutes 4 secondes).\u00a0<br \/>\n                  2 min 4 s<\/p>\n<p>\n          Mamadou Garank\u00e9 Diallo est mort en septembre 2025. Sous le coup d&rsquo;une OQTF, il tentait de rejoindre l&rsquo;Angleterre avec d&rsquo;autres migrants.<\/p>\n<p>        \u2022<\/p>\n<p>              \u00a9France 3 Normandie\n      <\/p>\n<p>Catherine Marc, militante dans un collectif en lien avec l\u2019association \u00ab\u00a0vivre ensemble \u00e0 Darn\u00e9tal\u00a0\u00bb qui \u0153uvre sur des projets de solidarit\u00e9 notamment entre les commer\u00e7ants de la ville et des jeunes migrants, est tr\u00e8s touch\u00e9e par ce d\u00e9c\u00e8s.<\/p>\n<p>\u00ab\u00a0Je suis tr\u00e8s attrist\u00e9e mais surtout tr\u00e8s tr\u00e8s en col\u00e8re car ce qui a fond\u00e9 cette situation, c\u2019est ce contr\u00f4le au faci\u00e8s o\u00f9 Mamadou n\u2019a pas pu pr\u00e9senter ses papiers et il est ressorti avec une OQTF.\u00a0\u00bb\u00a0<\/p>\n<p>Catherine estime que cette mesure administrative a cass\u00e9 l\u2019humanit\u00e9 d\u2019un jeune qui voulait s\u2019en sortir et le projet d\u2019un commer\u00e7ant local. \u00ab\u00a0C\u2019est le non-accueil et ce racisme local qui fait que Mamadou est parti.\u00a0\u00bb<\/p>\n<p>Un hommage sera rendu le 4 octobre 2025 \u00e0 Dieppe (Seine-Maritime) pour toutes les personnes d\u00e9c\u00e9d\u00e9es en mer.<\/p>\n<p>Catherine et d\u2019autres personnes de son collectif comptent s\u2019y rendre pour un dernier adieu \u00e0 Mamadou \u00ab\u00a0et tous les autres qu\u2019on n\u2019arrive m\u00eame pas \u00e0 identifier\u00a0\u00bb, pr\u00e9cise la militante.<\/p>\n","protected":false},"excerpt":{"rendered":"Mamadou Garank\u00e9 Diallo est mort en septembre 2025. Sous le coup d&rsquo;une OQTF, ce jeune boucher de Darn\u00e9tal&hellip;\n","protected":false},"author":2,"featured_media":437552,"comment_status":"","ping_status":"","sticky":false,"template":"","format":"standard","meta":{"footnotes":""},"categories":[9587],"tags":[1111,11,1777,674,1011,27,12,5161,25,9590],"class_list":{"0":"post-437551","1":"post","2":"type-post","3":"status-publish","4":"format-standard","5":"has-post-thumbnail","7":"category-rouen","8":"tag-actu","9":"tag-actualites","10":"tag-eu","11":"tag-europe","12":"tag-fr","13":"tag-france","14":"tag-news","15":"tag-normandie","16":"tag-republique-francaise","17":"tag-rouen"},"share_on_mastodon":{"url":"https:\/\/pubeurope.com\/@fr\/115313369489566463","error":""},"_links":{"self":[{"href":"https:\/\/www.europesays.com\/fr\/wp-json\/wp\/v2\/posts\/437551","targetHints":{"allow":["GET"]}}],"collection":[{"href":"https:\/\/www.europesays.com\/fr\/wp-json\/wp\/v2\/posts"}],"about":[{"href":"https:\/\/www.europesays.com\/fr\/wp-json\/wp\/v2\/types\/post"}],"author":[{"embeddable":true,"href":"https:\/\/www.europesays.com\/fr\/wp-json\/wp\/v2\/users\/2"}],"replies":[{"embeddable":true,"href":"https:\/\/www.europesays.com\/fr\/wp-json\/wp\/v2\/comments?post=437551"}],"version-history":[{"count":0,"href":"https:\/\/www.europesays.com\/fr\/wp-json\/wp\/v2\/posts\/437551\/revisions"}],"wp:featuredmedia":[{"embeddable":true,"href":"https:\/\/www.europesays.com\/fr\/wp-json\/wp\/v2\/media\/437552"}],"wp:attachment":[{"href":"https:\/\/www.europesays.com\/fr\/wp-json\/wp\/v2\/media?parent=437551"}],"wp:term":[{"taxonomy":"category","embeddable":true,"href":"https:\/\/www.europesays.com\/fr\/wp-json\/wp\/v2\/categories?post=437551"},{"taxonomy":"post_tag","embeddable":true,"href":"https:\/\/www.europesays.com\/fr\/wp-json\/wp\/v2\/tags?post=437551"}],"curies":[{"name":"wp","href":"https:\/\/api.w.org\/{rel}","templated":true}]}}