{"id":437555,"date":"2025-10-04T01:46:21","date_gmt":"2025-10-04T01:46:21","guid":{"rendered":"https:\/\/www.europesays.com\/fr\/437555\/"},"modified":"2025-10-04T01:46:21","modified_gmt":"2025-10-04T01:46:21","slug":"ligue-2-avant-le-match-stade-de-reims-grenoble-la-prefecture-limite-les-deplacements-des-supporters-grenoblois","status":"publish","type":"post","link":"https:\/\/www.europesays.com\/fr\/437555\/","title":{"rendered":"Ligue 2 : avant le match Stade de Reims-Grenoble, la pr\u00e9fecture limite les d\u00e9placements des supporters grenoblois"},"content":{"rendered":"<p>Les supporters de l&rsquo;\u00e9quipe de Grenoble n&rsquo;auront pas le droit de circuler ou de stationner dans le centre-ville et autour du stade Auguste-Delaune, ce samedi 4 octobre. Un mesure de s\u00e9curit\u00e9 prise par la pr\u00e9fecture de la Marne, avant la rencontre entre le Stade de Reims et le GF38, \u00e0 14h, ce samedi.<\/p>\n<p>Ce samedi 4 octobre, \u00e0 14h, le Stade de Reims accueille les Grenoblois du GF38 au stade Auguste-Delaune \u00e0 Reims, dans le cadre de la <strong>9e journ\u00e9e de Ligue 2<\/strong>. Pour encadrer le d\u00e9placement des supporters grenoblois, la pr\u00e9fecture de la Marne a pris un arr\u00eat\u00e9 ce vendredi, afin de \u00ab\u00a0r\u00e9duire le risque d&rsquo;affrontements\u00a0\u00bb. Ainsi, <strong>\u00e0 compter de ce vendredi soir minuit, jusqu&rsquo;\u00e0 samedi soir<\/strong>, les supporters de l&rsquo;\u00e9quipe de Grenoble n&rsquo;auront\u00a0pas le droit de circuler ou de stationner dans le centre-ville et autour du stade.<\/p>\n<p>\u00ab\u00a0100 \u00e0 120 ultras membres\u00a0\u00bb des supporters grenoblois attendus<\/p>\n<p>Selon cet arr\u00eat\u00e9, la pr\u00e9fecture consid\u00e8re notamment que <strong>c\u00f4t\u00e9 Grenoblois<\/strong>, \u00ab\u00a0150 supporters grenoblois, dont 100 \u00e0 120 ultras membres des \u00ab\u00a0Red Kaos\u00a0\u00bb et des \u00ab\u00a0Diables Bleus\u00a0\u00bb feront le d\u00e9placement.\u00a0\u00bb <strong>C\u00f4t\u00e9 R\u00e9mois<\/strong>, que \u00ab\u00a0les \u00ab\u00a0Mes Os\u00a0\u00bb, groupe de supporters r\u00e9mois se revendiquant de la mouvance hooliganiste, sont toujours prompts \u00e0 chercher l\u2019affrontement avec les supporters adverses.\u00a0\u00bb<\/p>\n<p>Ainsi, \u00ab\u00a0\u00e0 compter de minuit jusqu\u2019\u00e0 23 h 59 ce samedi 4 octobre, il est interdit \u00e0 toute personne se pr\u00e9valant de la qualit\u00e9 de supporter du GF38, ou se comportant comme tel, de circuler ou de stationner sur la voie publique dans le p\u00e9rim\u00e8tre d\u00e9crit \u00e0 l\u2019article 4.\u00a0\u00bb\u00a0Cela concerne le centre-ville et le quartier du stade.<\/p>\n<p>L&rsquo;acc\u00e8s au stade reste ouvert aux supporters grenoblois munis d&rsquo;un billet.<\/p>\n","protected":false},"excerpt":{"rendered":"Les supporters de l&rsquo;\u00e9quipe de Grenoble n&rsquo;auront pas le droit de circuler ou de stationner dans le centre-ville&hellip;\n","protected":false},"author":2,"featured_media":437556,"comment_status":"","ping_status":"","sticky":false,"template":"","format":"standard","meta":{"footnotes":""},"categories":[9566],"tags":[1111,11,2430,1777,674,1011,27,2731,12,25],"class_list":{"0":"post-437555","1":"post","2":"type-post","3":"status-publish","4":"format-standard","5":"has-post-thumbnail","7":"category-grenoble","8":"tag-actu","9":"tag-actualites","10":"tag-auvergne-rhone-alpes","11":"tag-eu","12":"tag-europe","13":"tag-fr","14":"tag-france","15":"tag-grenoble","16":"tag-news","17":"tag-republique-francaise"},"share_on_mastodon":{"url":"https:\/\/pubeurope.com\/@fr\/115313376187947781","error":""},"_links":{"self":[{"href":"https:\/\/www.europesays.com\/fr\/wp-json\/wp\/v2\/posts\/437555","targetHints":{"allow":["GET"]}}],"collection":[{"href":"https:\/\/www.europesays.com\/fr\/wp-json\/wp\/v2\/posts"}],"about":[{"href":"https:\/\/www.europesays.com\/fr\/wp-json\/wp\/v2\/types\/post"}],"author":[{"embeddable":true,"href":"https:\/\/www.europesays.com\/fr\/wp-json\/wp\/v2\/users\/2"}],"replies":[{"embeddable":true,"href":"https:\/\/www.europesays.com\/fr\/wp-json\/wp\/v2\/comments?post=437555"}],"version-history":[{"count":0,"href":"https:\/\/www.europesays.com\/fr\/wp-json\/wp\/v2\/posts\/437555\/revisions"}],"wp:featuredmedia":[{"embeddable":true,"href":"https:\/\/www.europesays.com\/fr\/wp-json\/wp\/v2\/media\/437556"}],"wp:attachment":[{"href":"https:\/\/www.europesays.com\/fr\/wp-json\/wp\/v2\/media?parent=437555"}],"wp:term":[{"taxonomy":"category","embeddable":true,"href":"https:\/\/www.europesays.com\/fr\/wp-json\/wp\/v2\/categories?post=437555"},{"taxonomy":"post_tag","embeddable":true,"href":"https:\/\/www.europesays.com\/fr\/wp-json\/wp\/v2\/tags?post=437555"}],"curies":[{"name":"wp","href":"https:\/\/api.w.org\/{rel}","templated":true}]}}