{"id":437568,"date":"2025-10-04T01:55:24","date_gmt":"2025-10-04T01:55:24","guid":{"rendered":"https:\/\/www.europesays.com\/fr\/437568\/"},"modified":"2025-10-04T01:55:24","modified_gmt":"2025-10-04T01:55:24","slug":"il-revient-a-la-cathedrale-saint%e2%80%91andre-de-bordeaux-avec-une-nouvelle-installation-de-video-mapping-360-et-de-la-musique-orchestrale-en-live","status":"publish","type":"post","link":"https:\/\/www.europesays.com\/fr\/437568\/","title":{"rendered":"il revient \u00e0 la cath\u00e9drale Saint\u2011Andr\u00e9 de Bordeaux avec une nouvelle installation de vid\u00e9o-mapping 360\u00b0 et de la musique orchestrale en live."},"content":{"rendered":"<p>\t\t\t\t\t\t\t\t\t\t\t\t\t\t\t\t\t\t\t\t\t\t<img loading=\"lazy\" decoding=\"async\" src=\"https:\/\/www.europesays.com\/fr\/wp-content\/uploads\/2025\/10\/luminiscence-1-1024x683.jpg\" class=\"img-fluid\" alt=\"luminiscence bordeaux\" width=\"1024\" height=\"683\"\/><\/p>\n<p>    Save<\/p>\n<p>Si la toile de fond reste la m\u00eame : la sublime <b>Cath\u00e9drale Saint-Andr\u00e9<\/b> de Bordeaux \u2013 chef-d\u2019\u0153uvre gothique par excellence qui a vu na\u00eetre<b> <a href=\"https:\/\/luminiscence.com\/bordeaux\/\" rel=\"follow nofollow noopener\" target=\"_blank\" class=\"shortcode-outbound-link\" data-has-ga=\"true\" data-ga-type=\"click\" data-label=\"https:\/\/luminiscence.com\/bordeaux\/\" data-action=\"text_cta_0\" data-tracked=\"1\" data-category=\"click_sales\" data-cp_smn_source=\"bordeauxsecret\" data-cp_smn_content=\"spectacle-immersif-luminiscence-bordeaux\" data-cp_smn_term=\"text_cta_0\">l\u2019exp\u00e9rience LUMINISCENCE<\/a> <\/b>en 2023 avant de conna\u00eetre une ascension fulgurante avec <b>plus d\u2019un million de spectateurs \u00e0 travers le monde<\/b> -, le storytelling se renouvelle au profit d\u2019une version encore plus monumentale. Un nouveau chapitre s\u2019ouvre avec <b>l\u2019Odyss\u00e9e C\u00e9leste<\/b>, un <b>spectacle immersif <\/b>enti\u00e8rement r\u00e9invent\u00e9 m\u00ealant narration, musique live et <b>vid\u00e9o-mapping \u00e0 360 degr\u00e9s.<\/b> Une exp\u00e9rience absolument in\u00e9dite.\u00a0<\/p>\n<p><strong>\ud83d\udcabD\u00e9couvrez LUMINISCENCE \u00e0 prix doux chaque mercredi et jeudi, sur les secondes s\u00e9ances.\ud83d\udcab<\/strong><\/p>\n<p>\t\t\t\tLUMINISCENCE &#8211; Cath\u00e9drale de Bordeaux : Histoire, Vid\u00e9o Mapping 360\u00b0 et Musique Live<\/p>\n<p>\t&#8211;<\/p>\n<p>\t4.78<br \/>\n\t\u00b7<\/p>\n<p>\t\t<a href=\"https:\/\/feverup.com\/m\/424346\/reviews\/\" rel=\"follow nofollow noopener\" target=\"_blank\" class=\"text-decoration-underline text-body position-relative z-1\" data-has-ga=\"true\" data-ga-type=\"click\" data-label=\"https:\/\/feverup.com\/m\/424346\/reviews\/\" data-action=\"profile_card_reviews\" data-tracked=\"1\" data-category=\"click_sales\" data-cp_smn_source=\"bordeauxsecret\" data-cp_smn_content=\"spectacle-immersif-luminiscence-bordeaux\" data-cp_smn_term=\"profile_card_reviews\">194 reviews<\/a><\/p>\n<p>Cath\u00e9drale Saint-Andr\u00e9 de Bordeaux<\/p>\n<p>\n\t\t<strong>\u00c0 partir de 15,00\u20ac<br \/>\n\t\t<\/strong>\n\t<\/p>\n<p><img decoding=\"async\" src=\"https:\/\/www.europesays.com\/fr\/wp-content\/uploads\/2025\/10\/Photo_1_qva3it_Z1vV7VG.webp.webp\" alt=\"Luminiscence Bordeaux\"\/><\/p>\n<p>\u00a0LUMINISCENCE met de nouveau en lumi\u00e8re la Cath\u00e9drale Saint-Andr\u00e9 de Bordeaux, l\u00e0 o\u00f9 tout a commenc\u00e9<\/p>\n<p>C\u2019est un souffle nouveau qui traverse la nef de ce lieu mill\u00e9naire, grand t\u00e9moin de l\u2019Histoire, avec <b>l\u2019Odyss\u00e9e C\u00e9leste par LUMINISCENCE<\/b>. La pierre devient une toile blanche et le silence religieux qui habite normalement ce lieu de culte se mue en <b>musique classique et orchestrale<\/b> qui emplit l\u2019espace et nous transperce. Sous la<b> vo\u00fbte gothique<\/b> bordelaise, la magie op\u00e8re.\u00a0<\/p>\n<p>L\u2019Odyss\u00e9e C\u00e9leste, un voyage sensoriel entre son, lumi\u00e8re et histoire<\/p>\n<p>D\u00e8s les premiers instants, on est transport\u00e9 : la narration nous emm\u00e8ne \u00e0 travers les si\u00e8cles et d\u00e9peint un portrait de la cath\u00e9drale aux multiples touches de couleur. Le c\u0153ur du spectacle ? Un <b>vid\u00e9o-mapping \u00e0 360\u00b0<\/b> qui m\u00e9tamorphose la cath\u00e9drale en gigantesque tableau vivant. Les murs s\u2019animent pour r\u00e9v\u00e9ler les secrets architecturaux, les moments marquants de son histoire (du mariage d\u2019Ali\u00e9nor d\u2019Aquitaine aux chants de la Lib\u00e9ration).<br \/><b>La musique en live vient compl\u00e9ter ce spectacle visuel<\/b>. Un ch\u0153ur local men\u00e9 par Alexis Duffaure, accompagn\u00e9 de musiciens (piano, th\u00e9orbe, guitare\u2026) enchante l\u2019auditoire avec une ambiance sonore enveloppante.\u00a0<\/p>\n<p><img fetchpriority=\"high\" decoding=\"async\" class=\"alignnone wp-image-15638 size-full\" src=\"https:\/\/www.europesays.com\/fr\/wp-content\/uploads\/2025\/10\/Choeur_et_orchestre_live_svwvuq_Z17I51M.webp.webp\" alt=\"\" width=\"1200\" height=\"800\"  \/><\/p>\n<p>Soir\u00e9es exceptionnelles et moments forts<\/p>\n<p>Ce qui rend certaines repr\u00e9sentations encore plus magiques ? Les soir\u00e9es <b>Ch\u0153ur &amp; Orchestre Live<\/b> : 15 musiciens, une direction musicale en direct, une immersion totale. Ces sessions sp\u00e9ciales sont programm\u00e9es les week\u2011ends du mois d\u2019octobre.<\/p>\n<p>Pourquoi ne pas passer \u00e0 c\u00f4t\u00e9 de LUMINISCENCE ?<\/p>\n<p>Parce que LUMINISCENCE r\u00e9ussit ce pari fou : <b>faire vibrer le patrimoine<\/b>. Ce spectacle ne se contente pas d\u2019illuminer la cath\u00e9drale : il la rend vivante. V\u00e9ritable r\u00e9gal pour les sens, c\u2019est aussi l\u2019occasion d\u2019en apprendre plus un monument majeur du patrimoine fran\u00e7ais.<br \/>C\u2019est tout nouveau : pour la premi\u00e8re fois depuis le Moyen \u00c2ge, le <b>Portail Royal <\/b>retrouvera tout son \u00e9clat. En effet, la projection donnera vie \u00e0 sa <b>polychromie originelle <\/b>et offrira aux spectateurs l\u2019exp\u00e9rience rare de contempler le monument tel qu\u2019il \u00e9tait \u00e0 <b>l\u2019\u00e9poque m\u00e9di\u00e9vale<\/b>. Bordelais et visiteurs de passage sont ainsi invit\u00e9s \u00e0 red\u00e9couvrir ce<b> joyau du patrimoine<\/b> dans toute la splendeur de ses couleurs d\u2019origine. Bref, si vous \u00eates \u00e0 Bordeaux cet automne, c\u2019est LE rendez\u2011vous \u00e0 ne surtout pas manquer.<\/p>\n<p>Informations utiles :<\/p>\n<ul>\n<li style=\"font-weight:400;\"><b>Lieu<\/b> : Cath\u00e9drale Saint\u2011Andr\u00e9, Place Pey Berland, 33000 Bordeaux<\/li>\n<li style=\"font-weight:400;\"><b>Dur\u00e9e<\/b> : environ 60\u202fminutes au total (20 min de parcours + 45 min de spectacle)\u00a0<\/li>\n<\/ul>\n<p>\t\t\t\tLUMINISCENCE &#8211; Cath\u00e9drale de Bordeaux : Histoire, Vid\u00e9o Mapping 360\u00b0 et Musique Live<\/p>\n<p>\t&#8211;<\/p>\n<p>\t4.78<br \/>\n\t\u00b7<\/p>\n<p>\t\t<a href=\"https:\/\/feverup.com\/m\/424346\/reviews\/\" rel=\"follow nofollow noopener\" target=\"_blank\" class=\"text-decoration-underline text-body position-relative z-1\" data-has-ga=\"true\" data-ga-type=\"click\" data-label=\"https:\/\/feverup.com\/m\/424346\/reviews\/\" data-action=\"profile_card_reviews\" data-tracked=\"1\" data-category=\"click_sales\" data-cp_smn_source=\"bordeauxsecret\" data-cp_smn_content=\"spectacle-immersif-luminiscence-bordeaux\" data-cp_smn_term=\"profile_card_reviews\">194 reviews<\/a><\/p>\n<p>Cath\u00e9drale Saint-Andr\u00e9 de Bordeaux<\/p>\n<p>\n\t\t<strong>\u00c0 partir de 15,00\u20ac<br \/>\n\t\t<\/strong>\n\t<\/p>\n","protected":false},"excerpt":{"rendered":"Save Si la toile de fond reste la m\u00eame : la sublime Cath\u00e9drale Saint-Andr\u00e9 de Bordeaux \u2013 chef-d\u2019\u0153uvre&hellip;\n","protected":false},"author":2,"featured_media":437569,"comment_status":"","ping_status":"","sticky":false,"template":"","format":"standard","meta":{"footnotes":""},"categories":[2817],"tags":[1111,11,1997,1777,674,1011,27,12,2219,25],"class_list":{"0":"post-437568","1":"post","2":"type-post","3":"status-publish","4":"format-standard","5":"has-post-thumbnail","7":"category-bordeaux","8":"tag-actu","9":"tag-actualites","10":"tag-bordeaux","11":"tag-eu","12":"tag-europe","13":"tag-fr","14":"tag-france","15":"tag-news","16":"tag-nouvelle-aquitaine","17":"tag-republique-francaise"},"share_on_mastodon":{"url":"https:\/\/pubeurope.com\/@fr\/115313411985171862","error":""},"_links":{"self":[{"href":"https:\/\/www.europesays.com\/fr\/wp-json\/wp\/v2\/posts\/437568","targetHints":{"allow":["GET"]}}],"collection":[{"href":"https:\/\/www.europesays.com\/fr\/wp-json\/wp\/v2\/posts"}],"about":[{"href":"https:\/\/www.europesays.com\/fr\/wp-json\/wp\/v2\/types\/post"}],"author":[{"embeddable":true,"href":"https:\/\/www.europesays.com\/fr\/wp-json\/wp\/v2\/users\/2"}],"replies":[{"embeddable":true,"href":"https:\/\/www.europesays.com\/fr\/wp-json\/wp\/v2\/comments?post=437568"}],"version-history":[{"count":0,"href":"https:\/\/www.europesays.com\/fr\/wp-json\/wp\/v2\/posts\/437568\/revisions"}],"wp:featuredmedia":[{"embeddable":true,"href":"https:\/\/www.europesays.com\/fr\/wp-json\/wp\/v2\/media\/437569"}],"wp:attachment":[{"href":"https:\/\/www.europesays.com\/fr\/wp-json\/wp\/v2\/media?parent=437568"}],"wp:term":[{"taxonomy":"category","embeddable":true,"href":"https:\/\/www.europesays.com\/fr\/wp-json\/wp\/v2\/categories?post=437568"},{"taxonomy":"post_tag","embeddable":true,"href":"https:\/\/www.europesays.com\/fr\/wp-json\/wp\/v2\/tags?post=437568"}],"curies":[{"name":"wp","href":"https:\/\/api.w.org\/{rel}","templated":true}]}}