{"id":437582,"date":"2025-10-04T02:03:11","date_gmt":"2025-10-04T02:03:11","guid":{"rendered":"https:\/\/www.europesays.com\/fr\/437582\/"},"modified":"2025-10-04T02:03:11","modified_gmt":"2025-10-04T02:03:11","slug":"tout-ce-quil-faut-savoir-sur-ledition-2025","status":"publish","type":"post","link":"https:\/\/www.europesays.com\/fr\/437582\/","title":{"rendered":"tout ce qu\u2019il faut savoir sur l\u2019\u00e9dition 2025"},"content":{"rendered":"<p>\u00ab\u00a0Ce rendez-vous incontournable de l\u2019automne si cher aux Lyonnaises et Lyonnais se d\u00e9roulera du 4 octobre au 11 novembre 2025\u00a0\u00bb,\u00a0annonce\u00a0la Ville de Lyon. Comme chaque ann\u00e9e, la municipalit\u00e9 insiste sur le fait que l\u2019\u00e9v\u00e9nement \u00ab\u00a0s\u2019ins\u00e8re au mieux dans son environnement\u00a0\u00bb, avec une vigilance particuli\u00e8re \u00ab\u00a0sur les questions de nuisances lumineuses et sonores, de propret\u00e9 et de s\u00e9curit\u00e9.\u00a0\u00bb<\/p>\n<p>Depuis plus de 170 ans, la Vogue des Marrons s\u2019installe au c\u0153ur de la Croix-Rousse. L\u2019\u00e9dition 2025 sera organis\u00e9e en cinq zones : le haut du tunnel Terme, la place de la Croix-Rousse, la contre-all\u00e9e taxis, l\u2019esplanade du Gros Caillou et le boulevard de la Croix-Rousse.<\/p>\n<p>La Ville pr\u00e9cise que \u00ab\u00a0la s\u00e9curit\u00e9 sera assur\u00e9e par la police municipale et nationale, en compl\u00e9ment d\u2019un service de s\u00e9curit\u00e9 sp\u00e9cialis\u00e9 diligent\u00e9 par les forains\u00a0\u00bb. Des v\u00e9hicules et des dispositifs anti-intrusion seront positionn\u00e9s aux points de fermeture et d\u2019entr\u00e9e du site, accompagn\u00e9s d\u2019une signalisation routi\u00e8re adapt\u00e9e.<\/p>\n<p>En mati\u00e8re de propret\u00e9, \u00ab\u00a0des dispositifs de tri et de collecte des d\u00e9chets sont install\u00e9s, et un nettoiement renforc\u00e9 est pr\u00e9vu.\u00a0\u00bb La Ville rappelle aussi que \u00ab\u00a0les r\u00e8gles de limitation de la diffusion sonore et de l\u2019\u00e9clairage sont maintenues.\u00a0\u00bb<\/p>\n<p>C\u00f4t\u00e9 horaires, en dehors des vacances scolaires, la Vogue ouvrira du lundi au mercredi de 16h \u00e0 21h (avec une ouverture d\u00e8s 10h pour les confiseries le mardi), du vendredi au dimanche de 10h \u00e0 23h selon les jours, et restera ferm\u00e9e le jeudi.<\/p>\n<p>Pendant les vacances, elle fonctionnera tous les jours de 10h \u00e0 21h, avec des prolongations jusqu\u2019\u00e0 23h les vendredis, samedis et veilles de f\u00eates. Enfin, la Ville souligne que \u00ab\u00a0durant la Vogue des Marrons, le r\u00e9seau TCL s\u2019adapte\u00a0\u00bb : la ligne C du m\u00e9tro ainsi que les bus C13, 2 et 3 seront renforc\u00e9s, avec un terminus exceptionnel de la ligne 33 \u00e0 Cuire certains jours.<\/p>\n","protected":false},"excerpt":{"rendered":"\u00ab\u00a0Ce rendez-vous incontournable de l\u2019automne si cher aux Lyonnaises et Lyonnais se d\u00e9roulera du 4 octobre au 11&hellip;\n","protected":false},"author":2,"featured_media":437583,"comment_status":"","ping_status":"","sticky":false,"template":"","format":"standard","meta":{"footnotes":""},"categories":[1889],"tags":[1111,11,2813,2190,2430,1109,251,1112,2811,1777,674,118,1011,27,1922,1110,1114,2428,2810,12,241,316,25,2812,517,800],"class_list":{"0":"post-437582","1":"post","2":"type-post","3":"status-publish","4":"format-standard","5":"has-post-thumbnail","7":"category-lyon","8":"tag-actu","9":"tag-actualites","10":"tag-article","11":"tag-asvel","12":"tag-auvergne-rhone-alpes","13":"tag-breves","14":"tag-culture","15":"tag-depeches","16":"tag-economique","17":"tag-eu","18":"tag-europe","19":"tag-faits-divers","20":"tag-fr","21":"tag-france","22":"tag-info","23":"tag-informations","24":"tag-infos","25":"tag-lyon","26":"tag-lyonmag","27":"tag-news","28":"tag-ol","29":"tag-politique","30":"tag-republique-francaise","31":"tag-sociale","32":"tag-sport","33":"tag-transports"},"share_on_mastodon":{"url":"","error":""},"_links":{"self":[{"href":"https:\/\/www.europesays.com\/fr\/wp-json\/wp\/v2\/posts\/437582","targetHints":{"allow":["GET"]}}],"collection":[{"href":"https:\/\/www.europesays.com\/fr\/wp-json\/wp\/v2\/posts"}],"about":[{"href":"https:\/\/www.europesays.com\/fr\/wp-json\/wp\/v2\/types\/post"}],"author":[{"embeddable":true,"href":"https:\/\/www.europesays.com\/fr\/wp-json\/wp\/v2\/users\/2"}],"replies":[{"embeddable":true,"href":"https:\/\/www.europesays.com\/fr\/wp-json\/wp\/v2\/comments?post=437582"}],"version-history":[{"count":0,"href":"https:\/\/www.europesays.com\/fr\/wp-json\/wp\/v2\/posts\/437582\/revisions"}],"wp:featuredmedia":[{"embeddable":true,"href":"https:\/\/www.europesays.com\/fr\/wp-json\/wp\/v2\/media\/437583"}],"wp:attachment":[{"href":"https:\/\/www.europesays.com\/fr\/wp-json\/wp\/v2\/media?parent=437582"}],"wp:term":[{"taxonomy":"category","embeddable":true,"href":"https:\/\/www.europesays.com\/fr\/wp-json\/wp\/v2\/categories?post=437582"},{"taxonomy":"post_tag","embeddable":true,"href":"https:\/\/www.europesays.com\/fr\/wp-json\/wp\/v2\/tags?post=437582"}],"curies":[{"name":"wp","href":"https:\/\/api.w.org\/{rel}","templated":true}]}}