{"id":437584,"date":"2025-10-04T02:04:11","date_gmt":"2025-10-04T02:04:11","guid":{"rendered":"https:\/\/www.europesays.com\/fr\/437584\/"},"modified":"2025-10-04T02:04:11","modified_gmt":"2025-10-04T02:04:11","slug":"previsions-du-samedi-4-octobre-2025-11","status":"publish","type":"post","link":"https:\/\/www.europesays.com\/fr\/437584\/","title":{"rendered":"pr\u00e9visions du samedi 4 octobre 2025"},"content":{"rendered":"<p class=\"mb-4 text-lg md:leading-8 break-words\"><strong>M\u00e9t\u00e9o &#8211; La ville profitera de quelques \u00e9claircies aujourd&rsquo;hui. Les temp\u00e9ratures seront de 19\u00b0C la matin\u00e9e et de 18\u00b0C l&rsquo;apr\u00e8s-midi&#8230;<\/strong><\/p>\n<p class=\"mb-4 text-lg md:leading-8 break-words\">\u00c0 Lyon, les valeurs seront de 10\u00b0C au plus bas et de 23\u00b0C au plus haut la journ\u00e9e. La matin\u00e9e va rester grise \u00e0 cause de petits nuages qui persistent dans le ciel. Un vent de sud soufflera doucement. Intemp\u00e9ries : on annonce de la bruine pour l&rsquo;apr\u00e8s-midi. Les temp\u00e9ratures seront comprises entre 13 et 23\u00b0C. Des \u00e9claircies sont pr\u00e9vues : on passera une soir\u00e9e agr\u00e9able. Il fera 11\u00b0C en moyenne. Pendant votre sommeil, dans la nuit de samedi \u00e0 dimanche, le ciel sera pluvieux.<\/p>\n<p class=\"mb-4 text-lg md:leading-8 break-words\">Les nuages seront visibles demain \u00e0 Lyon. Le mercure va baisser de plusieurs degr\u00e9s. Il va faire en moyenne 11\u00b0C. Une petite brise de nord-ouest sera ressentie par les habitants. Le matin, le thermom\u00e8tre affichera 10\u00b0C en moyenne. Demain apr\u00e8s-midi, des nuages ne voudront pas c\u00e9der leur place au soleil. Des pluies \u00e9parses vont tomber sur la ville. D&rsquo;un autre c\u00f4t\u00e9, les temp\u00e9ratures vont grimper de quelques degr\u00e9s. Les valeurs s&rsquo;\u00e9chelonneront entre 12\u00b0C et 15\u00b0C. La m\u00e9t\u00e9o devrait s&rsquo;am\u00e9liorer durant la soir\u00e9e. Les temp\u00e9ratures tourneront autour des 9\u00b0C.<\/p>\n<p class=\"mb-4 text-lg md:leading-8 break-words\">Une am\u00e9lioration est attendue les prochains jours. Une m\u00e9t\u00e9o ensoleill\u00e9e, pour des temp\u00e9ratures de 13\u00b0C environ, est pr\u00e9vue.<\/p>\n<p class=\"mb-4 text-lg md:leading-8 break-words\"><a href=\"https:\/\/www.20minutes.fr\/planete\/previsions-meteo\/4177106-20251004-meteo-lyon-previsions-samedi-4-octobre-2025?at_medium=RSS%20feed&amp;at_campaign=ynews&amp;utm_source=yahoo&amp;utm_medium=rss&amp;utm_campaign=news_feed&amp;utm_content=read_more_link&quot;\" rel=\"nofollow noopener\" target=\"_blank\" data-ylk=\"slk:Lire la suite sur 20minutes;elm:context_link;itc:0;sec:content-canvas\" class=\"link \">Lire la suite sur 20minutes<\/a><\/p>\n","protected":false},"excerpt":{"rendered":"M\u00e9t\u00e9o &#8211; La ville profitera de quelques \u00e9claircies aujourd&rsquo;hui. Les temp\u00e9ratures seront de 19\u00b0C la matin\u00e9e et de&hellip;\n","protected":false},"author":2,"featured_media":437585,"comment_status":"","ping_status":"","sticky":false,"template":"","format":"standard","meta":{"footnotes":""},"categories":[1889],"tags":[1111,11,2430,1777,674,1011,27,51394,1913,2428,2487,12,25],"class_list":{"0":"post-437584","1":"post","2":"type-post","3":"status-publish","4":"format-standard","5":"has-post-thumbnail","7":"category-lyon","8":"tag-actu","9":"tag-actualites","10":"tag-auvergne-rhone-alpes","11":"tag-eu","12":"tag-europe","13":"tag-fr","14":"tag-france","15":"tag-la-matinee","16":"tag-la-ville","17":"tag-lyon","18":"tag-meteo","19":"tag-news","20":"tag-republique-francaise"},"share_on_mastodon":{"url":"https:\/\/pubeurope.com\/@fr\/115313446846999692","error":""},"_links":{"self":[{"href":"https:\/\/www.europesays.com\/fr\/wp-json\/wp\/v2\/posts\/437584","targetHints":{"allow":["GET"]}}],"collection":[{"href":"https:\/\/www.europesays.com\/fr\/wp-json\/wp\/v2\/posts"}],"about":[{"href":"https:\/\/www.europesays.com\/fr\/wp-json\/wp\/v2\/types\/post"}],"author":[{"embeddable":true,"href":"https:\/\/www.europesays.com\/fr\/wp-json\/wp\/v2\/users\/2"}],"replies":[{"embeddable":true,"href":"https:\/\/www.europesays.com\/fr\/wp-json\/wp\/v2\/comments?post=437584"}],"version-history":[{"count":0,"href":"https:\/\/www.europesays.com\/fr\/wp-json\/wp\/v2\/posts\/437584\/revisions"}],"wp:featuredmedia":[{"embeddable":true,"href":"https:\/\/www.europesays.com\/fr\/wp-json\/wp\/v2\/media\/437585"}],"wp:attachment":[{"href":"https:\/\/www.europesays.com\/fr\/wp-json\/wp\/v2\/media?parent=437584"}],"wp:term":[{"taxonomy":"category","embeddable":true,"href":"https:\/\/www.europesays.com\/fr\/wp-json\/wp\/v2\/categories?post=437584"},{"taxonomy":"post_tag","embeddable":true,"href":"https:\/\/www.europesays.com\/fr\/wp-json\/wp\/v2\/tags?post=437584"}],"curies":[{"name":"wp","href":"https:\/\/api.w.org\/{rel}","templated":true}]}}