{"id":437588,"date":"2025-10-04T02:07:19","date_gmt":"2025-10-04T02:07:19","guid":{"rendered":"https:\/\/www.europesays.com\/fr\/437588\/"},"modified":"2025-10-04T02:07:19","modified_gmt":"2025-10-04T02:07:19","slug":"le-gouvernement-americain-prepare-une-piece-commemorative-a-leffigie-de-donald-trump","status":"publish","type":"post","link":"https:\/\/www.europesays.com\/fr\/437588\/","title":{"rendered":"Le gouvernement am\u00e9ricain pr\u00e9pare une pi\u00e8ce comm\u00e9morative \u00e0 l&rsquo;effigie de Donald Trump"},"content":{"rendered":"\n<p class=\"c-chapo \">\n  Parmi les croquis diffus\u00e9s sur les r\u00e9seaux sociaux, le pr\u00e9sident r\u00e9publicain appara\u00eet le poing droit lev\u00e9 devant un drapeau am\u00e9ricain, une r\u00e9f\u00e9rence \u00e0 sa r\u00e9action apr\u00e8s la tentative d&rsquo;assassinat dont il avait fait l&rsquo;objet pendant la campagne pr\u00e9sidentielle.\n<\/p>\n<p>      lire plus tard<\/p>\n<p id=\"dialog__title\" class=\"dialog__title\">Pour sauvegarder cet article, connectez-vous ou cr\u00e9ez un compte franceinfo<\/p>\n<p class=\"dialog__description\">Sans paiement. Sans abonnement.<\/p>\n<p>        Fermer la fen\u00eatre d\u2019activation des notifications France Info<\/p>\n<p>      cr\u00e9er votre compte<\/p>\n<p>      se connecter<\/p>\n<p>        Fermer la fen\u00eatre de pr\u00e9sentation<\/p>\n<p>    <img loading=\"lazy\" decoding=\"async\" class=\"signature__image lazyload\" width=\"100\" height=\"100\" data- alt=\"\" src=\"https:\/\/www.europesays.com\/fr\/wp-content\/uploads\/2025\/05\/64a68815cd1a7_placeholder-36b69ec8.png\"\/><\/p>\n<p>    Publi\u00e9 le 03\/10\/2025 21:22<\/p>\n<p>        Temps de lecture : 1min<\/p>\n<p>    <img decoding=\"async\"  alt=\"Le pr\u00e9sident am\u00e9ricain Donald Trump \u00e0 la Maison Blanche, \u00e0 Washington, le 30 septembre 2025. (MEHMET ESER \/ ANADOLU \/ AFP)\" width=\"432\" height=\"243\" src=\"https:\/\/www.europesays.com\/fr\/wp-content\/uploads\/2025\/10\/068-aa-30092025-2446327-68e0201036b82815856461.jpg\" fetchpriority=\"high\"\/><\/p>\n<p>      Le pr\u00e9sident am\u00e9ricain Donald Trump \u00e0 la Maison Blanche, \u00e0 Washington, le 30 septembre 2025. (MEHMET ESER \/ ANADOLU \/ AFP)<\/p>\n<p><a href=\"https:\/\/www.franceinfo.fr\/monde\/usa\/presidentielle\/donald-trump\/aux-etats-unis-donald-trump-exhorte-les-generaux-a-combattre-l-ennemi-de-l-interieur_7524814.html\" rel=\"nofollow noopener\" target=\"_blank\">Donald Trump<\/a> dans le porte-monnaie des Am\u00e9ricains. Son gouvernement a annonc\u00e9, vendredi 3 octobre, qu&rsquo;il envisageait de sortir des pi\u00e8ces de monnaie comm\u00e9moratives \u00e0 l&rsquo;effigie du pr\u00e9sident r\u00e9publicain, \u00e0 l&rsquo;occasion du 250e anniversaire de l&rsquo;ind\u00e9pendance du pays. Selon des croquis diffus\u00e9s sur X, et republi\u00e9s par le minist\u00e8re des Finances, les pi\u00e8ces d&rsquo;une valeur d&rsquo;un dollar pourraient repr\u00e9senter Donald Trump de profil, encadr\u00e9 par le mot \u00ab\u00a0Liberty\u00a0\u00bb en lettres capitales.<\/p>\n<blockquote class=\"twitter-tweet\" data-media-max-width=\"560\">\n<p lang=\"en\" dir=\"ltr\">No fake news here. These first drafts honoring America\u2019s 250th Birthday and <a href=\"https:\/\/twitter.com\/POTUS?ref_src=twsrc%5Etfw\" rel=\"nofollow noopener\" target=\"_blank\">@POTUS<\/a> are real.<\/p>\n<p>Looking forward to sharing more soon, once the obstructionist shutdown of the United States government is over. <a href=\"https:\/\/t.co\/c6HChM6ijG\" rel=\"nofollow\">https:\/\/t.co\/c6HChM6ijG<\/a><\/p>\n<p>\u2014 U.S. Treasurer Brandon Beach (@TreasurerBeach) <a href=\"https:\/\/twitter.com\/TreasurerBeach\/status\/1974156375891804229?ref_src=twsrc%5Etfw\" rel=\"nofollow noopener\" target=\"_blank\">October 3, 2025<\/a><\/p><\/blockquote>\n<p>Ou encore le pr\u00e9sident de biais, poing droit lev\u00e9 devant un drapeau am\u00e9ricain, entour\u00e9 des mots \u00ab\u00a0FIGHT FIGHT FIGHT\u00a0\u00bb (\u00ab\u00a0Battez-vous\u00a0\u00bb). Il s&rsquo;agit d&rsquo;une r\u00e9f\u00e9rence explicite \u00e0 sa r\u00e9action apr\u00e8s <a href=\"https:\/\/www.franceinfo.fr\/monde\/usa\/presidentielle\/tentative-d-assassinat-contre-donald-trump\/stress-manque-d-entrainement-vent-des-experts-en-balistique-analysent-le-tir-qui-a-failli-couter-la-vie-a-donald-trump_6669618.html\" rel=\"nofollow noopener\" target=\"_blank\">la tentative d&rsquo;assassinat dont il avait fait l&rsquo;objet pendant la campagne pr\u00e9sidentielle<\/a>, en juillet 2024.<\/p>\n<p>Sollicit\u00e9 par l&rsquo;AFP, le minist\u00e8re des Finances n&rsquo;a pas donn\u00e9 suite dans l&rsquo;imm\u00e9diat. Le responsable de la monnaie des Etats-Unis, Brandon Beach, a affirm\u00e9 sur X qu&rsquo;il donnerait plus de d\u00e9tails sur cette monnaie <a href=\"https:\/\/www.franceinfo.fr\/monde\/usa\/presidentielle\/donald-trump\/un-vrai-blocage-et-aucune-volonte-de-compromis-le-nouveau-shutdown-qui-paralyse-l-administration-federale-americaine-est-il-parti-pour-durer_7524937.html\" rel=\"nofollow noopener\" target=\"_blank\">quand les Etats-Unis seront sortis de la paralysie budg\u00e9taire<\/a>. Le pays c\u00e9l\u00e8bre l&rsquo;an prochain le 250e anniversaire de son ind\u00e9pendance, obtenue le 4 juillet 1776.<\/p>\n<p><script async src=\"https:\/\/platform.twitter.com\/widgets.js\" charset=\"utf-8\"><\/script><\/p>\n","protected":false},"excerpt":{"rendered":"Parmi les croquis diffus\u00e9s sur les r\u00e9seaux sociaux, le pr\u00e9sident r\u00e9publicain appara\u00eet le poing droit lev\u00e9 devant un&hellip;\n","protected":false},"author":2,"featured_media":437589,"comment_status":"","ping_status":"","sticky":false,"template":"","format":"standard","meta":{"footnotes":""},"categories":[1888],"tags":[1111,1928,11,1927,1777,674,1011,27,12,1926,626,1925,25],"class_list":{"0":"post-437588","1":"post","2":"type-post","3":"status-publish","4":"format-standard","5":"has-post-thumbnail","7":"category-paris","8":"tag-actu","9":"tag-actu-paris","10":"tag-actualites","11":"tag-actualites-paris","12":"tag-eu","13":"tag-europe","14":"tag-fr","15":"tag-france","16":"tag-news","17":"tag-news-paris","18":"tag-paris","19":"tag-paris-news","20":"tag-republique-francaise"},"share_on_mastodon":{"url":"https:\/\/pubeurope.com\/@fr\/115313460085613758","error":""},"_links":{"self":[{"href":"https:\/\/www.europesays.com\/fr\/wp-json\/wp\/v2\/posts\/437588","targetHints":{"allow":["GET"]}}],"collection":[{"href":"https:\/\/www.europesays.com\/fr\/wp-json\/wp\/v2\/posts"}],"about":[{"href":"https:\/\/www.europesays.com\/fr\/wp-json\/wp\/v2\/types\/post"}],"author":[{"embeddable":true,"href":"https:\/\/www.europesays.com\/fr\/wp-json\/wp\/v2\/users\/2"}],"replies":[{"embeddable":true,"href":"https:\/\/www.europesays.com\/fr\/wp-json\/wp\/v2\/comments?post=437588"}],"version-history":[{"count":0,"href":"https:\/\/www.europesays.com\/fr\/wp-json\/wp\/v2\/posts\/437588\/revisions"}],"wp:featuredmedia":[{"embeddable":true,"href":"https:\/\/www.europesays.com\/fr\/wp-json\/wp\/v2\/media\/437589"}],"wp:attachment":[{"href":"https:\/\/www.europesays.com\/fr\/wp-json\/wp\/v2\/media?parent=437588"}],"wp:term":[{"taxonomy":"category","embeddable":true,"href":"https:\/\/www.europesays.com\/fr\/wp-json\/wp\/v2\/categories?post=437588"},{"taxonomy":"post_tag","embeddable":true,"href":"https:\/\/www.europesays.com\/fr\/wp-json\/wp\/v2\/tags?post=437588"}],"curies":[{"name":"wp","href":"https:\/\/api.w.org\/{rel}","templated":true}]}}