{"id":437615,"date":"2025-10-04T02:24:16","date_gmt":"2025-10-04T02:24:16","guid":{"rendered":"https:\/\/www.europesays.com\/fr\/437615\/"},"modified":"2025-10-04T02:24:16","modified_gmt":"2025-10-04T02:24:16","slug":"le-garden-tennis-poursuit-sa-mue-a-royan-sans-association","status":"publish","type":"post","link":"https:\/\/www.europesays.com\/fr\/437615\/","title":{"rendered":"Le Garden Tennis poursuit sa mue \u00e0 Royan sans association"},"content":{"rendered":"<p>En \u00e9tat de mort clinique. Comme nous l\u2019annoncions dans notre \u00e9dition du 30\u00a0juillet 2025, l\u2019association plus que centenaire du Garden Tennis a v\u00e9cu et son histoire se finit en eau de boudin. Sa lente descente aux enfers depuis 2022 et la reprise en gestion du club par la soci\u00e9t\u00e9 de Yann Maitre, TSL (Tennis sports et loisirs), devrait aboutir \u00e0 sa disparition. Il n\u2019y a plus de pr\u00e9sident depuis la d\u00e9mission de Thierry Follveider au d\u00e9but de l\u2019\u00e9t\u00e9 et elle n\u2019a plus aucune activit\u00e9. La cohabitation entre une structure priv\u00e9e et associative, qui devait s\u2019occuper de l\u2019\u00e9cole de tennis, n\u2019a pas dur\u00e9 longtemps, les relations s\u2019\u00e9tant vite d\u00e9grad\u00e9es.<\/p>\n<p>\u00ab\u00a0Depuis d\u00e9but 2024 aucune assembl\u00e9e g\u00e9n\u00e9rale n\u2019a \u00e9t\u00e9 organis\u00e9e, aucune d\u00e9cision tarifaire pour fixer les cotisations n\u2019a \u00e9t\u00e9 prise et aucune cotisation n\u2019a \u00e9t\u00e9 encaiss\u00e9e. Par ailleurs, le Comit\u00e9 d\u00e9partemental de tennis nous a indiqu\u00e9 fin juillet 2025 que l\u2019association, n\u2019ayant pas de convention de mise \u00e0 disposition de courts de tennis, devait normalement \u00eatre radi\u00e9e de la Ligue Nouvelle-Aquitaine\u00a0\u00bb, a inform\u00e9, sous forme d\u2019oraison fun\u00e8bre, le maire de Royan Patrick Marengo lors du dernier conseil municipal.<\/p>\n<p>Nouvelle affiliation<\/p>\n<p>Pour continuer \u00e0 faire fonctionner l\u2019\u00e9cole de tennis, Yann Maitre a donc demand\u00e9 fin ao\u00fbt pour sa soci\u00e9t\u00e9 TSL une affiliation du club \u00e0 la F\u00e9d\u00e9ration fran\u00e7aise de tennis. Celle-ci passait jusqu\u2019\u00e0 maintenant par l\u2019association \u00ab\u00a0qui n\u2019a plus de bureau, plus de membre et dont le sort devrait \u00eatre scell\u00e9 par la pr\u00e9fecture\u00a0\u00bb, indique le chef d\u2019entreprise qui pr\u00e9cise que \u00ab\u00a0cette m\u00e9saventure n\u2019a eu aucune incidence sur les licenci\u00e9s. Au contraire. Nous connaissons une forte recrudescence de fr\u00e9quentation avec 20\u00a0% de gamins en plus \u00e0 l\u2019\u00e9cole de tennis. Nous avons chang\u00e9 les formats et les plages horaires d\u2019entra\u00eenements.\u00a0\u00bb L\u2019int\u00e9ress\u00e9 a d\u00e9sormais les mains libres pour fa\u00e7onner le club comme il l\u2019entend avec un nouveau directeur, Stephen Blair, et l\u2019ouverture d\u2019un restaurant au printemps prochain.<\/p>\n<blockquote><p>On dispose ici d\u2019un lieu remarquable, sublime<\/p><\/blockquote>\n<p>L\u2019ouverture de ce dernier a en effet pris un peu de retard. Christelle Ganteille et ses deux filles Coline et Lola\u00a0devraient officiellement allumer les fourneaux au printemps 2026, peut-\u00eatre en avril. \u00ab\u00a0Ce sera une belle brasserie avec du snacking. En attendant elles ont d\u00e9j\u00e0 bien cartonn\u00e9 cet \u00e9t\u00e9 avec leurs soir\u00e9es Brasero\u00a0\u00bb, se f\u00e9licite Yann Maitre. Si le chantier a en effet \u00e9t\u00e9 retard\u00e9 apr\u00e8s le passage en d\u00e9cembre 2024 de la commission de s\u00e9curit\u00e9, les difficult\u00e9s ont \u00e9t\u00e9 lev\u00e9es il y a quelques jours \u00e0 la suite d\u2019une r\u00e9union entre le ma\u00eetre d\u2019\u0153uvre et le SDIS (Service d\u00e9partemental d\u2019incendie et de secours). \u00ab\u00a0Un nouveau permis de construire modificatif sera instruit sur cette base\u00a0\u00bb, a confi\u00e9 Patrick Marengo. Les travaux devraient donc pouvoir reprendre d\u00e8s le mois d\u2019octobre.<\/p>\n<p>Le site du Garden Tennis a cependant d\u00e9j\u00e0 commenc\u00e9 \u00e0 se transformer depuis deux ans. Sous la ma\u00eetrise d\u2019ouvrage de la soci\u00e9t\u00e9 TSL, les chambres du premier \u00e9tage ont \u00e9t\u00e9 r\u00e9nov\u00e9es. Une nouvelle boutique et une salle de r\u00e9union ont \u00e9t\u00e9 cr\u00e9\u00e9es. Actuellement, c\u2019est sous ma\u00eetrise d\u2019ouvrage de la Ville qu\u2019ont lieu les travaux des menuiseries ext\u00e9rieures pour 350\u00a0000\u00a0euros TTC. \u00ab\u00a0On dispose ici d\u2019un lieu remarquable, sublime. Il faut en \u00eatre conscient et notre objectif est de l\u2019ouvrir \u00e0 tout le monde\u00a0\u00bb, insiste Yann Maitre qui donne rendez-vous au printemps.<\/p>\n","protected":false},"excerpt":{"rendered":"En \u00e9tat de mort clinique. Comme nous l\u2019annoncions dans notre \u00e9dition du 30\u00a0juillet 2025, l\u2019association plus que centenaire&hellip;\n","protected":false},"author":2,"featured_media":437616,"comment_status":"","ping_status":"","sticky":false,"template":"","format":"standard","meta":{"footnotes":""},"categories":[1415],"tags":[1011,27,60,1467],"class_list":{"0":"post-437615","1":"post","2":"type-post","3":"status-publish","4":"format-standard","5":"has-post-thumbnail","7":"category-tennis","8":"tag-fr","9":"tag-france","10":"tag-sports","11":"tag-tennis"},"share_on_mastodon":{"url":"https:\/\/pubeurope.com\/@fr\/115313525559916391","error":""},"_links":{"self":[{"href":"https:\/\/www.europesays.com\/fr\/wp-json\/wp\/v2\/posts\/437615","targetHints":{"allow":["GET"]}}],"collection":[{"href":"https:\/\/www.europesays.com\/fr\/wp-json\/wp\/v2\/posts"}],"about":[{"href":"https:\/\/www.europesays.com\/fr\/wp-json\/wp\/v2\/types\/post"}],"author":[{"embeddable":true,"href":"https:\/\/www.europesays.com\/fr\/wp-json\/wp\/v2\/users\/2"}],"replies":[{"embeddable":true,"href":"https:\/\/www.europesays.com\/fr\/wp-json\/wp\/v2\/comments?post=437615"}],"version-history":[{"count":0,"href":"https:\/\/www.europesays.com\/fr\/wp-json\/wp\/v2\/posts\/437615\/revisions"}],"wp:featuredmedia":[{"embeddable":true,"href":"https:\/\/www.europesays.com\/fr\/wp-json\/wp\/v2\/media\/437616"}],"wp:attachment":[{"href":"https:\/\/www.europesays.com\/fr\/wp-json\/wp\/v2\/media?parent=437615"}],"wp:term":[{"taxonomy":"category","embeddable":true,"href":"https:\/\/www.europesays.com\/fr\/wp-json\/wp\/v2\/categories?post=437615"},{"taxonomy":"post_tag","embeddable":true,"href":"https:\/\/www.europesays.com\/fr\/wp-json\/wp\/v2\/tags?post=437615"}],"curies":[{"name":"wp","href":"https:\/\/api.w.org\/{rel}","templated":true}]}}