{"id":437617,"date":"2025-10-04T02:26:12","date_gmt":"2025-10-04T02:26:12","guid":{"rendered":"https:\/\/www.europesays.com\/fr\/437617\/"},"modified":"2025-10-04T02:26:12","modified_gmt":"2025-10-04T02:26:12","slug":"la-vraie-histoire-derriere-la-strategie-de-bagnaia-%f0%9f%8f%8d%ef%b8%8f","status":"publish","type":"post","link":"https:\/\/www.europesays.com\/fr\/437617\/","title":{"rendered":"La vraie histoire derri\u00e8re la strat\u00e9gie de Bagnaia \ud83c\udfcd\ufe0f"},"content":{"rendered":"<p><img decoding=\"async\" src=\"https:\/\/www.europesays.com\/fr\/wp-content\/uploads\/2025\/10\/68dfaefabbd221f7eed2ac3b_GnG_1269535_HiRes.jpeg\" alt=\"Je ne veux plus r\u00e9pondre \u2013 L'\u00e9trange secret de Ducati sur la sp\u00e9cification de Bagnaia\"\/>\ud83d\udea6 Introduction : Le rideau de fum\u00e9e technique chez <a href=\"https:\/\/www.ducati.com\/fr\/fr\/home\" target=\"_blank\" rel=\"nofollow noopener\">Ducati<\/a><\/p>\n<p><a href=\"https:\/\/www.ducati.com\/fr\/fr\/home\" target=\"_blank\" rel=\"nofollow noopener\">Ducati<\/a>, constructeur embl\u00e9matique du championnat MotoGP, fait face \u00e0 une controverse croissante : le silence entretenu autour des \u00e9volutions techniques de la moto de Pecco Bagnaia commence \u00e0 se retourner contre l&rsquo;\u00e9quipe. Le double champion du monde se montre de plus en plus agac\u00e9, tandis que les sp\u00e9culations s\u2019intensifient suite \u00e0 la confirmation qu\u2019il a test\u00e9 la machine de Franco Morbidelli, celle de 2024, lors des essais de Misano. Dans ce contexte sulfureux, la question de la transparence et de la communication au sein de <a href=\"https:\/\/www.ducati.com\/fr\/fr\/home\" target=\"_blank\" rel=\"nofollow noopener\">Ducati<\/a> prend une importance capitale pour les suiveurs du MotoGP, les fans et les sp\u00e9cialistes.<\/p>\n<p>La strat\u00e9gie adopt\u00e9e par l&rsquo;\u00e9curie italienne intrigue autant qu&rsquo;elle d\u00e9stabilise. Tandis que Bagnaia cherche \u00e0 retrouver la confiance au guidon, la direction refuse de clarifier les d\u00e9tails techniques, alimentant davantage le myst\u00e8re autour des sp\u00e9cifications utilis\u00e9es et du retour potentiel aux solutions de l&rsquo;an pass\u00e9. Cet article vous propose une analyse approfondie, structur\u00e9e en quatre sections th\u00e9matiques, pour percer \u00e0 jour les v\u00e9ritables enjeux sportifs, techniques et humains qui secouent le paddock.<\/p>\n<p>\ud83d\udee0\ufe0f \u00c9volutions techniques et rigidit\u00e9 r\u00e8glementaire\u00a0: les dessous du choix Ducati<\/p>\n<p>La saison MotoGP 2025 de <a href=\"https:\/\/www.ducati.com\/fr\/fr\/home\" target=\"_blank\" rel=\"nofollow noopener\">Ducati<\/a> a \u00e9t\u00e9 marqu\u00e9e par une succession d&rsquo;ajustements techniques et de choix strat\u00e9giques parfois difficiles \u00e0 suivre pour le grand public. La r\u00e9v\u00e9lation que Bagnaia a pilot\u00e9 la moto 2024 de Morbidelli \u00e0 Misano, jusqu\u2019ici soigneusement dissimul\u00e9e, a relanc\u00e9 les d\u00e9bats. Pour la marque italienne, chaque composant, chaque innovation est dict\u00e9 non seulement par la recherche de performance, mais aussi par le respect d\u2019un r\u00e8glement strict o\u00f9 l\u2019homologation limite la marge de man\u0153uvre des ing\u00e9nieurs.<\/p>\n<p>Concr\u00e8tement, durant le week-end de course de Motegi, Bagnaia n\u2019a pas \u00e9t\u00e9 autoris\u00e9 \u00e0 rouler avec un moteur 2024, selon le r\u00e8glement de la FIM. Seuls certains \u00e9l\u00e9ments pouvaient \u00eatre partag\u00e9s entre anciennes et nouvelles versions. Cette situation souligne \u00e0 quel point les dynamiques de d\u00e9veloppement en MotoGP sont \u00e9troitement li\u00e9es \u00e0 la politique technique, for\u00e7ant parfois pilotes et \u00e9quipes \u00e0 composer avec des compromis qui affectent leur performance sur la piste.<\/p>\n<p><img decoding=\"async\" src=\"https:\/\/www.europesays.com\/fr\/wp-content\/uploads\/2025\/10\/68dfaefbbbd221f7eed2ad0f_GnG_1269784_HiRes.jpeg\" alt=\"Je ne veux plus r\u00e9pondre \u2013 L'\u00e9trange secret de Ducati sur la sp\u00e9cification de Bagnaia\"\/><\/p>\n<p>Les \u00e9changes r\u00e9cents entre le management sportif, notamment le boss de l\u2019\u00e9quipe VR46 et le directeur de l\u2019\u00e9quipe officielle, t\u00e9moignent d\u2019une tension palpable. Le manque de clart\u00e9 autour des tests de Bagnaia alimente non seulement la frustration du pilote mais aussi la perplexit\u00e9 de la concurrence et des m\u00e9dias sp\u00e9cialis\u00e9s. Dans un paddock o\u00f9 chaque d\u00e9tail est scrut\u00e9, l\u2019absence de communication officielle de <a href=\"https:\/\/www.ducati.com\/fr\/fr\/home\" target=\"_blank\" rel=\"nofollow noopener\">Ducati<\/a> sur les r\u00e9elles sp\u00e9cifications inqui\u00e8te autant qu\u2019elle intrigue les insiders du MotoGP.<\/p>\n<p>\ud83d\udd25 Entre pression et incompr\u00e9hension\u00a0: Bagnaia dans la tourmente<\/p>\n<p>Pour Pecco Bagnaia, l\u2019enjeu d\u00e9passe la simple adaptation technique. Depuis le d\u00e9but de la saison, il doit affronter non seulement la concurrence f\u00e9roce sur la piste, mais aussi une pression m\u00e9diatique et interne. \u00c0 plusieurs reprises, le champion italien s\u2019est vu interrog\u00e9 sur le mat\u00e9riel utilis\u00e9 lors des tests et sur les raisons des difficult\u00e9s rencontr\u00e9es en d\u00e9but de saison avec la <a href=\"https:\/\/www.ducati.com\/fr\/fr\/motogp\" target=\"_blank\" rel=\"nofollow noopener\">Ducati GP25<\/a>.<\/p>\n<p>\u00ab Toute la saison, j\u2019essaie d\u2019\u00eatre le plus transparent possible. Mais je suis pilote\u2009; pour les aspects techniques, il faut demander \u00e0 l\u2019ing\u00e9nieur en chef \u00bb, a-t-il exprim\u00e9 dans une d\u00e9claration pleine d\u2019exasp\u00e9ration. Ce climat de tension, o\u00f9 le pilote confie ne faire que r\u00e9p\u00e9ter ce qu\u2019on lui demande de dire, traduit un profond malaise. Bagnaia semble prisonnier d\u2019un jeu de communication dont il ne souhaite plus \u00eatre le porte-parole, pr\u00e9f\u00e9rant se concentrer exclusivement sur son pilotage.<\/p>\n<p>Cette situation atteint son paroxysme lorsque, face aux m\u00e9dias, il choisit de ne plus r\u00e9pondre directement aux questions techniques, invitant les journalistes \u00e0 s\u2019adresser \u00e0 l\u2019\u00e9quipe de management. Ce refus d\u2019entrer \u00ab dans ce jeu \u00bb r\u00e9v\u00e8le une fracture interne et d\u00e9voile les fragiles \u00e9quilibres qui r\u00e8gnent aujourd\u2019hui entre les pilotes de haut niveau et la direction des grands constructeurs. Ce malaise, s\u2019il perdure, pourrait avoir des cons\u00e9quences sur la s\u00e9r\u00e9nit\u00e9 du pilote et, par ricochet, sur ses performances en course.<\/p>\n<p>\u2699\ufe0f Secrets d\u2019usine et gestion m\u00e9diatique : une strat\u00e9gie risqu\u00e9e\u00a0?<\/p>\n<p>L\u2019opacit\u00e9 entretenue par <a href=\"https:\/\/www.ducati.com\/fr\/fr\/home\" target=\"_blank\" rel=\"nofollow noopener\">Ducati<\/a> appara\u00eet comme un pari audacieux. Si la dissimulation des tests et des sp\u00e9cifications techniques peut s\u2019inscrire dans une strat\u00e9gie de guerre de l\u2019information vis-\u00e0-vis de la concurrence, elle n\u2019en reste pas moins risqu\u00e9e sur le plan interne et pour l\u2019image de l\u2019\u00e9quipe. Bagnaia n\u2019est pas le seul \u00e0 exprimer son malaise\u2009; la r\u00e9action agac\u00e9e du team manager \u00e0 la confirmation officielle du pr\u00eat de la moto par le boss de la VR46 en est une illustration \u00e9clatante.<\/p>\n<p>Face \u00e0 cette communication \u00e9vasive, les sp\u00e9culations vont bon train\u00a0: Bagnaia a-t-il r\u00e9ellement eu l\u2019occasion de revenir \u00e0 une configuration dont il avait la ma\u00eetrise\u2009? L\u2019\u00e9quipe chercherait-elle \u00e0 masquer des faiblesses structurelles de la GP25\u2009? Ou s\u2019agit-il d\u2019une volont\u00e9 d\u00e9lib\u00e9r\u00e9e de brouiller les pistes pour perturber la concurrence, alors m\u00eame que Marc Marquez semble dominer avec la m\u00eame machine en 2025\u2009?<\/p>\n<p>En refusant de clarifier la situation c\u00f4t\u00e9 pilote comme c\u00f4t\u00e9 \u00e9quipe, <a href=\"https:\/\/www.ducati.com\/fr\/fr\/home\" target=\"_blank\" rel=\"nofollow noopener\">Ducati<\/a> prend en tout cas le risque de fragiliser davantage la relation de confiance avec son champion. Au-del\u00e0 des enjeux sportifs imm\u00e9diats, cette strat\u00e9gie suscite une interrogation sur la durabilit\u00e9 du management actuel face \u00e0 de tels d\u00e9fis de communication et de coh\u00e9sion d\u2019\u00e9quipe.<\/p>\n<p>\ud83c\udfc1 Les implications \u00e0 long terme pour Ducati et pour le MotoGP<\/p>\n<p>La crise de communication et les non-dits techniques pourraient bien laisser des traces profondes pour <a href=\"https:\/\/www.ducati.com\/fr\/fr\/home\" target=\"_blank\" rel=\"nofollow noopener\">Ducati<\/a>. Forte de son histoire glorieuse et du talent de ses pilotes, l&rsquo;\u00e9quipe a plusieurs fois prouv\u00e9 sa capacit\u00e9 \u00e0 rebondir. Mais \u00e0 l\u2019\u00e8re digitale, l\u2019acc\u00e8s \u00e0 l\u2019information et la pression sur la transparence sont tels que le moindre flou devient rapidement un objet de pol\u00e9mique.<\/p>\n<p>La situation de Bagnaia doit servir de signal d\u2019alarme. Au-del\u00e0 des simples performances sur la piste et des questions d\u2019homologation, la gestion du facteur humain devient essentielle. Un pilote heureux, confiant dans la strat\u00e9gie de son \u00e9quipe et libre dans sa communication trouvera naturellement les ressources pour se surpasser. \u00c0 l\u2019inverse, la suspicion et la frustration conduisent \u00e0 la d\u00e9motivation et \u00e0 un climat d\u00e9l\u00e9t\u00e8re, nuisible \u00e0 toute progression.<\/p>\n<p>Pour l\u2019avenir, <a href=\"https:\/\/www.ducati.com\/fr\/fr\/home\" target=\"_blank\" rel=\"nofollow noopener\">Ducati<\/a> devra repenser son rapport \u00e0 la communication interne et externe, afin de garantir \u00e0 la fois la confidentialit\u00e9 strat\u00e9gique et la s\u00e9r\u00e9nit\u00e9 des pilotes. \u00c0 mesure que les championnats se jouent autant sur la technologie que sur l\u2019alchimie humaine des \u00e9quipes, la capacit\u00e9 \u00e0 g\u00e9rer ces crises tout en restant fid\u00e8le \u00e0 ses valeurs sera la cl\u00e9 du succ\u00e8s pour la formation italienne.<\/p>\n<p>\u2728 Conclusion\u00a0: Transcender la crise, retrouver la passion<\/p>\n<p>L\u2019affaire Bagnaia-Ducati restera sans doute comme un cas d\u2019\u00e9cole en mati\u00e8re de gestion de crise sportive et de communication technique \u00e0 haut niveau. Derri\u00e8re les rivalit\u00e9s et l\u2019innovation, il y a toujours l\u2019homme, ses doutes, ses ambitions et sa passion pour la course. La v\u00e9rit\u00e9 finira toujours par s\u2019imposer, sur la piste comme dans les coulisses. Souhaitons \u00e0 <a href=\"https:\/\/www.ducati.com\/fr\/fr\/home\" target=\"_blank\" rel=\"nofollow noopener\">Ducati<\/a> et \u00e0 ses pilotes de retrouver cet esprit d\u2019\u00e9quipe, ce plaisir du d\u00e9fi et cette transparence qui font la grandeur du MotoGP. <strong>Rien ne surpasse la confiance et la passion quand il s\u2019agit de repousser les limites. \ud83c\udf1f<\/strong><\/p>\n<p>Dans un univers o\u00f9 chaque d\u00e9tail compte en comp\u00e9tition, le r\u00eave automobile n\u2019est jamais loin. Vous visez l\u2019excellence d\u2019une <a href=\"https:\/\/www.bmw.fr\/fr\/all-models\/m-series\/m3-sedan\/2022\/bmw-m3-sedan-apercu.html\" target=\"_blank\" rel=\"nofollow noopener\">BMW M3<\/a> via un leasing ou une LLD\u202f? D\u00e9couvrez les solutions flexibles de <a href=\"https:\/\/www.joinsteer.com\" target=\"_blank\" rel=\"nofollow noopener\">Joinsteer<\/a> pour faire rimer passion et s\u00e9curit\u00e9, sans compromis sur la performance.<\/p>\n","protected":false},"excerpt":{"rendered":"\ud83d\udea6 Introduction : Le rideau de fum\u00e9e technique chez Ducati Ducati, constructeur embl\u00e9matique du championnat MotoGP, fait face&hellip;\n","protected":false},"author":2,"featured_media":437618,"comment_status":"","ping_status":"","sticky":false,"template":"","format":"standard","meta":{"footnotes":""},"categories":[1413],"tags":[1011,27,1457,1456,60],"class_list":{"0":"post-437617","1":"post","2":"type-post","3":"status-publish","4":"format-standard","5":"has-post-thumbnail","7":"category-moto","8":"tag-fr","9":"tag-france","10":"tag-moto","11":"tag-motocycle","12":"tag-sports"},"share_on_mastodon":{"url":"https:\/\/pubeurope.com\/@fr\/115313534079601443","error":""},"_links":{"self":[{"href":"https:\/\/www.europesays.com\/fr\/wp-json\/wp\/v2\/posts\/437617","targetHints":{"allow":["GET"]}}],"collection":[{"href":"https:\/\/www.europesays.com\/fr\/wp-json\/wp\/v2\/posts"}],"about":[{"href":"https:\/\/www.europesays.com\/fr\/wp-json\/wp\/v2\/types\/post"}],"author":[{"embeddable":true,"href":"https:\/\/www.europesays.com\/fr\/wp-json\/wp\/v2\/users\/2"}],"replies":[{"embeddable":true,"href":"https:\/\/www.europesays.com\/fr\/wp-json\/wp\/v2\/comments?post=437617"}],"version-history":[{"count":0,"href":"https:\/\/www.europesays.com\/fr\/wp-json\/wp\/v2\/posts\/437617\/revisions"}],"wp:featuredmedia":[{"embeddable":true,"href":"https:\/\/www.europesays.com\/fr\/wp-json\/wp\/v2\/media\/437618"}],"wp:attachment":[{"href":"https:\/\/www.europesays.com\/fr\/wp-json\/wp\/v2\/media?parent=437617"}],"wp:term":[{"taxonomy":"category","embeddable":true,"href":"https:\/\/www.europesays.com\/fr\/wp-json\/wp\/v2\/categories?post=437617"},{"taxonomy":"post_tag","embeddable":true,"href":"https:\/\/www.europesays.com\/fr\/wp-json\/wp\/v2\/tags?post=437617"}],"curies":[{"name":"wp","href":"https:\/\/api.w.org\/{rel}","templated":true}]}}