{"id":437621,"date":"2025-10-04T02:28:12","date_gmt":"2025-10-04T02:28:12","guid":{"rendered":"https:\/\/www.europesays.com\/fr\/437621\/"},"modified":"2025-10-04T02:28:12","modified_gmt":"2025-10-04T02:28:12","slug":"stop-ou-encore-pour-les-coureurs-delite","status":"publish","type":"post","link":"https:\/\/www.europesays.com\/fr\/437621\/","title":{"rendered":"stop ou encore pour les coureurs d\u2019\u00e9lite ?"},"content":{"rendered":"<p>Dans le cyclisme poitevin et du Centre &#8211; Val de Loire, tout le monde conna\u00eet l\u2019amour de Denis Cl\u00e9ment pour le v\u00e9lo et sa volont\u00e9 de relancer, depuis trois ans, deux \u00e9preuves \u00c9lite nationale\u00a0: le Bol d\u2019Or des amateurs, entre Thollet (Vienne) et Cuzion (Indre), le vendredi 3\u00a0octobre\u00a0; et le Troph\u00e9e des Champions, de Saulg\u00e9 (Vienne) \u00e0 Pouligny-Saint-Pierre (Indre), le samedi 4\u00a0octobre. Les parcours sont vari\u00e9s\u00a0et familiers \u00e0 l\u2019Argentonnais Florian Gaillard (Dinan SC)\u00a0: vallonn\u00e9 au Bol d\u2019Or, des routes \u00ab\u00a0mal plates\u00a0\u00bb et expos\u00e9es au vent au Troph\u00e9e des Champions&#8230;. <\/p>\n<p>    Cet article a \u00e9t\u00e9 tronqu\u00e9. Abonnez-vous pour lire l&rsquo;article complet sur notre site.<\/p>\n<p style=\"margin: 0 !important; padding: 0 !important; font-size: 12px !important;\">Cet article a \u00e9t\u00e9 tronqu\u00e9. Abonnez-vous pour lire l&rsquo;article complet.<\/p>\n<p>    <a href=\"https:\/\/www.lanouvellerepublique.fr\/abonnements\" style=\"display: inline-block; margin-top: 5px !important; padding: 6px 12px !important; background: #cb1c27; color: white; text-decoration: none; border-radius: 4px; font-size: 12px !important;\" target=\"_blank\" rel=\"noopener\"><br \/>\n      S&rsquo;abonner<br \/>\n    <\/a><\/p>\n","protected":false},"excerpt":{"rendered":"Dans le cyclisme poitevin et du Centre &#8211; Val de Loire, tout le monde conna\u00eet l\u2019amour de Denis&hellip;\n","protected":false},"author":2,"featured_media":437622,"comment_status":"","ping_status":"","sticky":false,"template":"","format":"standard","meta":{"footnotes":""},"categories":[1411],"tags":[8669,56497,1154,207,1011,27,5052,56496,56494,60,56495,1584],"class_list":{"0":"post-437621","1":"post","2":"type-post","3":"status-publish","4":"format-standard","5":"has-post-thumbnail","7":"category-cyclisme","8":"tag-argenton-sur-creuse","9":"tag-cuzion","10":"tag-cycling","11":"tag-cyclisme","12":"tag-fr","13":"tag-france","14":"tag-indre","15":"tag-pouligny-saint-pierre","16":"tag-saulge","17":"tag-sports","18":"tag-thollet","19":"tag-vienne"},"share_on_mastodon":{"url":"https:\/\/pubeurope.com\/@fr\/115313541400842547","error":""},"_links":{"self":[{"href":"https:\/\/www.europesays.com\/fr\/wp-json\/wp\/v2\/posts\/437621","targetHints":{"allow":["GET"]}}],"collection":[{"href":"https:\/\/www.europesays.com\/fr\/wp-json\/wp\/v2\/posts"}],"about":[{"href":"https:\/\/www.europesays.com\/fr\/wp-json\/wp\/v2\/types\/post"}],"author":[{"embeddable":true,"href":"https:\/\/www.europesays.com\/fr\/wp-json\/wp\/v2\/users\/2"}],"replies":[{"embeddable":true,"href":"https:\/\/www.europesays.com\/fr\/wp-json\/wp\/v2\/comments?post=437621"}],"version-history":[{"count":0,"href":"https:\/\/www.europesays.com\/fr\/wp-json\/wp\/v2\/posts\/437621\/revisions"}],"wp:featuredmedia":[{"embeddable":true,"href":"https:\/\/www.europesays.com\/fr\/wp-json\/wp\/v2\/media\/437622"}],"wp:attachment":[{"href":"https:\/\/www.europesays.com\/fr\/wp-json\/wp\/v2\/media?parent=437621"}],"wp:term":[{"taxonomy":"category","embeddable":true,"href":"https:\/\/www.europesays.com\/fr\/wp-json\/wp\/v2\/categories?post=437621"},{"taxonomy":"post_tag","embeddable":true,"href":"https:\/\/www.europesays.com\/fr\/wp-json\/wp\/v2\/tags?post=437621"}],"curies":[{"name":"wp","href":"https:\/\/api.w.org\/{rel}","templated":true}]}}