{"id":437623,"date":"2025-10-04T02:29:13","date_gmt":"2025-10-04T02:29:13","guid":{"rendered":"https:\/\/www.europesays.com\/fr\/437623\/"},"modified":"2025-10-04T02:29:13","modified_gmt":"2025-10-04T02:29:13","slug":"edf-la-liste-avec-mateta-maxifoot","status":"publish","type":"post","link":"https:\/\/www.europesays.com\/fr\/437623\/","title":{"rendered":"EdF : la liste avec Mateta ! &#8211; Maxifoot"},"content":{"rendered":"<ol>\n<li><a href=\"https:\/\/news.google.com\/rss\/articles\/CBMidkFVX3lxTE52Z2hPdHdYcll0MlFiM09rYVRFNVhBcC1yMDJyejY0ODBpdHNoOExUT3E5UWZCUWhIdUcwQ0p4QV9CU0F4Tkktbkg2amxqSG1mUE9uenBFNE9DN3U5bmo3SDFQcFBSSzJwTHhxUWJnVThxdGVjVVHSAXZBVV95cUxOYkxIc1NSS0NKU2dmZXo4d1Rrck5iMjRWWmtlN3dhZEU4TklxbXdHcUdhU1JKN2tRbERFN0dzQ1dLT0FUWnQyRXgxZjB3djZIbW5pSUJVYVFpVWlWUXRFcVZiUnJNSlpld3NjaklEeElJOFd4a0l3?oc=5\" target=\"_blank\" rel=\"noopener\">EdF : la liste avec Mateta !<\/a>&nbsp;&nbsp;Maxifoot<\/li>\n<li><a href=\"https:\/\/news.google.com\/rss\/articles\/CBMinAJBVV95cUxOSHVwcUpnanp4ZVZXbTFEQ2ZCWTJLbWpkLXJrNnJneEZEQ0dBZ01oWS1ubTFoLWRtaWp1bWlUMERodV9LSTgyVDRucjNlNVZrYlkybWk4YTE0cVJVNGhWMjBYRWVXTnQzcV85a3hJSTA3ZW93Z0dHbVlXMGV1WGZaX3FmOWsxeEZqX2pDYjF2Qm9rZV94YlpHTGYyNFRBbzV5QTkxVVRDZFBMYjJDZ1FRd0t6aXV4cV9wRnVvOHloNVBkU00tZlN6c2NmRURBUDFZUW9DR2VyRjViV2hwSmh0YjR4T0FqWW92RGx2ZjhzZm1fbnFrT0l1amFWYk5EMWVjR2MyQUV1Y1JaS1RmN3o4SmtLMUxoYjJXR3Rleg?oc=5\" target=\"_blank\" rel=\"noopener\">Convoqu\u00e9 pour la premi\u00e8re fois en \u00e9quipe de France, \u00ab son r\u00eave de gosse \u00bb, Mateta, un Bleu qui vient (et part) de loin<\/a>&nbsp;&nbsp;L&rsquo;\u00c9quipe<\/li>\n<li><a href=\"https:\/\/news.google.com\/rss\/articles\/CBMimwJBVV95cUxPZGxjZjhBSUIxcEUzMm5uZUNYYmpiSHEtS2sxWFF2aC10RVg4U3QzWjZSYnA3ODdtTk4tR3VFSmRPZ0Y3Z2hxTFhCRFNiVUQ1WFkzc2tYbFJSTVdQa1R6bVJJZ0pnWXRWaXdob1hjVWNZSk9VT1JPUHp2djdrNzZiaURLMktGVDJZbHZsdG5tbWpIaVhxZnYweVl5ZGFWZXIwR2ZQTmxrTFBIZWxoZmxpcDV2OS1UdWlwcnBuYkw5dEZQcWJyVlVJUnJlaHp3VFhtVzZGeFVuZWNjNko1a2NMaEhtdi1KRDdQMXdTaTFuV2s3VHh2clAyeXhQQ2FVWXVuaDhYOTAwaF9wUnNZY1JwT05fNTVXdHNHcGRN?oc=5\" target=\"_blank\" rel=\"noopener\">Enfant de banlieue, m\u00e9daill\u00e9 olympique, maillot dans le short\u2026 Qui est Jean-Philippe Mateta, nouvel appel\u00e9 des Bleus par Deschamps ?<\/a>&nbsp;&nbsp;Le Figaro<\/li>\n<li><a href=\"https:\/\/news.google.com\/rss\/articles\/CBMipwJBVV95cUxPQ0g5U2NERmpQTG5CcUJqZndmNDBhRGhnUjJSS200NjBqQ2I2TllaMV9MYzh1U0dRS3o4bFdUT1FuaVVFMUdKZ2JZYk5TWUQ4SlJVOUZFbHY4Mzd4MUs4ZzdDLUtnSzhvVGVMRk1QVzh1aVRPQlVTRnVQal9ZdHAwUlNzVi1NS2FsOXB1bnFMVHRmajBPMjRTVmwySXlBTE1qQkphU0l2STlqbHJuaUhuZ0UtTHlOYzhnX1hWUHFyN0U3S3dYbkVzNDZCYXhMQ0RjTXhvMlNhcGQ0TERPT09zV3JUaUdZMWRpYWEtN2N6cWVEYnB5YkJPaFJvNlhqVHRQODRhWmFaZGZTMGhmU3NNWXJYZDYwRDEwV1B1WFkxWkFUcU1GclBv?oc=5\" target=\"_blank\" rel=\"noopener\">La surprise Mateta, l&rsquo;absence de Thauvin<\/a>&nbsp;&nbsp;Eurosport<\/li>\n<li><a href=\"https:\/\/news.google.com\/rss\/articles\/CBMi8AFBVV95cUxOXzRIVkVJd3hIa2RFRnZRejAzSmZCN1NodjZHMjdCS3VwUVB5MElrRDQyNWdOWkZhT3JIbk1fQl8tTzIzU0t5YllTQ2FpXzI4VTNBZVFMakp2d1FiUW1Eb042MmFvRmxLdTFneTBBUklWNWZHY2poaUZjM0EyWE9FdVlydHhNQW9zVmFhblhxMnhyT2RHdXV4MUp4S25CNFBOQk01OFowMXBFMmxRcU5HX3N2M3ZWT3R6b3pmdE9xOVNrQU5USlh3U19aaEI5VlpqYzZQaVFMS1k2ZUpaVXo0MVB0TzIweTNHa3hLZWVWMUbSAe8BQVVfeXFMT2NvR0pZb0xJdHdFQ3VYVzBLZFVBSnU3YS1RWnlwZjVrRjQzRmVScldYTGJSU1d5Vm1OR0RnVkZWRV9XbUpuT2M4VXVJWGpXNWt5TnVNb2s2YnJhOXRYbFBjS2VodFloMlF4NU44MTBsLWhWQURBTHJaeHBFTExQQ3RtYXpCdURBdG5yckZKY1c3TTVubHlEQzJtanpXR2prMl81aUZCcnBObXVuMDNMcG5PdDN1RnZrX0F1VEZCbG9MbzdGRkEyeEpJQ3RTNVRwY0NZeVgwRElPSlBfNFRGRDRjMEhxTjl4N1VkamRvNGc?oc=5\" target=\"_blank\" rel=\"noopener\">Bleus : Deschamps d\u00e9voile sa liste pour affronter l&rsquo;Azerba\u00efdjan et l&rsquo;Islande<\/a>&nbsp;&nbsp;Orange Actualit\u00e9s | Sports<\/li>\n<\/ol>\n","protected":false},"excerpt":{"rendered":"EdF : la liste avec Mateta !&nbsp;&nbsp;Maxifoot Convoqu\u00e9 pour la premi\u00e8re fois en \u00e9quipe de France, \u00ab son&hellip;\n","protected":false},"author":2,"featured_media":437624,"comment_status":"","ping_status":"","sticky":false,"template":"","format":"standard","meta":{"footnotes":""},"categories":[1410],"tags":[2266,2262,2261,1981,83,2260,451,2263,462,2269,2257,63,1011,27,2265,1441,453,66,447,2267,955,2268,241,149,70,1817,93,2264,2258,2259,60,969,455],"class_list":{"0":"post-437623","1":"post","2":"type-post","3":"status-publish","4":"format-standard","5":"has-post-thumbnail","7":"category-football","8":"tag-as-monaco","9":"tag-bundesligua","10":"tag-calcio","11":"tag-classement","12":"tag-coupe-de-france","13":"tag-coupe-de-la-ligue","14":"tag-coupe-du-monde","15":"tag-equipe","16":"tag-fc-nantes","17":"tag-fifa","18":"tag-foot","19":"tag-football","20":"tag-fr","21":"tag-france","22":"tag-girondins-bordeaux","23":"tag-joueur","24":"tag-liga","25":"tag-ligue-1","26":"tag-ligue-des-champions","27":"tag-losc","28":"tag-match","29":"tag-ogc-nice","30":"tag-ol","31":"tag-om","32":"tag-premier-league","33":"tag-pronostic","34":"tag-psg","35":"tag-rc-lens","36":"tag-resultat","37":"tag-score","38":"tag-sports","39":"tag-transfert","40":"tag-uefa"},"share_on_mastodon":{"url":"https:\/\/pubeurope.com\/@fr\/115313545455740113","error":""},"_links":{"self":[{"href":"https:\/\/www.europesays.com\/fr\/wp-json\/wp\/v2\/posts\/437623","targetHints":{"allow":["GET"]}}],"collection":[{"href":"https:\/\/www.europesays.com\/fr\/wp-json\/wp\/v2\/posts"}],"about":[{"href":"https:\/\/www.europesays.com\/fr\/wp-json\/wp\/v2\/types\/post"}],"author":[{"embeddable":true,"href":"https:\/\/www.europesays.com\/fr\/wp-json\/wp\/v2\/users\/2"}],"replies":[{"embeddable":true,"href":"https:\/\/www.europesays.com\/fr\/wp-json\/wp\/v2\/comments?post=437623"}],"version-history":[{"count":0,"href":"https:\/\/www.europesays.com\/fr\/wp-json\/wp\/v2\/posts\/437623\/revisions"}],"wp:featuredmedia":[{"embeddable":true,"href":"https:\/\/www.europesays.com\/fr\/wp-json\/wp\/v2\/media\/437624"}],"wp:attachment":[{"href":"https:\/\/www.europesays.com\/fr\/wp-json\/wp\/v2\/media?parent=437623"}],"wp:term":[{"taxonomy":"category","embeddable":true,"href":"https:\/\/www.europesays.com\/fr\/wp-json\/wp\/v2\/categories?post=437623"},{"taxonomy":"post_tag","embeddable":true,"href":"https:\/\/www.europesays.com\/fr\/wp-json\/wp\/v2\/tags?post=437623"}],"curies":[{"name":"wp","href":"https:\/\/api.w.org\/{rel}","templated":true}]}}