{"id":437625,"date":"2025-10-04T02:30:31","date_gmt":"2025-10-04T02:30:31","guid":{"rendered":"https:\/\/www.europesays.com\/fr\/437625\/"},"modified":"2025-10-04T02:30:31","modified_gmt":"2025-10-04T02:30:31","slug":"jean-michel-jarre-anne-parillaud-gong-li-charlotte-rampling-maestro-des-synthes-et-des-femmes-fatales","status":"publish","type":"post","link":"https:\/\/www.europesays.com\/fr\/437625\/","title":{"rendered":"Jean-Michel Jarre : Anne Parillaud, Gong Li, Charlotte Rampling, maestro des synth\u00e9s et des femmes fatales"},"content":{"rendered":"<p>Ce 1er octobre 2025, tandis que France 4 diffuse en premi\u00e8re partie de soir\u00e9e le concert \u00ab\u00a0Cerrone &#8211; Disco symphonique \u00e0 la Philharmonie\u00a0\u00bb, les m\u00e9lomanes auront droit \u00e0 un autre g\u00e9ant de la musique \u00e9lectronique, juste apr\u00e8s. Jean-Michel Jarre. <\/p>\n<p>L&rsquo;<a href=\"https:\/\/vsd.fr\/58904-jean-michel-jarre-et-sa-soeur-stefanie-voient-leur-heritage-leur-echapper-definitivement-mais-combien-de-millions-deuros\/\" target=\"_blank\" rel=\"noopener\">homme des concerts les plus monumentaux<\/a>, entre Paris, P\u00e9kin, Londres, Ath\u00e8nes, Moscou, Houston et Versailles, <strong>s&rsquo;est produit aux Francofolies de La Rochelle, le 14 juillet 2024.<\/strong> Et il a jou\u00e9 des titres tels que \u201cZero Gravity\u201d ou \u201cOxyg\u00e8ne 19\u201d. Si <a href=\"https:\/\/www.public.fr\/jean-michel-jarre-il-a-fait-vibrer-massada-pour-la-mer-morte-mon-metier-c-est-de-faire-du-bruit\" target=\"_blank\" rel=\"noopener\">sa renomm\u00e9e est mondiale<\/a>, concernant la musique, elle l&rsquo;est aussi dans les colonnes des magazines people. <\/p>\n<p>Au fil des ann\u00e9es, il a connu les histoires d&rsquo;amour, les naissances, et souvent, les s\u00e9parations. Retour sur les femmes embl\u00e9matiques qui ont partag\u00e9 sa vie.<\/p>\n<p>Charlotte Rampling <\/p>\n<p>Lorsqu&rsquo;il rencontre l&rsquo;actrice britannique, en 1976, il a d\u00e9j\u00e0 une fille, \u00c9milie Jarre, avec Flore Guillard, avec qui il est rest\u00e9 deux ans. Deux ans plus tard, il l&rsquo;\u00e9pouse, et la m\u00eame ann\u00e9e na\u00eet leur fils David. Jean-Michel Jarre et Charlotte Rampling ont form\u00e9 l&rsquo;un des couples fran\u00e7ais les plus embl\u00e9matiques des ann\u00e9es 1980. Et ce, jusqu&rsquo;\u00e0 2003. Ensemble, ils ont \u00e9lev\u00e9 3 enfants, le leur, celui de Jean-Michel Jarre, mais aussi celui de Charlotte Rampling, Barnaby, n\u00e9 d&rsquo;un premier mariage. <\/p>\n<p>Et leur David est lui aussi devenu une c\u00e9l\u00e9brit\u00e9 dans un domaine tr\u00e8s particulier&#8230; <strong>la magie.<\/strong> En septembre 2024, dans le Parisien avait expliqu\u00e9 : \u00ab\u00a0<strong>J\u2019ai commenc\u00e9 la magie professionnelle \u00e0 19 ans<\/strong> dans des bars et des clubs en France. J\u2019ai fait \u00e7a pendant plusieurs ann\u00e9es, en parall\u00e8le de mes \u00e9tudes. <strong>Le bouche-\u00e0-oreille m\u2019a permis d\u2019en faire mon m\u00e9tier<\/strong> \u00ab\u00a0.<\/p>\n<p>Isabelle Adjani<\/p>\n<p>En septembre 2003, Jean-Michel Jarre sort de l&rsquo;album Geometry of love, con\u00e7u pour le VIP Room des Champs-\u00c9lys\u00e9es \u00e0 Paris, au style lounge. Cet album est aussi inspir\u00e9 par sa relation avec l&rsquo;actrice Isabelle Adjani. <\/p>\n<p>Mais alors que le couple roucoulait depuis juillet 2002, et que les rumeurs au sujet de leur mariage imminent ne cessaient de se multiplier, un tremblement de terre \u00e9tait arriv\u00e9. Isabelle Adjani qui avait appris que Jean-Michel Jarre la trompait avec Anne Parillaud avait laiss\u00e9 \u00e9clat\u00e9 sa col\u00e8re dans les colonnes de Paris Match. <\/p>\n<p>En juin 2004, elle avait ainsi rompu avec lui, tr\u00e8s publiquement, par presse interpos\u00e9e, avant m\u00eame de lui en avoir parl\u00e9 en priv\u00e9. Dans l&rsquo;interview, elle balan\u00e7ait alors : <strong>\u00ab\u00a0J&rsquo;y ai cru et il m&rsquo;a tromp\u00e9e,<\/strong> je le quitte. Notre histoire a perdu la beaut\u00e9 de son engagement avec ses couleurs d&rsquo;origine, cela ne m&rsquo;int\u00e9resse plus, c&rsquo;est pour \u00e7a que je pars\u00a0\u00bb.<\/p>\n<p>Il a fallu attendre 2016 et une interview accord\u00e9e \u00e0 \u202fElle pour qu&rsquo;elle s&rsquo;explique sur son geste. Isabelle Adjani a ainsi comment\u00e9\u00a0:\u202f<strong>\u00ab\u00a0Il avait d\u00e9cid\u00e9 qu&rsquo;il fallait entretenir notre relation aux yeux du monde jusqu&rsquo;\u00e0 la fin de l&rsquo;ann\u00e9e, apr\u00e8s la sortie de son disque et son concert en Chine, \u00e0 la rentr\u00e9e.\u00a0\u00bb<\/strong><\/p>\n<p>Et d&rsquo;ajouter : \u00ab\u00a0Je devais r\u00e9gler cela, j&rsquo;allais tomber malade sinon. S&rsquo;exposer, ce n&rsquo;est jamais une bonne fa\u00e7on. Mais j&rsquo;ai rencontr\u00e9 des femmes qui m&rsquo;ont dit merci. I<strong>l fallait quand m\u00eame, vu mon orgueil, que \u00e7a devienne un sujet de soci\u00e9t\u00e9<\/strong> et pas de l&rsquo;auto-victimisation\u00a0\u00bb.<\/p>\n<p>Anne Parillaud<\/p>\n<p>Apr\u00e8s avoir d\u00e9fray\u00e9 la chronique lors de sa rupture avec l&rsquo;actrice Isabelle Adjani, Jean-Michel Jarre \u00e9pouse Anne Parillaud. Mais le mariage, l\u00e0 encore, ne durera que 5 ans, de 2005 et 2010. Et finalement, en novembre 2010, Jean-Michel Jarre annonce \u00e0 la presse son divorce d&rsquo;avec Anne Parillaud.<\/p>\n<p>L\u2019actrice est ensuite tomb\u00e9e sous le charme d\u2019Alain Delon, du r\u00e9alisateur Luc Besson, avec qui elle aura sa premi\u00e8re fille, Juliette, puis du producteur Mark Allan, p\u00e8re de ses deux derniers enfants, Lou et Th\u00e9o.<\/p>\n<p>En septembre 2024, \u00e0 Gala, elle avait accept\u00e9 d&rsquo;expliquer <a href=\"https:\/\/www.public.fr\/quand-la-toxicite-devient-trop-chez-julia-vignali-anne-parillaud-se-confie-comme-jamais-sur-alain-delon-quelques-jours-apres-les-adieux\" target=\"_blank\" rel=\"noopener\">les raisons de cette rupture.<\/a> Et de d\u00e9noncer : \u201cQuand la souffrance est plus grande que la jouissance,<strong> quand la relation est toxique<\/strong>, il faut avoir la force de s\u2019en aller\u201d. <\/p>\n<p>Et pourtant, Anne Parillaud prenait tr\u00e8s au s\u00e9rieux les voeux qu&rsquo;ils avaient formul\u00e9s devant l&rsquo;autel. Elle avait alors comment\u00e9 : <strong>\u201cLe mariage, pour moi, est un v\u00e9ritable engagement.<\/strong> Et lorsque j\u2019ai sign\u00e9, j\u2019y ai vraiment cru. Mais c\u2019est une aventure qui se joue \u00e0 deux. Et la personne que j\u2019ai \u00e9pous\u00e9e s\u2019est r\u00e9v\u00e9l\u00e9e diff\u00e9rente de ce que je croyais\u201d.<\/p>\n<p>\u00c0 propos du d\u00e9but de sa relation, avec un homme qui \u00e9tait d\u00e9j\u00e0 pris, elle avait par ailleurs l\u00e2ch\u00e9 : \u00ab\u00a0Isabelle Adjani m&rsquo;a dit\u00a0: &lsquo;<strong>Je ne vous en ai jamais voulu. Je lui en ai voulu \u00e0 lui.&rsquo;<\/strong>Quelle sororit\u00e9 et quelle g\u00e9n\u00e9rosit\u00e9\u00a0! Je l&rsquo;ai trouv\u00e9e admirable.\u00a0\u00bb<\/p>\n<p>Gong Li<\/p>\n<p>Apr\u00e8s la fin de son couple avec Anne Parillaud, Jean-Michel Jarre s&rsquo;est fait plus discret sur la question sentimentale. Et ce, jusqu&rsquo;\u00e0 ce qu&rsquo;il retombe encore amoureux ! C&rsquo;est ainsi que le 14 juillet 2019, pour sa promotion de commandeur de la L\u00e9gion d&rsquo;honneur, il \u00e9tait arriv\u00e9 au bras de l&rsquo;actrice chinoise Gong Li.<\/p>\n<p>En 2022, dans les colonnes de Paris Match, il avait racont\u00e9 l&rsquo;avoir rencontr\u00e9e chez \u00ab\u00a0un ami commun\u00a0\u00bb. Et de confier : \u00ab\u00a0Nous avons imm\u00e9diatement eu le sentiment de nous trouver, ou plut\u00f4t de nous retrouver, <strong>l&rsquo;\u00e9trange sensation de nous conna\u00eetre depuis longtemp<\/strong>s\u00a0\u00bb.<\/p>\n<p>Leur histoire est rapidement devenue s\u00e9rieuse, a \u00e9galement assur\u00e9 Jean-Michel Jarre, qui a d\u00e9voil\u00e9 : \u00ab\u00a0J&rsquo;\u00e9tais en pleine tourn\u00e9e Electronica, de passage en France entre les concerts de Londres et Stockholm. Li est repartie avec moi, tout naturellement, en s&rsquo;int\u00e9grant \u00e0 l&rsquo;\u00e9quipe comme si elle en faisait partie depuis toujours\u00a0\u00bb. <\/p>\n<p>Concernant le couple iconique qu&rsquo;ils forment, il avait estim\u00e9 : \u00ab\u00a0<strong>J&rsquo;aime aussi l&rsquo;id\u00e9e qu&rsquo;entre nous, le Lyonnais et la Chinoise, la route, celle de la soie, \u00e9tait toute trac\u00e9e<\/strong>\u00ab\u00a0. Et de rappeler, \u00e0 propos de sa compagne : \u00ab\u00a0<strong>Gong Li est une l\u00e9gende en Chine<\/strong>, c&rsquo;est \u00e0 travers elle que le monde a pris conscience de l&rsquo;importance du cin\u00e9ma chinois. (&#8230;) <strong>Elle incarne aussi l&rsquo;ind\u00e9pendance et la libert\u00e9 de la femme moderne chinoise<\/strong>\u00ab\u00a0.<\/p>\n<p>      Mentionn\u00e9s dans cet article<\/p>\n","protected":false},"excerpt":{"rendered":"Ce 1er octobre 2025, tandis que France 4 diffuse en premi\u00e8re partie de soir\u00e9e le concert \u00ab\u00a0Cerrone &#8211;&hellip;\n","protected":false},"author":2,"featured_media":437626,"comment_status":"","ping_status":"","sticky":false,"template":"","format":"standard","meta":{"footnotes":""},"categories":[1359],"tags":[56498,56499,58,59,1011,27,27053,36164,973],"class_list":{"0":"post-437625","1":"post","2":"type-post","3":"status-publish","4":"format-standard","5":"has-post-thumbnail","7":"category-people","8":"tag-anne-parillaud","9":"tag-charlotte-rampling","10":"tag-divertissement","11":"tag-entertainment","12":"tag-fr","13":"tag-france","14":"tag-isabelle-adjani","15":"tag-jean-michel-jarre","16":"tag-people"},"share_on_mastodon":{"url":"https:\/\/pubeurope.com\/@fr\/115313549176980554","error":""},"_links":{"self":[{"href":"https:\/\/www.europesays.com\/fr\/wp-json\/wp\/v2\/posts\/437625","targetHints":{"allow":["GET"]}}],"collection":[{"href":"https:\/\/www.europesays.com\/fr\/wp-json\/wp\/v2\/posts"}],"about":[{"href":"https:\/\/www.europesays.com\/fr\/wp-json\/wp\/v2\/types\/post"}],"author":[{"embeddable":true,"href":"https:\/\/www.europesays.com\/fr\/wp-json\/wp\/v2\/users\/2"}],"replies":[{"embeddable":true,"href":"https:\/\/www.europesays.com\/fr\/wp-json\/wp\/v2\/comments?post=437625"}],"version-history":[{"count":0,"href":"https:\/\/www.europesays.com\/fr\/wp-json\/wp\/v2\/posts\/437625\/revisions"}],"wp:featuredmedia":[{"embeddable":true,"href":"https:\/\/www.europesays.com\/fr\/wp-json\/wp\/v2\/media\/437626"}],"wp:attachment":[{"href":"https:\/\/www.europesays.com\/fr\/wp-json\/wp\/v2\/media?parent=437625"}],"wp:term":[{"taxonomy":"category","embeddable":true,"href":"https:\/\/www.europesays.com\/fr\/wp-json\/wp\/v2\/categories?post=437625"},{"taxonomy":"post_tag","embeddable":true,"href":"https:\/\/www.europesays.com\/fr\/wp-json\/wp\/v2\/tags?post=437625"}],"curies":[{"name":"wp","href":"https:\/\/api.w.org\/{rel}","templated":true}]}}