{"id":437630,"date":"2025-10-04T02:36:24","date_gmt":"2025-10-04T02:36:24","guid":{"rendered":"https:\/\/www.europesays.com\/fr\/437630\/"},"modified":"2025-10-04T02:36:24","modified_gmt":"2025-10-04T02:36:24","slug":"cette-star-dechue-des-annees-90-laccuse-de-lui-avoir-vole-son-look","status":"publish","type":"post","link":"https:\/\/www.europesays.com\/fr\/437630\/","title":{"rendered":"cette star d\u00e9chue des ann\u00e9es 90 l&rsquo;accuse de lui avoir vol\u00e9 son look"},"content":{"rendered":"<p itemprop=\"description\"><strong>La rivalit\u00e9 entre les chanteuses de l&rsquo;industrie musicale, ce n&rsquo;est pas toujours une l\u00e9gende !<\/strong><\/p>\n<p>L&rsquo;industrie musicale a <strong>pris l&rsquo;habitude de mettre en opposition les \u00ab\u00a0popstars\u00a0\u00bb f\u00e9minines<\/strong>, afin de cr\u00e9er des <strong>rivalit\u00e9s m\u00e9diatiques et de faire monter le buzz<\/strong> autour de deux artistes, ce qui est souvent b\u00e9n\u00e9fique pour tout le monde, au final. Mais parfois <strong>les artistes font \u00e7a tr\u00e8s bien toutes seules<\/strong>. Prenons l&rsquo;exemple de <a href=\"https:\/\/mradio.fr\/news\/musique\/55307\/lorie-prepare-son-grand-retour-sur-scene-j-ai-repris-les-cours-de-chant-a-fond\" target=\"_blank\" rel=\"noopener\"><strong>Lorie<\/strong><\/a> par exemple : \u00e0 la toute fin des ann\u00e9es 90, la jeune chanteuse, qui a failli \u00eatre championne de patinage, \u00e9merge d&rsquo;un coup, avec son single \u00ab\u00a0Pr\u00e8s de moi\u00a0\u00bb notamment. Mais <strong>une chanteuse accuse justement Lorie de lui avoir tout vol\u00e9, surtout son look et sa coupe de cheveux.<\/strong><\/p>\n<p><strong>Cette chanteuse, c&rsquo;est Sandy Valentino<\/strong>, qui a fait une perc\u00e9e pendant les ann\u00e9es 90 avec <strong>son single \u00ab\u00a0Pourquoi\u00a0\u00bb<\/strong>, tr\u00e8s rythm\u00e9, dans un registre un peu pop, et qui s&rsquo;adresse <strong>en majorit\u00e9 \u00e0 un public adolescent ou aux jeunes adultes<\/strong>. R\u00e9v\u00e9l\u00e9e apr\u00e8s un passage dans <strong>l&rsquo;\u00e9mission \u00ab\u00a0Graines de Stars\u00a0\u00bb<\/strong>, elle a finalement quitt\u00e9 le devant de la sc\u00e8ne pour des raisons de sant\u00e9, avant de tenter de revenir sans succ\u00e8s, et de jeter l&rsquo;\u00e9ponge. Selon elle, l&rsquo;\u00e9chec de son retour est d\u00fb au fait qu&rsquo;elle a \u00e9t\u00e9 remplac\u00e9e par une nouvelle chanteuse qui lui a emprunt\u00e9 pas mal d&rsquo;ingr\u00e9dients :<\/p>\n<blockquote><p>&#13;<\/p>\n<p><strong>Je suis revenue avec quelques nouveaux titres, je les ai fait \u00e9couter \u00e0 droite et \u00e0 gauche, mais il se trouve que durant la p\u00e9riode pendant laquelle je me suis arr\u00eat\u00e9e, est arriv\u00e9e une chanteuse : la coupe Sandy Valentino, le look Sandy Valentino.<\/strong><\/p>\n<p>&#13;\n<\/p><\/blockquote>\n<p>Cette chanteuse, c&rsquo;est <a href=\"https:\/\/mradio.fr\/news\/people\/54748\/lorie-revient-sur-sa-collision-avec-jenifer-dans-le-spectacle-des-enfoires\" target=\"_blank\" rel=\"noopener\">Lorie<\/a>. Il est vrai que <strong>dans le look, il y a quelques similitudes, mais en v\u00e9rit\u00e9, c&rsquo;\u00e9tait un look qui \u00e9tait finalement assez courant dans les ann\u00e9es 90\/2000<\/strong>, tout comme la coupe de cheveux. Mais il est vrai qu&rsquo;il peut \u00eatre assez difficile d&rsquo;exister pour deux chanteuses qui ont beaucoup de points communs&#8230;<\/p><\/p>\n","protected":false},"excerpt":{"rendered":"La rivalit\u00e9 entre les chanteuses de l&rsquo;industrie musicale, ce n&rsquo;est pas toujours une l\u00e9gende ! L&rsquo;industrie musicale a&hellip;\n","protected":false},"author":2,"featured_media":437631,"comment_status":"","ping_status":"","sticky":false,"template":"","format":"standard","meta":{"footnotes":""},"categories":[1355],"tags":[11,3723,2937,1695,1697,58,59,1011,26,27,3722,1361,3724,873,626,3725,1825],"class_list":{"0":"post-437630","1":"post","2":"type-post","3":"status-publish","4":"format-standard","5":"has-post-thumbnail","7":"category-musique","8":"tag-actualites","9":"tag-actus","10":"tag-artistes","11":"tag-chanson","12":"tag-concert","13":"tag-divertissement","14":"tag-entertainment","15":"tag-fr","16":"tag-francaise","17":"tag-france","18":"tag-mradio","19":"tag-music","20":"tag-musicale","21":"tag-musique","22":"tag-paris","23":"tag-podcast","24":"tag-radio"},"share_on_mastodon":{"url":"https:\/\/pubeurope.com\/@fr\/115313572824361947","error":""},"_links":{"self":[{"href":"https:\/\/www.europesays.com\/fr\/wp-json\/wp\/v2\/posts\/437630","targetHints":{"allow":["GET"]}}],"collection":[{"href":"https:\/\/www.europesays.com\/fr\/wp-json\/wp\/v2\/posts"}],"about":[{"href":"https:\/\/www.europesays.com\/fr\/wp-json\/wp\/v2\/types\/post"}],"author":[{"embeddable":true,"href":"https:\/\/www.europesays.com\/fr\/wp-json\/wp\/v2\/users\/2"}],"replies":[{"embeddable":true,"href":"https:\/\/www.europesays.com\/fr\/wp-json\/wp\/v2\/comments?post=437630"}],"version-history":[{"count":0,"href":"https:\/\/www.europesays.com\/fr\/wp-json\/wp\/v2\/posts\/437630\/revisions"}],"wp:featuredmedia":[{"embeddable":true,"href":"https:\/\/www.europesays.com\/fr\/wp-json\/wp\/v2\/media\/437631"}],"wp:attachment":[{"href":"https:\/\/www.europesays.com\/fr\/wp-json\/wp\/v2\/media?parent=437630"}],"wp:term":[{"taxonomy":"category","embeddable":true,"href":"https:\/\/www.europesays.com\/fr\/wp-json\/wp\/v2\/categories?post=437630"},{"taxonomy":"post_tag","embeddable":true,"href":"https:\/\/www.europesays.com\/fr\/wp-json\/wp\/v2\/tags?post=437630"}],"curies":[{"name":"wp","href":"https:\/\/api.w.org\/{rel}","templated":true}]}}