{"id":437636,"date":"2025-10-04T02:40:12","date_gmt":"2025-10-04T02:40:12","guid":{"rendered":"https:\/\/www.europesays.com\/fr\/437636\/"},"modified":"2025-10-04T02:40:12","modified_gmt":"2025-10-04T02:40:12","slug":"elsa-bois-en-couple-avec-florent-manaudou-michou-sort-enfin-du-silence","status":"publish","type":"post","link":"https:\/\/www.europesays.com\/fr\/437636\/","title":{"rendered":"Elsa Bois en couple avec Florent Manaudou ? Michou sort enfin du silence"},"content":{"rendered":"<p>      R\u00e9sum\u00e9<\/p>\n<p>Michou \u00e9voque pour la premi\u00e8re fois Florent Manaudou, soulignant sa carri\u00e8re olympique, tout en revenant sur sa rupture r\u00e9cente avec Elsa Bois.<\/p>\n<p>        Sommaire<\/p>\n<p>\u00ab\u00a0C\u2019est un champion olympique\u00a0\u00bb. Le constat est clair et pr\u00e9cis et Michou ne pouvait peut-\u00eatre pas mieux r\u00e9pondre. En effet, le YouTubeur, invit\u00e9 du podcast Pipelettes TV, vient de (enfin) <strong>donner son avis sur <a href=\"https:\/\/www.public.fr\/tag\/florent-manaudou\" rel=\"nofollow noopener\" target=\"_blank\">Florent Manaudou<\/a>.<\/strong><\/p>\n<p>Pour quelle raison ? <strong>Le nageur olympique <a href=\"https:\/\/www.public.fr\/je-suis-tres-heureuse-elsa-bois-sa-relation-avec-florent-manaudou-et-ses-debuts-dans-ici-tout-commence-elle-balance-tout\" rel=\"nofollow noopener\" target=\"_blank\">filerait le parfait amour avec Elsa Bois<\/a><\/strong> selon nos confr\u00e8res de Voici, depuis leur rencontre au cours de la derni\u00e8re saison de <strong>\u00ab\u00a0Danse avec les stars\u00a0\u00bb<\/strong>. Mais celle-ci, avant de former un suppos\u00e9 couple avec le fr\u00e8re de Laure Manaudou, coulait des jours heureux\u2026 avec Michou.<\/p>\n<p>La fin de l&rsquo;histoire entre Elsa Bois et Michou<\/p>\n<p>Les deux se rencontraient justement lors de la participation de ce dernier \u00e0 <strong>\u00ab\u00a0Danse avec les stars<\/strong>\u00a0\u00bb lors de la onzi\u00e8me saison du programme de TF1. Apr\u00e8s avoir fil\u00e9 le parfait amour durant trois ans, <strong>les ex-tourtereaux annon\u00e7aient leur s\u00e9paration.<\/strong><\/p>\n<p>Une s\u00e9paration survenue seulement quelques semaines avant le d\u00e9but de l\u2019\u00e9dition 2025 du programme, alors qu\u2019Elsa Bois allait devenir la partenaire de <a href=\"https:\/\/vsd.fr\/tag\/florent-manaudou\/\" rel=\"nofollow noopener\" target=\"_blank\">Florent Manaudou<\/a>. Face au timing, nombre d\u2019internautes ont vivement critiqu\u00e9 la jeune danseuse. L\u2019accusant d\u2019avoir quitt\u00e9 Michou pour se laisser charmer par le nageur olympique.<\/p>\n<p>Le YouTubeur n\u2019a pas h\u00e9sit\u00e9 \u00e0 prendre la d\u00e9fense de son ex-compagne. Mais jusqu\u2019ici, il n\u2019a jamais donn\u00e9 son avis sur Florent Manaudou, qui lui aurait chip\u00e9 Elsa Bois. C\u2019est d\u00e9sormais chose faite, depuis ce jeudi 2 octobre 2025.\u00a0<\/p>\n<p>Ce qu&rsquo;il pense de Florent Manaudou<\/p>\n<p>Invit\u00e9 de Pipelettes TV, Michou a en effet accept\u00e9 d\u2019\u00e9voquer le fr\u00e8re de Laure Manaudou. \u00ab\u00a0<strong>Que penses-tu de Florent Manaudou ?\u00a0\u00bb<\/strong>, lui ont demand\u00e9 nos confr\u00e8res. \u00c0 quoi le principal int\u00e9ress\u00e9 a r\u00e9pondu : <strong>\u00ab\u00a0<\/strong>Florent Manaudou, c\u2019est Florent Manaudou.\u00a0<strong>C\u2019est un champion olympique\u00a0\u00bb.<\/strong><\/p>\n<p>Apr\u00e8s cette r\u00e9ponse \u00e9vidente, Michou a reconnu avoir beaucoup souffert des\u00a0comparaisons incessantes\u00a0avec l\u2019athl\u00e8te. \u00ab\u00a0Tu sais ce que faisaient avant les gens sur Twitter ? Ils\u00a0mettaient Florent Manaudou et moi.\u00a0Ils\u00a0comparaient. Ah, je ne suis\u00a0pas champion olympique !\u00a0\u00bb, s\u2019est-il souvenu, encore affect\u00e9.<\/p>\n<p>Une situation que le cr\u00e9ateur de contenu regrette. D\u2019autant plus que, dans la foul\u00e9e, nombre d\u2019internautes lui ont pr\u00eat\u00e9 une relation avec\u2026 la d\u00e9sormais ex-compagne de Florent Manaudou : <a href=\"https:\/\/www.public.fr\/depuis-la-2e-semaine-de-fevrier-lola-dumenil-officialise-pour-la-1re-fois-sa-rupture-avec-florent-manaudou-ses-mots-tendres-envers-michou\" rel=\"nofollow noopener\" target=\"_blank\">Lola Dumesnil. \u00a0<\/a><\/p>\n<p>\u00ab\u00a0On est sorti une fois \u00e0 deux. Les gens nous ont vus dans un bar et \u00e7a a\u00a0<strong>fait toute une histoire. Mais il n\u2019y a rien eu\u00a0\u00bb<\/strong>, a-t-il tenu \u00e0 clarifier. De fait, Michou resterait un coeur \u00e0 prendre \u00e0 l\u2019heure actuelle.<\/p>\n<p>      Mentionn\u00e9s dans cet article<\/p>\n<p>      Sur le m\u00eame sujet<\/p>\n","protected":false},"excerpt":{"rendered":"R\u00e9sum\u00e9 Michou \u00e9voque pour la premi\u00e8re fois Florent Manaudou, soulignant sa carri\u00e8re olympique, tout en revenant sur sa&hellip;\n","protected":false},"author":2,"featured_media":437637,"comment_status":"","ping_status":"","sticky":false,"template":"","format":"standard","meta":{"footnotes":""},"categories":[8],"tags":[194,58,7744,59,925,1011,27,6976],"class_list":{"0":"post-437636","1":"post","2":"type-post","3":"status-publish","4":"format-standard","5":"has-post-thumbnail","7":"category-divertissement","8":"tag-danse-avec-les-stars","9":"tag-divertissement","10":"tag-elsa-bois","11":"tag-entertainment","12":"tag-florent-manaudou","13":"tag-fr","14":"tag-france","15":"tag-michou"},"share_on_mastodon":{"url":"https:\/\/pubeurope.com\/@fr\/115313588541893049","error":""},"_links":{"self":[{"href":"https:\/\/www.europesays.com\/fr\/wp-json\/wp\/v2\/posts\/437636","targetHints":{"allow":["GET"]}}],"collection":[{"href":"https:\/\/www.europesays.com\/fr\/wp-json\/wp\/v2\/posts"}],"about":[{"href":"https:\/\/www.europesays.com\/fr\/wp-json\/wp\/v2\/types\/post"}],"author":[{"embeddable":true,"href":"https:\/\/www.europesays.com\/fr\/wp-json\/wp\/v2\/users\/2"}],"replies":[{"embeddable":true,"href":"https:\/\/www.europesays.com\/fr\/wp-json\/wp\/v2\/comments?post=437636"}],"version-history":[{"count":0,"href":"https:\/\/www.europesays.com\/fr\/wp-json\/wp\/v2\/posts\/437636\/revisions"}],"wp:featuredmedia":[{"embeddable":true,"href":"https:\/\/www.europesays.com\/fr\/wp-json\/wp\/v2\/media\/437637"}],"wp:attachment":[{"href":"https:\/\/www.europesays.com\/fr\/wp-json\/wp\/v2\/media?parent=437636"}],"wp:term":[{"taxonomy":"category","embeddable":true,"href":"https:\/\/www.europesays.com\/fr\/wp-json\/wp\/v2\/categories?post=437636"},{"taxonomy":"post_tag","embeddable":true,"href":"https:\/\/www.europesays.com\/fr\/wp-json\/wp\/v2\/tags?post=437636"}],"curies":[{"name":"wp","href":"https:\/\/api.w.org\/{rel}","templated":true}]}}