{"id":437648,"date":"2025-10-04T02:47:16","date_gmt":"2025-10-04T02:47:16","guid":{"rendered":"https:\/\/www.europesays.com\/fr\/437648\/"},"modified":"2025-10-04T02:47:16","modified_gmt":"2025-10-04T02:47:16","slug":"une-voiture-fait-plusieurs-tonneaux-a-saint-just-malmont-deux-blesses-dont-un-grave-2","status":"publish","type":"post","link":"https:\/\/www.europesays.com\/fr\/437648\/","title":{"rendered":"Une voiture fait plusieurs tonneaux \u00e0 Saint-Just-Malmont : deux bless\u00e9s dont un grave"},"content":{"rendered":"<p>\t\t\t\t\t\t\t\t\t\t\t\t\t\t\t\t\t\t\t\t\t\t\t\t\t\t\t\t\t\t\t\t\t\t\t\t\t\t\t\t\t\t\t\t\t\t\t\t\t\t\t\t\t\t\t\t\t\t\t\t\t\t\t<a href=\"https:\/\/www.lacommere43.fr\/component\/banners\/click\/1830.html\" target=\"_blank\" title=\"Automnal gourmand octobre 2025\" rel=\"noopener\"><br \/>\n\t\t\t\t\t\t\t<img decoding=\"async\" loading=\"lazy\" src=\"https:\/\/www.europesays.com\/fr\/wp-content\/uploads\/2025\/10\/Carr_Commre_43.jpg\" alt=\"Automnal gourmand octobre 2025\"\/><br \/>\n\t\t\t\t\t\t<\/a><\/p>\n<p>\t\t\t\t\t\t\t\t\t\t\t\t\t\t\t\t\t\t\t\t\t\t\t\t\t\t\t\t\t\t\t\t\t\t\t\t\t\t\t\t\t\t\t\t\t\t\t\t\t\t\t\t\t\t\t\t\t\t\t\t\t\t\t<a href=\"https:\/\/www.lacommere43.fr\/component\/banners\/click\/1826.html\" target=\"_blank\" title=\"Mois Rando Gorges Loire octobre 2025\" rel=\"noopener\"><br \/>\n\t\t\t\t\t\t\t<img decoding=\"async\" loading=\"lazy\" src=\"https:\/\/www.europesays.com\/fr\/wp-content\/uploads\/2025\/10\/rando.gif\" alt=\"Mois Rando Gorges Loire octobre 2025\"\/><br \/>\n\t\t\t\t\t\t<\/a><\/p>\n<p><strong>Ce vendredi, un spectaculaire accident s&rsquo;est produit \u00e0 la limite Loire\/Haute-Loire, sur la RD12 \u00e0 Saint-Just-Malmont, pr\u00e8s du lieu-dit \u00ab\u00a0Le P\u00e2tre\u00a0\u00bb.<\/strong><\/p>\n<p>Apr\u00e8s une courbe \u00e0 gauche, le conducteur d&rsquo;un Citro\u00ebn \u00ab\u00a0Berlingo\u00a0\u00bb a perdu le contr\u00f4le de son v\u00e9hicule qui a quitt\u00e9 la route et aurait fait plusieurs tonneaux dans un pr\u00e9 en bordure de route.<\/p>\n<p>Les pompiers de Saint-Just-Malmont, Velay Sem\u00e8ne et Saint-Romain-Lachalm ont pris en charge les deux occupants. Le passager, un homme de 34 ans, \u00e9tait l\u00e9g\u00e8rement bless\u00e9 et a \u00e9t\u00e9 \u00e9vacu\u00e9 sur les urgences de Firminy.<\/p>\n<p>L&rsquo;\u00e9tat de sant\u00e9 du conducteur \u00e9tait plus s\u00e9rieux. L&rsquo;automobiliste de 37 ans a \u00e9t\u00e9 emmen\u00e9 en urgence absolue sur l&rsquo;h\u00f4pital appelou apr\u00e8s des pertes de connaissance.<\/p>\n","protected":false},"excerpt":{"rendered":"Ce vendredi, un spectaculaire accident s&rsquo;est produit \u00e0 la limite Loire\/Haute-Loire, sur la RD12 \u00e0 Saint-Just-Malmont, pr\u00e8s du&hellip;\n","protected":false},"author":2,"featured_media":437050,"comment_status":"","ping_status":"","sticky":false,"template":"","format":"standard","meta":{"footnotes":""},"categories":[9653],"tags":[1111,2281,11,2430,1777,674,2282,1011,27,2280,2284,2285,2283,12,25,4001],"class_list":{"0":"post-437648","1":"post","2":"type-post","3":"status-publish","4":"format-standard","5":"has-post-thumbnail","7":"category-saint-etienne","8":"tag-actu","9":"tag-actualite-43","10":"tag-actualites","11":"tag-auvergne-rhone-alpes","12":"tag-eu","13":"tag-europe","14":"tag-faits-divers-auvergne","15":"tag-fr","16":"tag-france","17":"tag-information-haute-loire","18":"tag-infos-43","19":"tag-journal-haute-loire","20":"tag-la-commere-43","21":"tag-news","22":"tag-republique-francaise","23":"tag-saint-etienne"},"share_on_mastodon":{"url":"https:\/\/pubeurope.com\/@fr\/115313616659510294","error":""},"_links":{"self":[{"href":"https:\/\/www.europesays.com\/fr\/wp-json\/wp\/v2\/posts\/437648","targetHints":{"allow":["GET"]}}],"collection":[{"href":"https:\/\/www.europesays.com\/fr\/wp-json\/wp\/v2\/posts"}],"about":[{"href":"https:\/\/www.europesays.com\/fr\/wp-json\/wp\/v2\/types\/post"}],"author":[{"embeddable":true,"href":"https:\/\/www.europesays.com\/fr\/wp-json\/wp\/v2\/users\/2"}],"replies":[{"embeddable":true,"href":"https:\/\/www.europesays.com\/fr\/wp-json\/wp\/v2\/comments?post=437648"}],"version-history":[{"count":0,"href":"https:\/\/www.europesays.com\/fr\/wp-json\/wp\/v2\/posts\/437648\/revisions"}],"wp:featuredmedia":[{"embeddable":true,"href":"https:\/\/www.europesays.com\/fr\/wp-json\/wp\/v2\/media\/437050"}],"wp:attachment":[{"href":"https:\/\/www.europesays.com\/fr\/wp-json\/wp\/v2\/media?parent=437648"}],"wp:term":[{"taxonomy":"category","embeddable":true,"href":"https:\/\/www.europesays.com\/fr\/wp-json\/wp\/v2\/categories?post=437648"},{"taxonomy":"post_tag","embeddable":true,"href":"https:\/\/www.europesays.com\/fr\/wp-json\/wp\/v2\/tags?post=437648"}],"curies":[{"name":"wp","href":"https:\/\/api.w.org\/{rel}","templated":true}]}}