{"id":437655,"date":"2025-10-04T02:51:14","date_gmt":"2025-10-04T02:51:14","guid":{"rendered":"https:\/\/www.europesays.com\/fr\/437655\/"},"modified":"2025-10-04T02:51:14","modified_gmt":"2025-10-04T02:51:14","slug":"facundo-isa-chouchou-du-rct-de-retour-sous-un-autre-maillot-a-mayol","status":"publish","type":"post","link":"https:\/\/www.europesays.com\/fr\/437655\/","title":{"rendered":"Facundo Isa, chouchou du RCT&#8230; de retour sous un autre maillot \u00e0 Mayol"},"content":{"rendered":"<p class=\"fs-5 \">Son sourire a irradi\u00e9 la rade pendant neuf ans. De son arriv\u00e9e, quand il n\u2019\u00e9tait qu\u2019un gamin de Santiago del Estero et de tout juste 19 ans, jusqu\u2019\u00e0 son d\u00e9part l\u2019\u00e9t\u00e9 dernier, en taulier, \u00e0 31 ans. Entre-temps, \u00ab Facu \u00bb, touch\u00e9 par le mal du pays, avait repris la direction de l\u2019Argentine, en 2014, avant de revenir en France, \u00e0 Lyon, en 2017. Apr\u00e8s sept petits matches jou\u00e9s avec le Lou, sous la houlette d\u2019un certain Pierre Mignoni, le buffle reposait finalement ses bagages \u00e0 Toulon\u2026 pour ne plus jamais quitter sa r\u00e9gion d\u2019adoption. Enfin, presque.<\/p>\n<p class=\"fs-5 \">S\u2019il voulait \u00ab terminer sa carri\u00e8re \u00e0 Toulon \u00bb, comme il nous le confiait au c\u0153ur de l\u2019hiver dernier, l\u2019histoire de Facundo Isa avec le RCT a finalement pris une autre tournure. Non prolong\u00e9 par son \u00ab club de c\u0153ur \u00bb, l\u2019international aux 51 s\u00e9lections avec les Pumas s\u2019est engag\u00e9 dans le B\u00e9arn, \u00e0 Pau.<\/p>\n<p>                                                                                Dans la peau d\u2019un adversaire<\/p>\n<p class=\"fs-5 \">Mais nul doute que ce samedi apr\u00e8s-midi, sa descente du bus aura une tout autre saveur. Pour la premi\u00e8re fois de sa vie, \u00ab Facu \u00bb la vivra avec un autre \u00e9cusson sur le c\u0153ur. Il ne fendra pas la foule de supporters, non. Au c\u0153ur de Mayol, il d\u00e9couvrira \u00e9galement les vestiaires visiteurs. Plus exigus, moins toulonnais. Et au moment de p\u00e9n\u00e9trer sur la pelouse, le massif troisi\u00e8me ligne (1,88 m pour 114 kg) ne d\u00e9fendra pas le blason qu\u2019il a toujours fi\u00e8rement port\u00e9. Pourtant, et l\u00e0 aussi il n\u2019y a aucun doute, Mayol r\u00e9servera un accueil des plus chaleureux \u00e0 l\u2019un de ses plus grands chouchous lorsqu\u2019il entrera en jeu, n\u00b020 dans le dos. \u00c0 commencer par les Fils de Besagne, club de supporters dont il a \u00e9t\u00e9 le parrain.<\/p>\n<p>            <img decoding=\"async\" src=\"https:\/\/www.europesays.com\/fr\/wp-content\/uploads\/2025\/10\/1759546272_746_dce0a21_upload-from-url-1-flhxecvfq1v8-data-art-16357638.jpg\" loading=\"lazy\" alt=\"Irr\u00e9prochable depuis le d\u00e9but de la pr\u00e9paration, Rayan Rebbadj disputera son premier match de la saison face \u00e0 Pau. Photo Frank Muller \" class=\"img-fluid position-absolute w-100 object-fit-coverrounded-2\" width=\"600\" height=\"400\"\/><\/p>\n<p class=\"fs-5 \">Facundo Isa l\u2019a avou\u00e9 lui-m\u00eame dans les colonnes de Midi Olympique, \u00ab beaucoup de choses se sont pass\u00e9es dans [sa] t\u00eate au moment d\u2019enfiler un nouveau maillot \u00bb. Et d\u2019ajouter : \u00ab C\u2019\u00e9tait un peu dur, mais aussi tr\u00e8s excitant. J\u2019ai fait plus de la moiti\u00e9 de ma carri\u00e8re \u00e0 Toulon. J\u2019en ai bien profit\u00e9. J\u2019ai vraiment ador\u00e9 mes ann\u00e9es l\u00e0-bas. Mais se fixer un nouveau challenge est important pour un joueur. \u00bb<\/p>\n<p class=\"fs-5 \">Sur le terrain, il retrouvera ses anciens fr\u00e8res d\u2019armes. Un rendez-vous forc\u00e9ment charg\u00e9 d\u2019\u00e9motion. \u00c0 tel point que cette semaine, son entra\u00eeneur, S\u00e9bastien Piqueronies, a tent\u00e9 de le pr\u00e9server de toute forme de pression. Pas de prise de parole, pas d\u2019interview. Concentration maximale.<\/p>\n<p class=\"fs-5 \">Et ses ex-co\u00e9quipiers, eux, ont-il h\u00e2te de le retrouver ? De recroiser le fer avec le tronc d\u2019arbre qu\u2019il est ? Dany Priso Mouangu\u00e9 sourit : \u00ab Il est venu nous voir la semaine derni\u00e8re \u00e0 Bayonne. \u00c9videmment que \u00e7a va \u00eatre bizarre. Pour ce qui me concerne, \u00e7a faisait trois ans que je jouais avec lui. \u201cFacu\u201d, c\u2019est un ami. On conna\u00eet ses qualit\u00e9s et on sait qu\u2019il ne va pas nous faire de cadeau. \u00bb<\/p>\n<p>                                                                                \u00ab En revenant ici, il voudra montrer toutes ses qualit\u00e9s \u00bb<\/p>\n<p class=\"fs-5 \">Et de d\u00e9tailler : \u00ab On est amis en dehors, mais pendant le match, je peux vous dire qu\u2019on ne le sera pas. On sait que quand il va prendre le ballon, il faudra se mettre en face\u2026 et bas (sourire). Sinon, tu risques de te retrouver dix ou quinze m\u00e8tres derri\u00e8re. En revenant ici, il voudra montrer toutes ses qualit\u00e9s. Mais on est pr\u00eat \u00e0 l\u2019accueillir comme il faut ! On lui a juste dit : \u201c\u00c0 la semaine prochaine\u201d. Je pense qu\u2019on va bien s\u2019amuser ! Et m\u00eame s\u2019il est en face, je suis s\u00fbr que le public sera content de le retrouver. \u00bb<\/p>\n<p class=\"fs-5 \">Alors oui, pendant 80 minutes, Facundo Isa sera un simple Palois. Mais aussit\u00f4t la sir\u00e8ne retentie, il pourra tomber dans les bras de ses ex-co\u00e9quipiers. Parce que s\u2019ils ne sont plus partenaires, nul doute qu\u2019ils sont toujours amis. Et \u00e7a, ni \u00ab Facu \u00bb, ni le vestiaire toulonnais, ne l\u2019a oubli\u00e9. Il est et restera, du haut de ses 158 matches sous le maillot frapp\u00e9 du muguet, un enfant de Mayol.<\/p>\n<p>            <img decoding=\"async\" src=\"https:\/\/www.europesays.com\/fr\/wp-content\/uploads\/2025\/10\/d39e1cf_upload-from-url-1-wm0xzyjcpl3l-data-art-16361662.jpg\" loading=\"lazy\" alt=\"Charles Ollivon (\u00e0 g.) retrouve la comp\u00e9tition apr\u00e8s neuf mois d\u2019absence. Photo Val\u00e9rie Le Parc \" class=\"img-fluid position-absolute w-100 object-fit-coverrounded-2\" width=\"600\" height=\"400\"\/><\/p>\n","protected":false},"excerpt":{"rendered":"Son sourire a irradi\u00e9 la rade pendant neuf ans. De son arriv\u00e9e, quand il n\u2019\u00e9tait qu\u2019un gamin de&hellip;\n","protected":false},"author":2,"featured_media":437656,"comment_status":"","ping_status":"","sticky":false,"template":"","format":"standard","meta":{"footnotes":""},"categories":[9619],"tags":[1111,11,1777,674,1011,27,12,882,3461,25,2310],"class_list":{"0":"post-437655","1":"post","2":"type-post","3":"status-publish","4":"format-standard","5":"has-post-thumbnail","7":"category-toulon","8":"tag-actu","9":"tag-actualites","10":"tag-eu","11":"tag-europe","12":"tag-fr","13":"tag-france","14":"tag-news","15":"tag-provence-alpes-cote-dazur","16":"tag-rct","17":"tag-republique-francaise","18":"tag-toulon"},"share_on_mastodon":{"url":"https:\/\/pubeurope.com\/@fr\/115313632315516697","error":""},"_links":{"self":[{"href":"https:\/\/www.europesays.com\/fr\/wp-json\/wp\/v2\/posts\/437655","targetHints":{"allow":["GET"]}}],"collection":[{"href":"https:\/\/www.europesays.com\/fr\/wp-json\/wp\/v2\/posts"}],"about":[{"href":"https:\/\/www.europesays.com\/fr\/wp-json\/wp\/v2\/types\/post"}],"author":[{"embeddable":true,"href":"https:\/\/www.europesays.com\/fr\/wp-json\/wp\/v2\/users\/2"}],"replies":[{"embeddable":true,"href":"https:\/\/www.europesays.com\/fr\/wp-json\/wp\/v2\/comments?post=437655"}],"version-history":[{"count":0,"href":"https:\/\/www.europesays.com\/fr\/wp-json\/wp\/v2\/posts\/437655\/revisions"}],"wp:featuredmedia":[{"embeddable":true,"href":"https:\/\/www.europesays.com\/fr\/wp-json\/wp\/v2\/media\/437656"}],"wp:attachment":[{"href":"https:\/\/www.europesays.com\/fr\/wp-json\/wp\/v2\/media?parent=437655"}],"wp:term":[{"taxonomy":"category","embeddable":true,"href":"https:\/\/www.europesays.com\/fr\/wp-json\/wp\/v2\/categories?post=437655"},{"taxonomy":"post_tag","embeddable":true,"href":"https:\/\/www.europesays.com\/fr\/wp-json\/wp\/v2\/tags?post=437655"}],"curies":[{"name":"wp","href":"https:\/\/api.w.org\/{rel}","templated":true}]}}