{"id":437663,"date":"2025-10-04T02:56:34","date_gmt":"2025-10-04T02:56:34","guid":{"rendered":"https:\/\/www.europesays.com\/fr\/437663\/"},"modified":"2025-10-04T02:56:34","modified_gmt":"2025-10-04T02:56:34","slug":"roller-hockey-nationale-1-test-ultime-pour-les-ecureuils-a-rouen","status":"publish","type":"post","link":"https:\/\/www.europesays.com\/fr\/437663\/","title":{"rendered":"ROLLER-HOCKEY &#8211; Nationale 1 : Test ultime pour les \u00c9cureuils \u00e0 Rouen"},"content":{"rendered":"<p>Qualifi\u00e9e de meilleure \u00e9quipe du championnat par Cl\u00e9ment Crignier, capitaine de l\u2019\u00e9quipe, les \u00c9cureuils d\u2019Amiens vont tenter de faire tomber des Spiders de Rouen impressionnants et favoris de la poule.<\/p>\n<p><a href=\"https:\/\/gazettesports.fr\/hockey\/roller-hockey\/les-ecureuils\/\" rel=\"nofollow noopener\" target=\"_blank\">Les Ecureuils d\u2019Amiens<\/a> n\u2019ont pas \u00e9t\u00e9 \u00e9pargn\u00e9s par le calendrier en ce d\u00e9but de saison mais ont parfaitement r\u00e9pondu pr\u00e9sent. Ils sont en effet all\u00e9s <a href=\"https:\/\/gazettesports.fr\/2025\/09\/22\/roller-hockey-nationale-1-les-ecureuils-plus-forts-que-les-phenix\/\" rel=\"nofollow noopener\" target=\"_blank\">s\u2019imposer sur le terrain de Ris-Orangis<\/a>, r\u00e9cent rel\u00e9gu\u00e9 d\u2019Elite, puis <a href=\"https:\/\/gazettesports.fr\/2025\/09\/27\/roller-hockey-nationale-1-un-match-fou-et-un-precieux-succes-pour-les-ecureuils-2\/\" rel=\"nofollow noopener\" target=\"_blank\">ont triomph\u00e9 \u00e0 domicile de Garges<\/a> qui les avait largement battus la saison derni\u00e8re, deux des trois grosses \u00e9curies de la poule Nord. Ce samedi, ils voyageront en Normandie pour y affronter les Spiders de Rouen, la troisi\u00e8me t\u00eate de ce trio de favoris, la plus redoutable selon Cl\u00e9ment Crignier, le capitaine ami\u00e9nois : <strong>\u00ab\u00a0Rouen est pour moi la plus grosse \u00e9quipe du championnat.\u00a0\u00bb<\/strong> La raison principale, le recrutement de Radek Kocak, lequel \u00e9tait le gardien des Alchimistes de Bourges la saison pass\u00e9e, contribuant grandement au titre de Nationale 1 et \u00e0 la mont\u00e9e des siens en Elite : \u00ab\u00a0Le gardien \u00e9tait pour moi le point faible de Rouen depuis quelques ann\u00e9es. <strong>Ils se sont vraiment tr\u00e8s bien renforc\u00e9s avec lui<\/strong>\u00ab\u00a0 s\u2019inqui\u00e8te le num\u00e9ro 21 ami\u00e9nois.<\/p>\n<p><a href=\"https:\/\/citdessaint.com\/\" aria-label=\"publicite cit dessaint 2 gazette sports\" rel=\"nofollow noopener\" target=\"_blank\"><img loading=\"lazy\" decoding=\"async\" src=\"https:\/\/www.europesays.com\/fr\/wp-content\/uploads\/2025\/04\/PUBLICITE-CIT-DESSAINT-2-GAZETTE-SPORTS.gif\" alt=\"publicite cit dessaint 2 gazette sports\" width=\"760\" height=\"90\"\/><\/a><\/p>\n<p>Mais pas question pour les Picards de se sentir inf\u00e9rieurs, surtout apr\u00e8s les belles premi\u00e8res prestations. \u00ab\u00a0<strong>Il y a de belles chances d\u2019y croire, on est capable de rivaliser avec eux<\/strong> mais il ne faut pas partir vainqueur d\u00e8s le d\u00e9but\u00a0\u00bb pr\u00e9vient Cl\u00e9ment Crignier. Il faudra en tout cas r\u00e9aliser un match plein pour esp\u00e9rer ramener quelque chose, d\u2019autant que les Rouennais ont confirm\u00e9 leur statut de favoris <strong>en \u00e9trillant Coll\u00e9gien 7-1 et Reims 13-3<\/strong>, soit 20 buts en deux matchs : \u00ab\u00a0Ils n\u2019ont pas jou\u00e9 contre les \u00e9quipes qui ont les meilleures d\u00e9fenses\u00a0\u00bb temp\u00e8re le quadruple assistant et aussi double buteur lors du succ\u00e8s face \u00e0 Garges, \u00ab\u00a0mais offensivement, ils ont toujours \u00e9t\u00e9 tr\u00e8s bons. D\u00e9fensivement, il va falloir \u00eatre plus s\u00e9rieux, beaucoup plus que sur les deux premi\u00e8res rencontres. Il faut qu\u2019on retrouve <strong>notre efficacit\u00e9 d\u00e9fensive qui va \u00eatre la cl\u00e9 du match<\/strong>.\u00a0\u00bb <\/p>\n<p>La confiance \u00e0 la jeunesse<\/p>\n<p>Pour ce deuxi\u00e8me d\u00e9placement de la saison, les Ecureuils feront le voyage sans <strong>Roman Defrance<\/strong>, encore suspendu, <strong>Hugo Morien<\/strong>, toujours bless\u00e9, mais aussi, <strong>Yannick Offret<\/strong>, pr\u00e9cieux double buteur samedi dernier. En revanche, les Samariens enregistrent <strong>le retour de Mathis Goubet<\/strong>. Pour palier ces trois absences de taille, <a href=\"https:\/\/gazettesports.fr\/2025\/09\/29\/roller-hockey-nationale-1-renaud-crignier-on-sest-rendu-coup-pour-coup\/\" rel=\"nofollow noopener\" target=\"_blank\">Renaud Crignier<\/a> fera appel \u00e0 des nouveaux visages qui tenteront de se mettre au niveau N1 : \u00ab\u00a0On va prendre des jeunes avec nous pour essayer de les lancer dans le championnat. Ils ont d\u00e9j\u00e0 jou\u00e9 en Coupe avec nous l\u2019ann\u00e9e derni\u00e8re\u00a0\u00bb pr\u00e9cise Cl\u00e9ment Crignier qui comptera sur eux et le reste de ses co\u00e9quipiers pour faire trembler des Spiders qui ont, jusque-l\u00e0, tiss\u00e9 leurs succ\u00e8s sans grandes difficult\u00e9s.<\/p>\n<p><strong>Nationale 1, journ\u00e9e 3 :<br \/>Rouen (1er, 6pts) \u2013 Amiens (3e, 6pts)<\/strong><br \/>Samedi 4 octobre \u00e0 20h, MJC Rive gauche (Rouen)<\/p>\n<p>Simon Vasseur<br \/>Cr\u00e9dit photo : Th\u00e9o B\u00e9gler \u2013 Gazettesports.fr<\/p>\n","protected":false},"excerpt":{"rendered":"Qualifi\u00e9e de meilleure \u00e9quipe du championnat par Cl\u00e9ment Crignier, capitaine de l\u2019\u00e9quipe, les \u00c9cureuils d\u2019Amiens vont tenter de&hellip;\n","protected":false},"author":2,"featured_media":437664,"comment_status":"","ping_status":"","sticky":false,"template":"","format":"standard","meta":{"footnotes":""},"categories":[9587],"tags":[1111,11,1777,674,1011,27,12,5161,25,9590],"class_list":{"0":"post-437663","1":"post","2":"type-post","3":"status-publish","4":"format-standard","5":"has-post-thumbnail","7":"category-rouen","8":"tag-actu","9":"tag-actualites","10":"tag-eu","11":"tag-europe","12":"tag-fr","13":"tag-france","14":"tag-news","15":"tag-normandie","16":"tag-republique-francaise","17":"tag-rouen"},"share_on_mastodon":{"url":"https:\/\/pubeurope.com\/@fr\/115313651888813804","error":""},"_links":{"self":[{"href":"https:\/\/www.europesays.com\/fr\/wp-json\/wp\/v2\/posts\/437663","targetHints":{"allow":["GET"]}}],"collection":[{"href":"https:\/\/www.europesays.com\/fr\/wp-json\/wp\/v2\/posts"}],"about":[{"href":"https:\/\/www.europesays.com\/fr\/wp-json\/wp\/v2\/types\/post"}],"author":[{"embeddable":true,"href":"https:\/\/www.europesays.com\/fr\/wp-json\/wp\/v2\/users\/2"}],"replies":[{"embeddable":true,"href":"https:\/\/www.europesays.com\/fr\/wp-json\/wp\/v2\/comments?post=437663"}],"version-history":[{"count":0,"href":"https:\/\/www.europesays.com\/fr\/wp-json\/wp\/v2\/posts\/437663\/revisions"}],"wp:featuredmedia":[{"embeddable":true,"href":"https:\/\/www.europesays.com\/fr\/wp-json\/wp\/v2\/media\/437664"}],"wp:attachment":[{"href":"https:\/\/www.europesays.com\/fr\/wp-json\/wp\/v2\/media?parent=437663"}],"wp:term":[{"taxonomy":"category","embeddable":true,"href":"https:\/\/www.europesays.com\/fr\/wp-json\/wp\/v2\/categories?post=437663"},{"taxonomy":"post_tag","embeddable":true,"href":"https:\/\/www.europesays.com\/fr\/wp-json\/wp\/v2\/tags?post=437663"}],"curies":[{"name":"wp","href":"https:\/\/api.w.org\/{rel}","templated":true}]}}