{"id":437687,"date":"2025-10-04T03:10:15","date_gmt":"2025-10-04T03:10:15","guid":{"rendered":"https:\/\/www.europesays.com\/fr\/437687\/"},"modified":"2025-10-04T03:10:15","modified_gmt":"2025-10-04T03:10:15","slug":"radio-nova-debarque-a-toulouse-les-8-et-9-novembre","status":"publish","type":"post","link":"https:\/\/www.europesays.com\/fr\/437687\/","title":{"rendered":"Radio Nova d\u00e9barque \u00e0 Toulouse les 8 et 9 novembre"},"content":{"rendered":"<p>Guillaume Meurice, Juliette Arnaud, Aymeric Lompret et Pierre-Emmanuel Barr\u00e9 d\u00e9barquent en direct de La Halle aux Grains. La veille, Doully pr\u00e9sentera le Lol&amp;Lalala Comedy club avec Aymeric Lompret aka Dr. Love qui vous fera \u00e9galement l\u2019honneur de pr\u00e9senter un DJ set. Un week-end charg\u00e9 en humour mais aussi en musique ! Billetterie en fin d\u2019article. <\/p>\n<p>Auditrices et auditeurs de Nova, vous \u00eates de plus en plus nombreux \u00e0 vous brancher sur nos ondes le dimanche de 18h \u00e0 20h afin de passer la soir\u00e9e en compagnie de <strong>Guillaume<\/strong> <strong>Meurice<\/strong>, <strong>Juliette<\/strong> <strong>Arnaud<\/strong>, <strong>Aymeric<\/strong> <strong>Lompret<\/strong> et <strong>Pierre<\/strong>\u2013<strong>Emmanuel<\/strong> <strong>Barr\u00e9<\/strong>, notre quatuor qui livre une analyse pointue, objective et (quasiment) impartiale de l\u2019actualit\u00e9. Vous \u00eates de plus en plus nombreux, aussi, \u00e0 nous \u00e9couter\u00a0<a href=\"https:\/\/podcasts.nova.fr\/radio-nova-la-derniere\" rel=\"nofollow noopener\" target=\"_blank\">en podcast<\/a>, sur\u00a0<a href=\"https:\/\/www.youtube.com\/channel\/UCGvjUWz3mGV9cssraATuEsw\" rel=\"nofollow noopener\" target=\"_blank\">YouTube<\/a>\u00a0ou sur\u00a0<a href=\"https:\/\/www.tiktok.com\/@laradionova\/playlist\/La%20derni%C3%A8re-7421905749825112864\" rel=\"nofollow noopener\" target=\"_blank\">nos r\u00e9seaux sociaux<\/a>.<\/p>\n<p>Le dimanche 9 novembre,\u00a0La derni\u00e8re\u00a0se d\u00e9place le temps d\u2019un week-end \u00e0 Toulouse, o\u00f9 Radio Nova \u00e9met d\u00e9sormais sur la <strong>fr\u00e9quence 89.7<\/strong> ! La <strong>Halle aux Grains<\/strong> est l\u2019une des salles les plus embl\u00e9matiques de la ville rose, nich\u00e9e en plein c\u0153ur historique. Symbole de la vie culturelle toulousaine, elle s\u2019impose comme un lieu incontournable pour accueillir des concerts, spectacles et \u00e9videmment une \u00e9mission d\u00e9localis\u00e9e !\u00a0<\/p>\n<p><a href=\"https:\/\/www.europesays.com\/fr\/wp-content\/uploads\/2025\/10\/image-t-1778x1012.png\" data-barba-prevent=\"\" data-pswp-width=\"1778\" data-pswp-height=\"1012\"><\/p>\n<p><img loading=\"lazy\" decoding=\"async\" width=\"1778\" height=\"1012\" src=\"data:image\/svg+xml,%3Csvg%20xmlns=\" http:=\"\" class=\"attachment-thumbnail size-thumbnail\" alt=\"&#10;&#10;\" data-lazy-src=\"https:\/\/www.europesays.com\/fr\/wp-content\/uploads\/2025\/10\/image-t-1778x1012.png\"\/><\/p>\n<p><\/a><\/p>\n<p>La veille, ne manquez pas le <strong>Lol&amp;Lalala Comedy club<\/strong> \u00e0 la <strong>Cabane<\/strong>, espace refuge, terrain de jeu, lieu de l\u2019imaginaire et salle de concerts intimiste, situ\u00e9e aux Halles de la Cartoucherie. Venez d\u00e9couvrir la promotion 2025 du <strong>Lol&amp;lalala Comedy Club<\/strong> compos\u00e9e d\u2019humoristes talentueux : <strong>C\u00e9lia<\/strong> <strong>Pelluet<\/strong>, <strong>Esteban<\/strong> <strong>Roza<\/strong>, <strong>Jules<\/strong> <strong>Robin<\/strong>, <strong>Ronan<\/strong>, <strong>Sarah<\/strong> <strong>Frassanito<\/strong>, <strong>Sawsane<\/strong>, <strong>Th\u00e9o<\/strong> <strong>Sanchez<\/strong>, <strong>Veufla<\/strong>, <strong>Yannick<\/strong> <strong>LaChips<\/strong>. La soir\u00e9e sera pr\u00e9sent\u00e9e par la c\u00e9l\u00e8bre et reconnue <strong>Doully<\/strong> tandis que <strong>Aymeric<\/strong> <strong>Lompret<\/strong> proposera sa playlist de la honte \u2014 mi-DJ, mi-humoriste \u2014 avant de prendre le micro le lendemain !<\/p>\n<p><strong>On vous attend \u00e0 nos cot\u00e9s ou sur les ondes de Radio Nova !<\/strong><\/p>\n<p><strong>Pour les billets, attention, c\u2019est par ici : <a href=\"http:\/\/radionova.bleucitron.net\/\" target=\"_blank\" rel=\"noreferrer noopener nofollow\">radionova.bleucitron.net<\/a> !<\/strong><\/p>\n<p>                                                            <script async src=\"\/\/www.tiktok.com\/embed.js\"><\/script><\/p>\n","protected":false},"excerpt":{"rendered":"Guillaume Meurice, Juliette Arnaud, Aymeric Lompret et Pierre-Emmanuel Barr\u00e9 d\u00e9barquent en direct de La Halle aux Grains. La&hellip;\n","protected":false},"author":2,"featured_media":437688,"comment_status":"","ping_status":"","sticky":false,"template":"","format":"standard","meta":{"footnotes":""},"categories":[2816],"tags":[1111,11,1777,674,1011,27,9126,56501,12,2680,25,2312],"class_list":{"0":"post-437687","1":"post","2":"type-post","3":"status-publish","4":"format-standard","5":"has-post-thumbnail","7":"category-toulouse","8":"tag-actu","9":"tag-actualites","10":"tag-eu","11":"tag-europe","12":"tag-fr","13":"tag-france","14":"tag-la-derniu00e8re","15":"tag-lollalala-comedy-club","16":"tag-news","17":"tag-occitanie","18":"tag-republique-francaise","19":"tag-toulouse"},"share_on_mastodon":{"url":"https:\/\/pubeurope.com\/@fr\/115313706469256446","error":""},"_links":{"self":[{"href":"https:\/\/www.europesays.com\/fr\/wp-json\/wp\/v2\/posts\/437687","targetHints":{"allow":["GET"]}}],"collection":[{"href":"https:\/\/www.europesays.com\/fr\/wp-json\/wp\/v2\/posts"}],"about":[{"href":"https:\/\/www.europesays.com\/fr\/wp-json\/wp\/v2\/types\/post"}],"author":[{"embeddable":true,"href":"https:\/\/www.europesays.com\/fr\/wp-json\/wp\/v2\/users\/2"}],"replies":[{"embeddable":true,"href":"https:\/\/www.europesays.com\/fr\/wp-json\/wp\/v2\/comments?post=437687"}],"version-history":[{"count":0,"href":"https:\/\/www.europesays.com\/fr\/wp-json\/wp\/v2\/posts\/437687\/revisions"}],"wp:featuredmedia":[{"embeddable":true,"href":"https:\/\/www.europesays.com\/fr\/wp-json\/wp\/v2\/media\/437688"}],"wp:attachment":[{"href":"https:\/\/www.europesays.com\/fr\/wp-json\/wp\/v2\/media?parent=437687"}],"wp:term":[{"taxonomy":"category","embeddable":true,"href":"https:\/\/www.europesays.com\/fr\/wp-json\/wp\/v2\/categories?post=437687"},{"taxonomy":"post_tag","embeddable":true,"href":"https:\/\/www.europesays.com\/fr\/wp-json\/wp\/v2\/tags?post=437687"}],"curies":[{"name":"wp","href":"https:\/\/api.w.org\/{rel}","templated":true}]}}