{"id":437691,"date":"2025-10-04T03:13:11","date_gmt":"2025-10-04T03:13:11","guid":{"rendered":"https:\/\/www.europesays.com\/fr\/437691\/"},"modified":"2025-10-04T03:13:11","modified_gmt":"2025-10-04T03:13:11","slug":"un-conseil-municipal-vampirise-a-marseille","status":"publish","type":"post","link":"https:\/\/www.europesays.com\/fr\/437691\/","title":{"rendered":"un conseil municipal vampiris\u00e9 \u00e0 Marseille"},"content":{"rendered":"<p class=\"rev-margin-0 rev-text-xs-normal\">Beno\u00eet Payan, maire (DVG) de Marseille, a d\u00e9nonc\u00e9 \u00ab\u00a0l&rsquo;obsession\u00a0\u00bb de la droite sur les questions d&rsquo;immigration.<\/p>\n<p class=\"rev-margin-0 rev-text-xs-bold\">\/ PHOTO FRANCK PENNANT<\/p>\n<p>Il y avait bien des d\u00e9lib\u00e9rations sur le logement, les \u00e9coles ou la culture. Mais le conseil municipal de Marseille, ce vendredi 3\u00a0octobre, a \u00e9t\u00e9 vampiris\u00e9 par les d\u00e9bats sur l\u2019immigration, pouss\u00e9s par la droite et l\u2019extr\u00eame droite.<\/p>\n<p>Dans le viseur, la subvention de 130\u00a0000\u00a0\u20ac \u00e0 <a href=\"https:\/\/www.laprovence.com\/article\/politique\/3129748214376414\/marseille-les-droites-unies-contre-la-subvention-de-130-000-euros-octroyee-a-sos-mediterranee\" target=\"_blank\" rel=\"noopener\">SOS M\u00e9diterran\u00e9e<\/a>, qui secourt les migrants en d\u00e9tresse en mer. \u00ab\u00a0Vous avez tenu vos promesses\u00a0: faire de Marseille la capitale europ\u00e9enne de l\u2019immigration ill\u00e9gale\u00a0\u00bb, attaquait Val\u00e9rie Boyer (LR) selon qui cette \u00ab\u00a0posture n\u2019est pas fraternelle mais mortif\u00e8re. Sauver des vies oui, mais pas importer la mis\u00e8re et le trafic d\u2019\u00eatres humains\u00a0\u00bb. Une tonalit\u00e9 proche des propos de C\u00e9dric Dudieuz\u00e8re (RN), pour qui cette aide permettrait de \u00ab\u00a0subventionner la submersion migratoire de notre ville\u00a0\u00bb.<\/p>\n<p>Quand St\u00e9phane Ravier reconna\u00eet \u00ab\u00a0une erreur\u00a0\u00bb<\/p>\n<p>Beno\u00eet Payan les prenait au mot et se pla\u00e7ait sur le plan factuel. \u00ab\u00a0Martine Vassal a dit que je voulais faire de Marseille le premier port d\u2019accueil des migrants. Mais combien de migrants ont \u00e9t\u00e9 ramen\u00e9s \u00e0 Marseille par SOS M\u00e9diterran\u00e9e\u00a0?\u00a0\u00bb, interrogeait le maire (DVG). \u00ab\u00a0Z\u00e9ro\u00a0\u00bb, selon son d\u00e9compte. Car les 1\u00a0935 personnes d\u00e9j\u00e0 secourues par l\u2019ONG au large de la Libye en\u00a02025 ont \u00e9t\u00e9 d\u00e9barqu\u00e9e&#8230;<\/p>\n","protected":false},"excerpt":{"rendered":"Beno\u00eet Payan, maire (DVG) de Marseille, a d\u00e9nonc\u00e9 \u00ab\u00a0l&rsquo;obsession\u00a0\u00bb de la droite sur les questions d&rsquo;immigration. \/ PHOTO&hellip;\n","protected":false},"author":2,"featured_media":437692,"comment_status":"","ping_status":"","sticky":false,"template":"","format":"standard","meta":{"footnotes":""},"categories":[2814],"tags":[17,1111,11,7516,5949,1777,674,1011,27,665,1061,884,21715,7517,12,882,25,56502],"class_list":{"0":"post-437691","1":"post","2":"type-post","3":"status-publish","4":"format-standard","5":"has-post-thumbnail","7":"category-marseille","8":"tag-17","9":"tag-actu","10":"tag-actualites","11":"tag-conseil","12":"tag-elections","13":"tag-eu","14":"tag-europe","15":"tag-fr","16":"tag-france","17":"tag-gaza","18":"tag-immigration","19":"tag-marseille","20":"tag-mosquees","21":"tag-municipal","22":"tag-news","23":"tag-provence-alpes-cote-dazur","24":"tag-republique-francaise","25":"tag-vampirise"},"share_on_mastodon":{"url":"https:\/\/pubeurope.com\/@fr\/115313718817050670","error":""},"_links":{"self":[{"href":"https:\/\/www.europesays.com\/fr\/wp-json\/wp\/v2\/posts\/437691","targetHints":{"allow":["GET"]}}],"collection":[{"href":"https:\/\/www.europesays.com\/fr\/wp-json\/wp\/v2\/posts"}],"about":[{"href":"https:\/\/www.europesays.com\/fr\/wp-json\/wp\/v2\/types\/post"}],"author":[{"embeddable":true,"href":"https:\/\/www.europesays.com\/fr\/wp-json\/wp\/v2\/users\/2"}],"replies":[{"embeddable":true,"href":"https:\/\/www.europesays.com\/fr\/wp-json\/wp\/v2\/comments?post=437691"}],"version-history":[{"count":0,"href":"https:\/\/www.europesays.com\/fr\/wp-json\/wp\/v2\/posts\/437691\/revisions"}],"wp:featuredmedia":[{"embeddable":true,"href":"https:\/\/www.europesays.com\/fr\/wp-json\/wp\/v2\/media\/437692"}],"wp:attachment":[{"href":"https:\/\/www.europesays.com\/fr\/wp-json\/wp\/v2\/media?parent=437691"}],"wp:term":[{"taxonomy":"category","embeddable":true,"href":"https:\/\/www.europesays.com\/fr\/wp-json\/wp\/v2\/categories?post=437691"},{"taxonomy":"post_tag","embeddable":true,"href":"https:\/\/www.europesays.com\/fr\/wp-json\/wp\/v2\/tags?post=437691"}],"curies":[{"name":"wp","href":"https:\/\/api.w.org\/{rel}","templated":true}]}}