{"id":437703,"date":"2025-10-04T03:20:20","date_gmt":"2025-10-04T03:20:20","guid":{"rendered":"https:\/\/www.europesays.com\/fr\/437703\/"},"modified":"2025-10-04T03:20:20","modified_gmt":"2025-10-04T03:20:20","slug":"arrestation-de-lun-des-narcotrafiquants-les-plus-recherches-de-france-dans-le-xve-arrondissement","status":"publish","type":"post","link":"https:\/\/www.europesays.com\/fr\/437703\/","title":{"rendered":"arrestation de l\u2019un des narcotrafiquants les plus recherch\u00e9s de France dans le XVe arrondissement"},"content":{"rendered":"<p>En cavale depuis plusieurs ann\u00e9es, Ameur Mansouri faisait l\u2019objet de deux mandats d\u2019arr\u00eats et figurait dans la liste des personnes les plus recherch\u00e9es par l\u2019Office antistup\u00e9fiants.<\/p>\n<p class=\"fig-paragraph\">Une fin de cavale dans les bouchons parisiens. Ameur Mansouri, un\u00a0<a href=\"http:\/\/www.lefigaro.fr\/vox\/societe\/jean-eric-schoettl-loi-contre-le-narcotrafic-pourquoi-la-gauche-combat-elle-le-rearmement-de-l-etat-20250522\" data-fig-type=\"Article\" data-gtm-custom-categorie=\"navigation\" data-gtm-custom-action=\"crossclick\" data-gtm-custom-label=\"Contextuel\" data-gtm-event=\"customEventSPE\" data-fig-domain=\"LEFIGARO\" target=\"_blank\" rel=\"noopener\">trafiquant de drogue<\/a>\u00a0n\u00e9 en ao\u00fbt 1976 \u00e0 Paris a \u00e9t\u00e9 arr\u00eat\u00e9 dans le XVe arrondissement de la capitale ce jeudi 3 octobre, a appris Le Figaro aupr\u00e8s du parquet de Paris ce vendredi, confirmant une information du Parisien.<\/p>\n<p class=\"fig-paragraph\">En fuite depuis 2012, l\u2019individu faisait partie du \u00abtop nat\u00bb de\u00a0<a href=\"http:\/\/www.lefigaro.fr\/faits-divers\/le-plus-grand-marche-criminel-du-pays-l-office-antistupefiants-alerte-sur-la-menace-existentielle-du-trafic-de-drogue-en-france-20250804\" data-fig-type=\"Article\" data-gtm-custom-categorie=\"navigation\" data-gtm-custom-action=\"crossclick\" data-gtm-custom-label=\"Contextuel\" data-gtm-event=\"customEventSPE\" data-fig-domain=\"LEFIGARO\" target=\"_blank\" rel=\"noopener\">l\u2019Office anti-stup\u00e9fiants<\/a>, autrement dit, son nom figurait parmi la liste des dix trafiquants de drogues les plus recherch\u00e9s de France et faisait l\u2019objet de deux mandats d\u2019arr\u00eat. Ameur Mansouri avait d\u2019abord \u00e9t\u00e9 condamn\u00e9 par le tribunal correctionnel de Paris le 21 d\u00e9cembre 2023, \u00e0 quinze ans d\u2019emprisonnement avec mandat d\u2019arr\u00eat, un million d\u2019euros, cinq ans d\u2019in\u00e9ligibilit\u00e9 et confiscation des scell\u00e9s, pour association de malfaiteurs, trafic de stup\u00e9fiants en r\u00e9cidive, escroquerie en bande organis\u00e9e.<\/p>\n<p>                                    <a class=\"fig-a11y-skip a11y-hidden\" href=\"#fig-a11y-skip-main-inarticle\"><br \/>\n        Passer la publicit\u00e9<br \/>\n    <\/a><\/p>\n<p class=\"fig-paragraph\">Cette condamnation faisait suite \u00e0 une proc\u00e9dure ouverte \u00e0 la suite d\u2019une plainte d\u00e9pos\u00e9e le 11 mars 2016 pour d\u00e9tournement d\u2019un h\u00e9licopt\u00e8re, engin central d\u2019une importation de 740 kilogrammes de r\u00e9sine de cannabis entre le Maroc et l\u2019Espagne. Il \u00e9tait \u00e9galement vis\u00e9 par une seconde proc\u00e9dure trait\u00e9e par la brigade des stup\u00e9fiants de Paris, relative \u00e0 la d\u00e9couverte de 322, 62 kilogrammes de cannabis dans un box \u00e0 Vincennes le 4 mars 2019.<\/p>\n<p>R\u00e9fugi\u00e9 au Maroc<\/p>\n<p class=\"fig-paragraph\">Ameur Mansouri a fait l\u2019objet d\u2019une seconde condamnation le 20 octobre 2017 \u00e0 9 ans d\u2019emprisonnement avec mandat d\u2019arr\u00eat. Il \u00e9tait cette fois-ci question de l\u2019importation de 569 kilos de r\u00e9sine de cannabis au profit de plusieurs individus demeurant notamment \u00e0 Montrouge, Arcueil et Ivry-sur-Seine, charg\u00e9s \u00e0 leur tour d\u2019\u00e9couler le produit.<\/p>\n<p class=\"fig-paragraph\">D\u2019apr\u00e8s les informations du\u00a0<a href=\"https:\/\/www.leparisien.fr\/faits-divers\/paris-lun-des-plus-gros-trafiquants-de-drogue-francais-arrete-dans-les-bouchons-03-10-2025-VU6KM3W67FAYHNH46U5F26X3NA.php\" target=\"_blank\" rel=\"sponsored noopener\" data-gtm-custom-categorie=\"navigation\" data-gtm-custom-action=\"crossclick\" data-gtm-custom-label=\"Contextuel\" data-gtm-event=\"customEventSPE\">Parisien<\/a>, le malfaiteur a r\u00e9ussi \u00e0 diriger son r\u00e9seau depuis le Maroc, o\u00f9 il vit clandestinement, et ce pendant plus de 10 ans. Il faisait tout de m\u00eame quelques allers-retours en France pour r\u00e9gler ses affaires en r\u00e9gion parisienne et voir ses proches, en particulier son fr\u00e8re et sa s\u0153ur, tous les deux d\u00e9j\u00e0 condamn\u00e9s pour leur implication dans le narcotrafic.<\/p>\n<p class=\"fig-paragraph\">Se r\u00e9fugiant tant\u00f4t au Maroc, \u00e0 Duba\u00ef et en Espagne, Ameur Mansouri \u00e9tait de passage en France lorsqu\u2019il a \u00e9t\u00e9 rep\u00e9r\u00e9. Le choix a \u00e9t\u00e9 alors fait de l\u2019arr\u00eater au plus vite, et c\u2019est en cr\u00e9ant un embouteillage que la Brigade de recherche et d\u2019intervention (BRI) a r\u00e9ussi \u00e0 l\u2019interpeller, vers 20 heures, pr\u00e8s du m\u00e9tro Pasteur, dans le XVe arrondissement de Paris.<\/p>\n","protected":false},"excerpt":{"rendered":"En cavale depuis plusieurs ann\u00e9es, Ameur Mansouri faisait l\u2019objet de deux mandats d\u2019arr\u00eats et figurait dans la liste&hellip;\n","protected":false},"author":2,"featured_media":437704,"comment_status":"","ping_status":"","sticky":false,"template":"","format":"standard","meta":{"footnotes":""},"categories":[1888],"tags":[1111,1928,11,1927,1777,674,1011,27,8721,12,1926,626,1925,25],"class_list":{"0":"post-437703","1":"post","2":"type-post","3":"status-publish","4":"format-standard","5":"has-post-thumbnail","7":"category-paris","8":"tag-actu","9":"tag-actu-paris","10":"tag-actualites","11":"tag-actualites-paris","12":"tag-eu","13":"tag-europe","14":"tag-fr","15":"tag-france","16":"tag-narcotrafic","17":"tag-news","18":"tag-news-paris","19":"tag-paris","20":"tag-paris-news","21":"tag-republique-francaise"},"share_on_mastodon":{"url":"https:\/\/pubeurope.com\/@fr\/115313746396678091","error":""},"_links":{"self":[{"href":"https:\/\/www.europesays.com\/fr\/wp-json\/wp\/v2\/posts\/437703","targetHints":{"allow":["GET"]}}],"collection":[{"href":"https:\/\/www.europesays.com\/fr\/wp-json\/wp\/v2\/posts"}],"about":[{"href":"https:\/\/www.europesays.com\/fr\/wp-json\/wp\/v2\/types\/post"}],"author":[{"embeddable":true,"href":"https:\/\/www.europesays.com\/fr\/wp-json\/wp\/v2\/users\/2"}],"replies":[{"embeddable":true,"href":"https:\/\/www.europesays.com\/fr\/wp-json\/wp\/v2\/comments?post=437703"}],"version-history":[{"count":0,"href":"https:\/\/www.europesays.com\/fr\/wp-json\/wp\/v2\/posts\/437703\/revisions"}],"wp:featuredmedia":[{"embeddable":true,"href":"https:\/\/www.europesays.com\/fr\/wp-json\/wp\/v2\/media\/437704"}],"wp:attachment":[{"href":"https:\/\/www.europesays.com\/fr\/wp-json\/wp\/v2\/media?parent=437703"}],"wp:term":[{"taxonomy":"category","embeddable":true,"href":"https:\/\/www.europesays.com\/fr\/wp-json\/wp\/v2\/categories?post=437703"},{"taxonomy":"post_tag","embeddable":true,"href":"https:\/\/www.europesays.com\/fr\/wp-json\/wp\/v2\/tags?post=437703"}],"curies":[{"name":"wp","href":"https:\/\/api.w.org\/{rel}","templated":true}]}}