{"id":437714,"date":"2025-10-04T03:26:28","date_gmt":"2025-10-04T03:26:28","guid":{"rendered":"https:\/\/www.europesays.com\/fr\/437714\/"},"modified":"2025-10-04T03:26:28","modified_gmt":"2025-10-04T03:26:28","slug":"blocus-de-gaza-le-royaume-uni-suspend-les-negociations-commerciales-avec-israel","status":"publish","type":"post","link":"https:\/\/www.europesays.com\/fr\/437714\/","title":{"rendered":"Blocus de Gaza : le Royaume-Uni suspend les n\u00e9gociations commerciales avec Isra\u00ebl"},"content":{"rendered":"<p>  Par&amp;nbsp<a href=\"https:\/\/fr.euronews.com\/profils\/2972\" rel=\"nofollow noopener\" target=\"_blank\">Gavin Blackburn<\/a>&amp;nbsp&amp;&amp;nbsp<b>AP<\/b><\/p>\n<p>\n                    Publi\u00e9 le                 20\/05\/2025 &#8211; 18:11 UTC+2<br \/>\n                \u2022Mis \u00e0 jour<br \/>\n                                     21\/05\/2025 &#8211; 1:13 UTC+2\n                                        <\/p>\n<p>          <img decoding=\"async\" class=\"c-ad__placeholder__logo\" src=\"https:\/\/static.euronews.com\/website\/images\/logos\/logo-euronews-stacked-outlined-72x72-grey-9.svg\" width=\"72\" height=\"72\" alt=\"\" loading=\"lazy\"\/><br \/>\n          PUBLICIT\u00c9<\/p>\n<p>Le gouvernement britannique a annonc\u00e9 mardi la suspension des n\u00e9gociations de libre-\u00e9change avec Isra\u00ebl et la mise en place de nouvelles sanctions sur les colonies en Cisjordanie, tout en intensifiant ses critiques \u00e0 l&rsquo;\u00e9gard de <a href=\"https:\/\/fr.euronews.com\/2025\/05\/17\/israel-annonce-une-nouvelle-offensive-sur-la-bande-de-gaza-avec-des-bombardements-intenses\" rel=\"nofollow noopener\" target=\"_blank\"><strong>l&rsquo;op\u00e9ration en cours \u00e0 Gaza<\/strong><\/a>.<\/p>\n<p>Le ministre britannique des Affaires \u00e9trang\u00e8res, David Lammy, pr\u00e9cise que l&rsquo;accord commercial existant entre le Royaume-Uni et Isra\u00ebl reste en vigueur, mais que Londres refuse de poursuivre les discussions avec une administration poursuivant ce qu&rsquo;il a qualifi\u00e9 de politiques \u00ab\u00a0inacceptables\u00a0\u00bb dans les deux territoires.<\/p>\n<p>Le ministre estime que les violences persistances commises par les colons isra\u00e9liens en Cisjordanie ne peuvent rester sans r\u00e9ponse.<\/p>\n<p>\u00ab\u00a0Le gouvernement isra\u00e9lien a la responsabilit\u00e9 d&rsquo;intervenir et de mettre fin \u00e0 ces actions agressives\u00a0\u00bb, d\u00e9clare David Lammy. \u00ab\u00a0Son inaction constante met en p\u00e9ril les communaut\u00e9s palestiniennes et la solution des deux \u00c9tats\u00a0\u00bb.<\/p>\n<p>Le Premier ministre britannique Keir Starmer a quant \u00e0 lui d\u00e9clar\u00e9 que la souffrance des enfants de Gaza \u00e9tait \u00ab\u00a0tout \u00e0 fait intol\u00e9rable\u00a0\u00bb et a r\u00e9it\u00e9r\u00e9 son appel \u00e0 un cessez-le-feu.<\/p>\n<p>\u00ab\u00a0Je tiens \u00e0 faire savoir aujourd&rsquo;hui que nous sommes horrifi\u00e9s par l&rsquo;escalade isra\u00e9lienne\u00a0\u00bb, a-t-il d\u00e9clar\u00e9 devant le Parlement britannique \u00e0 Londres.<\/p>\n<p>Paris, Londres et Ottawa condamnent la situation \u00e0 Gaza<\/p>\n<p>Ces d\u00e9clarations font suite \u00e0 <a href=\"https:\/\/www.elysee.fr\/emmanuel-macron\/2025\/05\/19\/declaration-conjointe-des-dirigeants-de-la-france-du-royaume-uni-et-du-canada-sur-la-situation-a-gaza-et-en-cisjordanie#:~:text=D%C3%A9claration%20conjointe%20des%20dirigeants%20de%20la%20France%2C%20du,niveau%20de%20souffrance%20humaine%20%C3%A0%20Gaza%20est%20intol%C3%A9rable.\" target=\"_blank\" rel=\"noreferrer nofollow noopener\"><strong>une condamnation commune<\/strong><\/a> que Keir Starmer a publi\u00e9e lundi avec le pr\u00e9sident fran\u00e7ais Emmanuel Macron et le Premier ministre canadien Mark Carney.<\/p>\n<p>Ce communiqu\u00e9 conjoint est l&rsquo;une des critiques les plus s\u00e9v\u00e8res formul\u00e9es par des alli\u00e9s historiques d&rsquo;Isra\u00ebl \u00e0 l&rsquo;\u00e9gard de l&rsquo;op\u00e9ration militaire \u00e0 Gaza et des <a href=\"https:\/\/fr.euronews.com\/2025\/05\/06\/les-bulldozers-israeliens-rasent-un-village-bedouin-en-cisjordanie-occupee\" rel=\"nofollow noopener\" target=\"_blank\"><strong>actions de l&rsquo;\u00c9tat h\u00e9breu en Cisjordanie<\/strong><\/a>.<\/p>\n<p>Les trois dirigeants menacent de prendre des \u00ab\u00a0mesures concr\u00e8tes\u00a0\u00bb si le gouvernement du Premier ministre isra\u00e9lien Benjamin Netanyahu ne cesse pas sa nouvelle offensive militaire et ne l\u00e8ve pas les restrictions sur l&rsquo;aide humanitaire.<\/p>\n<p>Benjamin Netanyahu a qualifi\u00e9 cette d\u00e9claration conjointe de \u00ab\u00a0r\u00e9compense \u00e9norme\u00a0\u00bb pour les membres du Hamas, dont l&rsquo;attaque dans le sud d&rsquo;Isra\u00ebl le 7 octobre 2023 a d\u00e9clench\u00e9 la guerre \u00e0 Gaza.<\/p>\n<p>Crise humanitaire critique dans la bande de Gaza<\/p>\n<p>Les trois dirigeants estiment qu&rsquo;un cessez-le-feu est le seul moyen de lib\u00e9rer les otages toujours d\u00e9tenus par le Hamas et appellent \u00e0 une augmentation de l&rsquo;aide humanitaire \u00e0 Gaza, <a href=\"https:\/\/fr.euronews.com\/2025\/05\/19\/israel-autorise-lentree-dune-quantite-de-base-de-nourriture-a-gaza-dans-le-cadre-de-son-op\" rel=\"nofollow noopener\" target=\"_blank\"><strong>la quantit\u00e9 \u00ab\u00a0de base\u00a0\u00bb<\/strong><\/a> autoris\u00e9e lundi par Isra\u00ebl \u00e9tant \u00ab\u00a0tout \u00e0 fait insuffisante\u00a0\u00bb selon eux.<\/p>\n<p>\u00ab\u00a0Nous devons coordonner notre r\u00e9ponse, car cette guerre dure depuis bien trop longtemps\u00a0\u00bb, d\u00e9clare Keir Starmer. \u00ab\u00a0Nous ne pouvons pas laisser la population de Gaza mourir de faim\u00a0\u00bb.<\/p>\n<p>La pression internationale s&rsquo;est accrue sur Isra\u00ebl \u00e0 la suite d&rsquo;un blocus de pr\u00e8s de trois mois des approvisionnements de Gaza, qui a expos\u00e9 pr\u00e8s de 500 000 personnes \u00e0 un risque critique de famine, selon les ONG.<\/p>\n<p>M\u00eame les \u00c9tats-Unis, un alli\u00e9 fid\u00e8le d&rsquo;Isra\u00ebl, ont exprim\u00e9 leur inqui\u00e9tude face \u00e0 <a href=\"https:\/\/fr.euronews.com\/2024\/05\/05\/gaza-la-crise-alimentaire-saggrave-menace-de-famine-generalisee\" rel=\"nofollow noopener\" target=\"_blank\"><strong>la crise humanitaire<\/strong><\/a> qui ne cesse de s&rsquo;aggraver dans la bande de Gaza.<\/p>\n<p>Alors qu&rsquo;Isra\u00ebl a autoris\u00e9 lundi l&rsquo;entr\u00e9e \u00e0 Gaza de camions transportant des aliments pour b\u00e9b\u00e9s et des produits de premi\u00e8re n\u00e9cessit\u00e9, Tom Fletcher, chef des op\u00e9rations humanitaires de l&rsquo;ONU, a qualifi\u00e9 le volume de l&rsquo;aide de \u00ab\u00a0goutte d&rsquo;eau dans l&rsquo;oc\u00e9an de ce qui est n\u00e9cessaire de toute urgence\u00a0\u00bb.<\/p>\n<p>La France pourrait reconna\u00eetre un \u00c9tat palestinien en juin<\/p>\n<p>Ces derni\u00e8res semaines, Emmanuel Macron a intensifi\u00e9 ses efforts diplomatiques pour faire pression sur Isra\u00ebl, exhortant \u00e0 un cessez-le-feu et appelant \u00e0 la lev\u00e9e du blocus de l&rsquo;aide humanitaire.<\/p>\n<p>Le mois dernier, il a d\u00e9clar\u00e9 que la France pourrait <a href=\"https:\/\/fr.euronews.com\/my-europe\/2025\/04\/10\/emmanuel-macron-ouvre-la-porte-a-la-reconnaissance-dun-etat-palestinien\" rel=\"nofollow noopener\" target=\"_blank\"><strong>reconna\u00eetre un \u00c9tat palestinien<\/strong><\/a> au mois de juin, lors d&rsquo;une conf\u00e9rence internationale sur la mise en \u0153uvre d&rsquo;une solution \u00e0 deux \u00c9tats qui se tiendra \u00e0 New York.<\/p>\n<p>Cette annonce avait \u00e9t\u00e9 faite apr\u00e8s une visite en \u00c9gypte au cours de laquelle Emmanuel Macron a rencontr\u00e9 des Palestiniens bless\u00e9s \u00e0 l&rsquo;h\u00f4pital d&rsquo;El Arish.<\/p>\n<p>Il a d\u00e9clar\u00e9 que la reconnaissance de la Palestine n&rsquo;\u00e9tait pas un \u00ab\u00a0tabou\u00a0\u00bb pour la France et laiss\u00e9 entendre la semaine derni\u00e8re que la r\u00e9vision des accords de coop\u00e9ration de l&rsquo;UE avec Isra\u00ebl \u00e9tait \u00e9galement \u00e0 l&rsquo;ordre du jour.<\/p>\n","protected":false},"excerpt":{"rendered":"Par&amp;nbspGavin Blackburn&amp;nbsp&amp;&amp;nbspAP Publi\u00e9 le 20\/05\/2025 &#8211; 18:11 UTC+2 \u2022Mis \u00e0 jour 21\/05\/2025 &#8211; 1:13 UTC+2 PUBLICIT\u00c9 Le gouvernement&hellip;\n","protected":false},"author":2,"featured_media":437715,"comment_status":"","ping_status":"","sticky":false,"template":"","format":"standard","meta":{"footnotes":""},"categories":[1588],"tags":[11,16176,4628,2486,1777,674,5643,664,12,3518,473,1853,1851,1850,1852],"class_list":{"0":"post-437714","1":"post","2":"type-post","3":"status-publish","4":"format-standard","5":"has-post-thumbnail","7":"category-royaume-uni","8":"tag-actualites","9":"tag-aide-humanitaire","10":"tag-bande-de-gaza","11":"tag-cisjordanie","12":"tag-eu","13":"tag-europe","14":"tag-guerre-israel-hamas","15":"tag-israel","16":"tag-news","17":"tag-palestine","18":"tag-royaume-uni","19":"tag-royaume-uni-de-grande-bretagne-et-dirlande-du-nord","20":"tag-uk","21":"tag-united-kingdom","22":"tag-united-kingdom-of-great-britain-and-northern-ireland"},"share_on_mastodon":{"url":"https:\/\/pubeurope.com\/@fr\/115313769956425994","error":""},"_links":{"self":[{"href":"https:\/\/www.europesays.com\/fr\/wp-json\/wp\/v2\/posts\/437714","targetHints":{"allow":["GET"]}}],"collection":[{"href":"https:\/\/www.europesays.com\/fr\/wp-json\/wp\/v2\/posts"}],"about":[{"href":"https:\/\/www.europesays.com\/fr\/wp-json\/wp\/v2\/types\/post"}],"author":[{"embeddable":true,"href":"https:\/\/www.europesays.com\/fr\/wp-json\/wp\/v2\/users\/2"}],"replies":[{"embeddable":true,"href":"https:\/\/www.europesays.com\/fr\/wp-json\/wp\/v2\/comments?post=437714"}],"version-history":[{"count":0,"href":"https:\/\/www.europesays.com\/fr\/wp-json\/wp\/v2\/posts\/437714\/revisions"}],"wp:featuredmedia":[{"embeddable":true,"href":"https:\/\/www.europesays.com\/fr\/wp-json\/wp\/v2\/media\/437715"}],"wp:attachment":[{"href":"https:\/\/www.europesays.com\/fr\/wp-json\/wp\/v2\/media?parent=437714"}],"wp:term":[{"taxonomy":"category","embeddable":true,"href":"https:\/\/www.europesays.com\/fr\/wp-json\/wp\/v2\/categories?post=437714"},{"taxonomy":"post_tag","embeddable":true,"href":"https:\/\/www.europesays.com\/fr\/wp-json\/wp\/v2\/tags?post=437714"}],"curies":[{"name":"wp","href":"https:\/\/api.w.org\/{rel}","templated":true}]}}