{"id":437716,"date":"2025-10-04T03:27:20","date_gmt":"2025-10-04T03:27:20","guid":{"rendered":"https:\/\/www.europesays.com\/fr\/437716\/"},"modified":"2025-10-04T03:27:20","modified_gmt":"2025-10-04T03:27:20","slug":"nouvelle-alerte-aux-drones-a-laeroport-de-munich-ferme-pour-la-2e-nuit-consecutive","status":"publish","type":"post","link":"https:\/\/www.europesays.com\/fr\/437716\/","title":{"rendered":"nouvelle alerte aux drones \u00e0 l&rsquo;a\u00e9roport de Munich, ferm\u00e9 pour la 2e nuit cons\u00e9cutive"},"content":{"rendered":"<p class=\"mb-4 text-lg md:leading-8 break-words\">Une nouvelle alerte aux drones a provoqu\u00e9, dans la nuit de vendredi \u00e0 samedi, la fermeture de l&rsquo;a\u00e9roport de Munich pour la deuxi\u00e8me nuit cons\u00e9cutive.\u00a0Ce type d&rsquo;incidents se multiplie en Europe, les membres de l&rsquo;Union europ\u00e9enne soup\u00e7onnant la Russie d&rsquo;en \u00eatre \u00e0 l&rsquo;origine.<\/p>\n<p class=\"mb-4 text-lg md:leading-8 break-words\">L&rsquo;a\u00e9roport de Munich a ferm\u00e9 pour la <a href=\"https:\/\/fr.news.yahoo.com\/allemagne-drones-survolent-la%C3%A9roport-munich-023849681.html\" data-ylk=\"slk:deuxi\u00e8me nuit cons\u00e9cutive;elm:context_link;itc:0;sec:content-canvas;outcm:mb_qualified_link;_E:mb_qualified_link;ct:story;\" class=\"link  yahoo-link\" rel=\"nofollow noopener\" target=\"_blank\">deuxi\u00e8me nuit cons\u00e9cutive<\/a> vendredi 3 octobre apr\u00e8s une nouvelle alerte aux drones, Berlin d\u00e9non\u00e7ant la \u00ab\u00a0menace\u00a0\u00bb que font peser ceux-ci sur la s\u00e9curit\u00e9 du pays.<\/p>\n<p class=\"mb-4 text-lg md:leading-8 break-words\">Apr\u00e8s un premier incident la nuit pr\u00e9c\u00e9dente, l&rsquo;a\u00e9roport bavarois a indiqu\u00e9 avoir \u00ab\u00a0suspendu pr\u00e9ventivement jusqu&rsquo;\u00e0 nouvel ordre\u00a0\u00bb ses op\u00e9rations a\u00e9riennes \u00e0 partir de 21 h 30 (19 h 30 GMT) vendredi \u00ab\u00a0en raison d&rsquo;observations de drones non confirm\u00e9es\u00a0\u00bb.<\/p>\n<p class=\"mb-4 text-lg md:leading-8 break-words\">Si la pr\u00e9sence de drones en d\u00e9but de soir\u00e9e n&rsquo;a toujours pas \u00e9t\u00e9 formellement attest\u00e9e \u00e0 ce stade, \u00ab\u00a0deux identifications simultan\u00e9es de drones par des patrouilles de police ont eu lieu peu avant 23 h (21 h GMT) autour des pistes Nord et Sud\u00a0\u00bb, a indiqu\u00e9 un porte-parole de la police \u00e0 l&rsquo;AFP.<\/p>\n<p class=\"mb-4 text-lg md:leading-8 break-words\">Vingt-trois vols qui devaient atterrir \u00e0 Munich ont \u00e9t\u00e9 d\u00e9rout\u00e9s et douze annul\u00e9s, et 46 vols au d\u00e9part de l&rsquo;a\u00e9roport bavarois ont \u00e9t\u00e9 annul\u00e9s ou report\u00e9s, affectant 6 500 passagers au total, a pr\u00e9cis\u00e9 l&rsquo;a\u00e9roport, disant esp\u00e9rer une reprise du trafic \u00e0 5 h samedi (3 h GMT).\u00a0Des lits de camp et des victuailles ont \u00e9t\u00e9 propos\u00e9s aux passagers contraints de passer la nuit sur place, a-t-il ajout\u00e9.<\/p>\n<p class=\"mb-4 text-lg md:leading-8 break-words\">\u00c0 voir aussi<a class=\"link \" href=\"https:\/\/www.france24.com\/fr\/\u00e9missions\/le-monde-dans-tous-ses-\u00e9tats\/20251003-incursions-de-drones-quelle-r\u00e9ponse-de-l-europe\" rel=\"nofollow noopener\" target=\"_blank\" data-ylk=\"slk:Incursions de drones, quelle r\u00e9ponse de l\u2019Europe\u00a0?;elm:context_link;itc:0;sec:content-canvas\">Incursions de drones, quelle r\u00e9ponse de l\u2019Europe\u00a0?<\/a><\/p>\n<p class=\"mb-4 text-lg md:leading-8 break-words\">Deuxi\u00e8me a\u00e9roport d&rsquo;<a class=\"link \" href=\"https:\/\/www.france24.com\/fr\/tag\/allemagne\/\" rel=\"nofollow noopener\" target=\"_blank\" data-ylk=\"slk:Allemagne;elm:context_link;itc:0;sec:content-canvas\">Allemagne<\/a>, l&rsquo;a\u00e9roport de Munich est le plus important de l&rsquo;UE \u00e0 \u00eatre contraint de suspendre ses op\u00e9rations, apr\u00e8s des incidents similaires \u00e0 Copenhague et Oslo notamment.<\/p>\n<p>\u00ab\u00a0Il faut abattre les drones\u00a0\u00bb<\/p>\n<p class=\"mb-4 text-lg md:leading-8 break-words\">Sa premi\u00e8re fermeture dans la nuit de jeudi \u00e0 vendredi avait entra\u00een\u00e9 l&rsquo;annulation de plus de 30 vols, avec pr\u00e8s de 3 000 passagers bloqu\u00e9s et pris en charge sur place.\u00a0Le trafic avait repris \u00e0 l&rsquo;aube vendredi avant cette nouvelle interruption dans la soir\u00e9e.<\/p>\n<p class=\"mb-4 text-lg md:leading-8 break-words\">L&rsquo;Allemagne c\u00e9l\u00e9brait vendredi sa f\u00eate nationale, qui comm\u00e9more l&rsquo;int\u00e9gration de la R\u00e9publique d\u00e9mocratique d&rsquo;Allemagne n\u00e9e \u00e0 l&rsquo;\u00e9poque sovi\u00e9tique \u00e0 la R\u00e9publique f\u00e9d\u00e9rale en 1990.<\/p>\n<p class=\"mb-4 text-lg md:leading-8 break-words\">Contrairement \u00e0 l&rsquo;incident de vendredi soir, o\u00f9 la pr\u00e9sence de drones n&rsquo;a pas \u00e9t\u00e9 confirm\u00e9e \u00e0 ce stade, plusieurs appareils avaient \u00e9t\u00e9 formellement identifi\u00e9s jeudi soir notamment \u00e0 Erding, o\u00f9 l&rsquo;arm\u00e9e dispose d&rsquo;un a\u00e9rodrome pr\u00e8s de Munich, puis au-dessus de l&rsquo;a\u00e9roport civil de la capitale bavaroise. La police avait d\u00e9ploy\u00e9 des h\u00e9licopt\u00e8res sans toutefois \u00eatre en mesure de quantifier pr\u00e9cis\u00e9ment, de donner le type ou de d&rsquo;intercepter ces appareils.<\/p>\n<p class=\"mb-4 text-lg md:leading-8 break-words\">Le ministre de l&rsquo;Int\u00e9rieur allemand Alexander Dobrindt a d\u00e9nonc\u00e9 vendredi aupr\u00e8s du journal Bild une \u00ab\u00a0menace\u00a0\u00bb. \u00ab\u00a0\u00c0 partir de maintenant, il faut abattre les drones au lieu d&rsquo;attendre\u00a0\u00bb, a-t-il martel\u00e9.<\/p>\n<p class=\"mb-4 text-lg md:leading-8 break-words\">Le gouvernement du chancelier <a class=\"link \" href=\"https:\/\/www.france24.com\/fr\/tag\/friedrich-merz\/\" rel=\"nofollow noopener\" target=\"_blank\" data-ylk=\"slk:Friedrich Merz;elm:context_link;itc:0;sec:content-canvas\">Friedrich Merz<\/a> doit \u00e0 cette fin d\u00e9buter mercredi la r\u00e9vision des lois sur la s\u00e9curit\u00e9 a\u00e9rienne. Jusqu&rsquo;\u00e0 pr\u00e9sent seule la police, et non l&rsquo;arm\u00e9e, a le droit d&rsquo;abattre des drones.<\/p>\n<p>\u00ab\u00a0Mur\u00a0\u00bb antidrones<\/p>\n<p class=\"mb-4 text-lg md:leading-8 break-words\">D&rsquo;autres a\u00e9roports europ\u00e9ens, au <a class=\"link \" href=\"https:\/\/www.france24.com\/fr\/tag\/danemark\/\" rel=\"nofollow noopener\" target=\"_blank\" data-ylk=\"slk:Danemark;elm:context_link;itc:0;sec:content-canvas\">Danemark<\/a>, en <a class=\"link \" href=\"https:\/\/www.france24.com\/fr\/tag\/norv\u00e8ge\/\" rel=\"nofollow noopener\" target=\"_blank\" data-ylk=\"slk:Norv\u00e8ge;elm:context_link;itc:0;sec:content-canvas\">Norv\u00e8ge<\/a> et en <a class=\"link \" href=\"https:\/\/www.france24.com\/fr\/tag\/pologne\/\" rel=\"nofollow noopener\" target=\"_blank\" data-ylk=\"slk:Pologne;elm:context_link;itc:0;sec:content-canvas\">Pologne<\/a>, ont r\u00e9cemment suspendu des vols en raison de la pr\u00e9sence de drones non identifi\u00e9s.<\/p>\n<p class=\"mb-4 text-lg md:leading-8 break-words\">\u00c0 lire aussi<a class=\"link  yahoo-link\" href=\"https:\/\/fr.news.yahoo.com\/mur-drones-l-europe-peut-162529324.html\" data-ylk=\"slk:&quot;Mur de drones&quot;\u00a0: l\u2019Europe peut-elle se barricader contre la menace russe\u00a0?;elm:context_link;itc:0;sec:content-canvas;outcm:mb_qualified_link;_E:mb_qualified_link;ct:story;\" rel=\"nofollow noopener\" target=\"_blank\">\u00ab\u00a0Mur de drones\u00a0\u00bb\u00a0: l\u2019Europe peut-elle se barricader contre la menace russe\u00a0?<\/a><\/p>\n<p class=\"mb-4 text-lg md:leading-8 break-words\">Plusieurs pays dont la <a class=\"link \" href=\"https:\/\/www.france24.com\/fr\/tag\/roumanie\/\" rel=\"nofollow noopener\" target=\"_blank\" data-ylk=\"slk:Roumanie;elm:context_link;itc:0;sec:content-canvas\">Roumanie<\/a>, qui a \u00e9galement subi une intrusion, ainsi que l&rsquo;<a class=\"link \" href=\"https:\/\/www.france24.com\/fr\/tag\/estonie\/\" rel=\"nofollow noopener\" target=\"_blank\" data-ylk=\"slk:Estonie;elm:context_link;itc:0;sec:content-canvas\">Estonie<\/a>, pays frontalier de la <a class=\"link \" href=\"https:\/\/www.france24.com\/fr\/tag\/russie\/\" rel=\"nofollow noopener\" target=\"_blank\" data-ylk=\"slk:Russie;elm:context_link;itc:0;sec:content-canvas\">Russie<\/a> o\u00f9 l&rsquo;<a class=\"link \" href=\"https:\/\/www.france24.com\/fr\/tag\/otan\/\" rel=\"nofollow noopener\" target=\"_blank\" data-ylk=\"slk:Otan;elm:context_link;itc:0;sec:content-canvas\">Otan<\/a> a intercept\u00e9 le mois dernier trois avions de combat russes, ont point\u00e9 du doigt Moscou, qui a rejet\u00e9 les accusations.<\/p>\n<p class=\"mb-4 text-lg md:leading-8 break-words\">D\u00e9but septembre, la Pologne avait d\u00e9nonc\u00e9 l&rsquo;incursion de 19 drones dans son espace a\u00e9rien, incriminant elle aussi la Russie.<\/p>\n<p class=\"mb-4 text-lg md:leading-8 break-words\">Au Danemark, l&rsquo;a\u00e9roport de la capitale Copenhague a d\u00fb \u00eatre ferm\u00e9 le 22, et que d&rsquo;autres a\u00e9roports ainsi qu&rsquo;une base militaire dans le pays ont \u00e9t\u00e9 survol\u00e9s par des drones le 25.<\/p>\n<p class=\"mb-4 text-lg md:leading-8 break-words\">L&rsquo;origine des appareils reste inconnue, mais les autorit\u00e9s danoises chargent \u00e9galement Moscou. Ces r\u00e9cents incidents ont mis en \u00e9vidence les lacunes de l&rsquo;arsenal de l&rsquo;Otan face \u00e0 cette nouvelle menace.\u00a0Jeudi, les 27 \u00c9tats membres de l&rsquo;UE r\u00e9unis \u00e0 dans la capitale danoise \u00e0 ce sujet et ont \u00e9voqu\u00e9 la mise en place d&rsquo;un \u00ab\u00a0mur\u00a0\u00bb antidrones.<\/p>\n<p class=\"mb-4 text-lg md:leading-8 break-words\">Avec AFP<\/p>\n","protected":false},"excerpt":{"rendered":"Une nouvelle alerte aux drones a provoqu\u00e9, dans la nuit de vendredi \u00e0 samedi, la fermeture de l&rsquo;a\u00e9roport&hellip;\n","protected":false},"author":2,"featured_media":437717,"comment_status":"","ping_status":"","sticky":false,"template":"","format":"standard","meta":{"footnotes":""},"categories":[1587],"tags":[11,672,1804,1805,1803,2024,1777,674,1801,2489,1897,12,1802],"class_list":{"0":"post-437716","1":"post","2":"type-post","3":"status-publish","4":"format-standard","5":"has-post-thumbnail","7":"category-allemagne","8":"tag-actualites","9":"tag-allemagne","10":"tag-bundesrepublik-deutschland","11":"tag-de","12":"tag-deutschland","13":"tag-drones","14":"tag-eu","15":"tag-europe","16":"tag-germany","17":"tag-la-russie","18":"tag-munich","19":"tag-news","20":"tag-republique-federale-dallemagne"},"share_on_mastodon":{"url":"https:\/\/pubeurope.com\/@fr\/115313773632291582","error":""},"_links":{"self":[{"href":"https:\/\/www.europesays.com\/fr\/wp-json\/wp\/v2\/posts\/437716","targetHints":{"allow":["GET"]}}],"collection":[{"href":"https:\/\/www.europesays.com\/fr\/wp-json\/wp\/v2\/posts"}],"about":[{"href":"https:\/\/www.europesays.com\/fr\/wp-json\/wp\/v2\/types\/post"}],"author":[{"embeddable":true,"href":"https:\/\/www.europesays.com\/fr\/wp-json\/wp\/v2\/users\/2"}],"replies":[{"embeddable":true,"href":"https:\/\/www.europesays.com\/fr\/wp-json\/wp\/v2\/comments?post=437716"}],"version-history":[{"count":0,"href":"https:\/\/www.europesays.com\/fr\/wp-json\/wp\/v2\/posts\/437716\/revisions"}],"wp:featuredmedia":[{"embeddable":true,"href":"https:\/\/www.europesays.com\/fr\/wp-json\/wp\/v2\/media\/437717"}],"wp:attachment":[{"href":"https:\/\/www.europesays.com\/fr\/wp-json\/wp\/v2\/media?parent=437716"}],"wp:term":[{"taxonomy":"category","embeddable":true,"href":"https:\/\/www.europesays.com\/fr\/wp-json\/wp\/v2\/categories?post=437716"},{"taxonomy":"post_tag","embeddable":true,"href":"https:\/\/www.europesays.com\/fr\/wp-json\/wp\/v2\/tags?post=437716"}],"curies":[{"name":"wp","href":"https:\/\/api.w.org\/{rel}","templated":true}]}}