{"id":437729,"date":"2025-10-04T03:36:26","date_gmt":"2025-10-04T03:36:26","guid":{"rendered":"https:\/\/www.europesays.com\/fr\/437729\/"},"modified":"2025-10-04T03:36:26","modified_gmt":"2025-10-04T03:36:26","slug":"un-premier-round-difficile-mais-prometteur-en-challenge-thenegal-medialot","status":"publish","type":"post","link":"https:\/\/www.europesays.com\/fr\/437729\/","title":{"rendered":"Un premier round difficile mais prometteur en Challenge Th\u00e9n\u00e9gal \u2013 Medialot"},"content":{"rendered":"<p>\n                          <a href=\"https:\/\/mtechalu46.com\" rel=\"nofollow noopener\" target=\"_blank\"><img loading=\"lazy\" decoding=\"async\" alt=\"\" width=\"300\" height=\"38\" src=\"https:\/\/www.europesays.com\/fr\/wp-content\/uploads\/2025\/04\/GIF-MTECH.gif\" class=\"size-full wp-image-163888 aligncenter lazyload\"\/><\/a><br \/>\n2 rencontres ont livr\u00e9 de beaux \u00e9changes.<br \/>\n<a href=\"https:\/\/lot.fr\/actualites\/et-si-vieillir-devenait-une-aventure\" rel=\"nofollow noopener\" target=\"_blank\"><img loading=\"lazy\" decoding=\"async\" alt=\"\" width=\"300\" height=\"38\" src=\"https:\/\/www.europesays.com\/fr\/wp-content\/uploads\/2025\/09\/GIF-medialot-300-x-38_Assises-du-social-2025.gif\" class=\"size-full wp-image-174242 aligncenter lazyload\"\/><\/a><br \/>\n<a href=\"https:\/\/www.ecoutervoir.fr\" rel=\"nofollow noopener\" target=\"_blank\"><img loading=\"lazy\" decoding=\"async\" alt=\"\" width=\"300\" height=\"37\"  src=\"https:\/\/www.europesays.com\/fr\/wp-content\/uploads\/2025\/04\/ecouter-v-300x37.jpeg\" data- class=\"size-medium wp-image-163875 aligncenter lazyload\"\/><\/a><\/p>\n<p>Ce week-end marquait le coup d\u2019envoi du Challenge r\u00e9gional Th\u00e9n\u00e9gal par \u00e9quipe pour le Tennis Club de Trespoux. Si les r\u00e9sultats n\u2019ont pas souri aux Trespouziens, les rencontres ont livr\u00e9 de beaux \u00e9changes et laiss\u00e9 entrevoir des motifs d\u2019espoir pour la suite de la comp\u00e9tition.<\/p>\n<p><a href=\"https:\/\/www.europesays.com\/fr\/wp-content\/uploads\/2025\/04\/medialot-300x38-5.jpg\"><img loading=\"lazy\" decoding=\"async\" alt=\"\" width=\"300\" height=\"38\" src=\"https:\/\/www.europesays.com\/fr\/wp-content\/uploads\/2025\/04\/medialot-300x38-5.jpg\" class=\"size-full wp-image-150487 aligncenter lazyload\"\/><\/a><br \/>\n<a href=\"https:\/\/chambert.com\/fr\/index.html\" rel=\"nofollow noopener\" target=\"_blank\"><img loading=\"lazy\" decoding=\"async\" alt=\"\" width=\"300\" height=\"38\" src=\"https:\/\/www.europesays.com\/fr\/wp-content\/uploads\/2025\/04\/chambert-2024-300x38-1.gif\" class=\"size-full wp-image-160827 aligncenter lazyload\"\/><\/a><\/p>\n<p>&gt; Les filles s\u2019inclinent face \u00e0 Valence d\u2019Agen<\/p>\n<p>Les filles ont perdu face \u00e0 Valence d\u2019Agen, \u00e9quipe qu\u2019elles recevaient\u00a0\u00e0\u00a0la salle du Montat,<\/p>\n<p>Claire Egner a livr\u00e9 une belle bataille face \u00e0 une joueuse class\u00e9e 30, avant de c\u00e9der 7\/5 \u2013 6\/2. Val\u00e9rie Balier n\u2019a pas d\u00e9m\u00e9rit\u00e9 mais a d\u00fb s\u2019incliner face \u00e0 une 30\/2 (6\/3 \u2013 6\/0). C\u00e9line Baynat s\u2019est quant \u00e0 elle heurt\u00e9e \u00e0 la puissance d\u2019une 15\/3 (6\/1 \u2013 6\/0). Le double, disput\u00e9 par Claire et C\u00e9line, n\u2019a pas permis d\u2019inverser la tendance. Malgr\u00e9 l\u2019\u00e9nergie et la solidarit\u00e9 affich\u00e9es, la victoire est revenue aux Valenciennes.<\/p>\n<p><a href=\"https:\/\/concessions.peugeot.fr\/cahors\" rel=\"nofollow noopener\" target=\"_blank\"><img loading=\"lazy\" decoding=\"async\" alt=\"\" width=\"300\" height=\"38\" src=\"https:\/\/www.europesays.com\/fr\/wp-content\/uploads\/2025\/04\/pub_GGB_s.gif\" class=\"size-full wp-image-128909 aligncenter lazyload\"\/><\/a><br \/>\n<a href=\"https:\/\/www.assureur-cahors.fr\" rel=\"nofollow noopener\" target=\"_blank\"><img loading=\"lazy\" decoding=\"async\" alt=\"\" width=\"300\" height=\"38\" src=\"https:\/\/www.europesays.com\/fr\/wp-content\/uploads\/2025\/04\/300x38.gif\" class=\"size-full wp-image-141871 aligncenter lazyload\"\/><\/a><\/p>\n<p>&gt; Les hommes pi\u00e9g\u00e9s \u00e0 Rieupeyroux<\/p>\n<p>De leur c\u00f4t\u00e9, les messieurs se d\u00e9pla\u00e7aient en Aveyron pour affronter Rieupeyroux. L\u00e0 encore, l\u2019issue fut d\u00e9favorable (d\u00e9faite 5-0), mais l\u2019opposition a r\u00e9serv\u00e9 de belles surprises. Les Trespouziens Pascal Wirtz, Laurent Perez et Fr\u00e9d\u00e9rick H\u00e9li\u00e8s ont crois\u00e9 le fer avec une \u00e9quipe locale rajeunie, men\u00e9e par deux jeunes talents de 14 et 15 ans d\u00e9j\u00e0 impressionnants de maturit\u00e9 et de sang-froid. Le double, jou\u00e9 par Laurent et Fr\u00e9d\u00e9rick, restera le moment fort de la journ\u00e9e : un match accroch\u00e9, disput\u00e9 jusqu\u2019au super tie-break (d\u00e9faite 4\/6 \u2013 6\/4 \u2013 10\/7), qui a montr\u00e9 le caract\u00e8re et la combativit\u00e9 du TCT.<\/p>\n<p><a href=\"https:\/\/piscinesservices46.fr\" rel=\"nofollow noopener\" target=\"_blank\"><img loading=\"lazy\" decoding=\"async\" alt=\"\" width=\"300\" height=\"38\" src=\"https:\/\/www.europesays.com\/fr\/wp-content\/uploads\/2025\/04\/ps46-bandeau.gif\" class=\"size-full wp-image-146807 aligncenter lazyload\"\/><\/a><br \/>\n<a href=\"https:\/\/www.facebook.com\/intermarcheBastieCahors?locale=fr_FR\" target=\"_blank\" rel=\"noopener noreferrer nofollow\"><img loading=\"lazy\" decoding=\"async\" alt=\"\" width=\"300\" height=\"38\" src=\"https:\/\/www.europesays.com\/fr\/wp-content\/uploads\/2025\/04\/intermarche-V2.gif\" class=\"aligncenter wp-image-111517 size-full lazyload\"\/><\/a><\/p>\n<p>Si ce premier week-end s\u2019est sold\u00e9 par deux d\u00e9faites, l\u2019esprit d\u2019\u00e9quipe et l\u2019envie de bien faire \u00e9taient au rendez-vous. Le Tennis Club de Trespoux entend bien rebondir d\u00e8s dimanche prochain :<\/p>\n<p>Les filles se d\u00e9placeront \u00e0 Luzech, tandis que les hommes recevront l\u2019\u00e9quipe de Cajarc.<\/p>\n<p>Le TCT reste plus que jamais motiv\u00e9 pour aller chercher ses premi\u00e8res victoires dans ce Challenge Th\u00e9n\u00e9gal.<\/p>\n<p><a href=\"https:\/\/www.lfccourtage.com\/\" rel=\"nofollow noopener\" target=\"_blank\"><img loading=\"lazy\" decoding=\"async\" alt=\"\" width=\"300\" height=\"38\" src=\"https:\/\/www.europesays.com\/fr\/wp-content\/uploads\/2025\/04\/lfc-courtage-bandeau-2.gif\" class=\"size-full wp-image-78799 aligncenter lazyload\"\/><\/a><\/p>\n","protected":false},"excerpt":{"rendered":"2 rencontres ont livr\u00e9 de beaux \u00e9changes. Ce week-end marquait le coup d\u2019envoi du Challenge r\u00e9gional Th\u00e9n\u00e9gal par&hellip;\n","protected":false},"author":2,"featured_media":437730,"comment_status":"","ping_status":"","sticky":false,"template":"","format":"standard","meta":{"footnotes":""},"categories":[1415],"tags":[1011,27,60,1467],"class_list":{"0":"post-437729","1":"post","2":"type-post","3":"status-publish","4":"format-standard","5":"has-post-thumbnail","7":"category-tennis","8":"tag-fr","9":"tag-france","10":"tag-sports","11":"tag-tennis"},"share_on_mastodon":{"url":"https:\/\/pubeurope.com\/@fr\/115313809489104126","error":""},"_links":{"self":[{"href":"https:\/\/www.europesays.com\/fr\/wp-json\/wp\/v2\/posts\/437729","targetHints":{"allow":["GET"]}}],"collection":[{"href":"https:\/\/www.europesays.com\/fr\/wp-json\/wp\/v2\/posts"}],"about":[{"href":"https:\/\/www.europesays.com\/fr\/wp-json\/wp\/v2\/types\/post"}],"author":[{"embeddable":true,"href":"https:\/\/www.europesays.com\/fr\/wp-json\/wp\/v2\/users\/2"}],"replies":[{"embeddable":true,"href":"https:\/\/www.europesays.com\/fr\/wp-json\/wp\/v2\/comments?post=437729"}],"version-history":[{"count":0,"href":"https:\/\/www.europesays.com\/fr\/wp-json\/wp\/v2\/posts\/437729\/revisions"}],"wp:featuredmedia":[{"embeddable":true,"href":"https:\/\/www.europesays.com\/fr\/wp-json\/wp\/v2\/media\/437730"}],"wp:attachment":[{"href":"https:\/\/www.europesays.com\/fr\/wp-json\/wp\/v2\/media?parent=437729"}],"wp:term":[{"taxonomy":"category","embeddable":true,"href":"https:\/\/www.europesays.com\/fr\/wp-json\/wp\/v2\/categories?post=437729"},{"taxonomy":"post_tag","embeddable":true,"href":"https:\/\/www.europesays.com\/fr\/wp-json\/wp\/v2\/tags?post=437729"}],"curies":[{"name":"wp","href":"https:\/\/api.w.org\/{rel}","templated":true}]}}