{"id":437737,"date":"2025-10-04T03:41:15","date_gmt":"2025-10-04T03:41:15","guid":{"rendered":"https:\/\/www.europesays.com\/fr\/437737\/"},"modified":"2025-10-04T03:41:15","modified_gmt":"2025-10-04T03:41:15","slug":"les-freres-goba-kevin-et-yoann-la-lave-des-keriolets-de-pluvigner-morbihan-football","status":"publish","type":"post","link":"https:\/\/www.europesays.com\/fr\/437737\/","title":{"rendered":"Les fr\u00e8res Goba, K\u00e9vin et Yoann: la lave des Keriolets de Pluvigner &#8211; morbihan &#8211; football"},"content":{"rendered":"\n<p><strong>L\u00e9gende:<\/strong> Yoann ( \u00e0 gauche) et K\u00e9vin Goba, r\u00e9unis pour la premi\u00e8re fois \u00e0 35 et 38 ans aux Keriolets de Pluvigner (R1), \u00e0 un \u00e2ge parfois canonique pour le football, mais pas pour eux.<\/p>\n<p>Salari\u00e9 depuis sept ans \u00e0 l&rsquo;AS Menimur, Yoann Goba, auteur de 56 buts en une saison sous le maillot rouge et blanc de l&rsquo;AS M\u00e9nimur, en 2022\/2023, avait explos\u00e9 et atteint un record presque in\u00e9galable pour un autre joueur. Avouant avoir commenc\u00e9 le football \u00e0 &#8230;. 23 ans, sans avoir fait un autre sport au pr\u00e9alable, Yoann Goba est une com\u00e8te qui a vraiment trouv\u00e9 sa voie tr\u00e8s tard dans ce sport.<\/p>\n<p><strong>\u00a0\u00bb J&rsquo;ai quitt\u00e9 Paris pour Nantes. Et apr\u00e8s Nantes, je suis venu en Bretagne et commenc\u00e9 \u00e0 jouer au foot. Pour moi, le football au d\u00e9part, c&rsquo;\u00e9tait une sortie, le week-end. A 23 ans, je d\u00e9marre le foot \u00e0 Carnac en DSE. J&rsquo;ai eu le virus du football sur le tard.\u00a0<\/strong><strong>L&rsquo;an dernier, j&rsquo;avais jou\u00e9 \u00e0 Sen\u00e9 FC (R1). Comme mon grand-fr\u00e8re, avait fait sa premi\u00e8re saison \u00e0 Pluvigner, on parlait de plus en plus de jouer ensemble. Deux v\u00e9t\u00e9rans sur un terrain, c&rsquo;\u00e9tait mieux de la faire en senior qu&rsquo;en \u00e9quipe v\u00e9t\u00e9rans (rires). On se regarde l&rsquo;un et l&rsquo;autre tout le temps sur le terrain. Je suis un joueur d&rsquo;instinct. Il y&rsquo;a 3\/4 ans en arri\u00e8re, je voulais m\u00eame arr\u00eater le football, maintenant, je me sens encore bien sur les terrains\u00a0\u00bb<\/strong>, reconnait Yoann Goba.<\/p>\n<p><img loading=\"lazy\" decoding=\"async\" alt=\"\" class=\"media-image\" height=\"1080\" style=\"width: 100%; height: 100%;\" width=\"1920\" typeof=\"foaf:Image\" src=\"https:\/\/www.europesays.com\/fr\/wp-content\/uploads\/2025\/10\/p9272647.jpg\"\/><\/p>\n<p><strong>\u00a0\u00bb Je lui laisse la place pour aller courir. Notre premier mois est tr\u00e8s bon, m\u00eame si nous avons perdu le week-end en champipnnat face \u00e0 Ginglin (0-2). Ce n&rsquo;\u00e9tait pas forc\u00e9ment m\u00e9rit\u00e9. Ce match au Faou, on le percevait comme un traquenanrd, tant que nous ne mettions pas ce premier but, nous n&rsquo;\u00e9tions pas tranquilles. D\u00e8s que nous avons mis le premier, je savais qu&rsquo;apr\u00e8s nous aurions d\u00e9roul\u00e9. On contraint notre adversaire \u00e0 sortir plus, et nous avons marqu\u00e9 le deuxi\u00e8me dans la foul\u00e9e. Dans le vestiaires, \u00e0 la mi-temps, on ne pensait qu&rsquo;\u00e0 ce 3\u00e8me but\u00a0\u00bb<\/strong>, soutient K\u00e9vin Goba.<\/p>\n<p>Avec 9 points en quatre journ\u00e9es en poule A de R1, un 5\u00e8me tour surmontable \u00e0 Pleyben (D1), dans le Sud-Finist\u00e8re, chez un des petits poucets de la comp\u00e9tition, les Keriolets de Pluvigner voient arriver Octobre avec un fort app\u00e9tit, conscient que c&rsquo;est le mois qui peut faire basculer leur saison dans de l&rsquo;extraordinaire. Avec les fr\u00e8res Goba, Pluvigner a associ\u00e9 deux sacr\u00e9s clients sur le front de l&rsquo;attaque. R\u00e9unis pour la premi\u00e8re fois de leur carri\u00e8re, les fils de l&rsquo;ancien joueur professionnel, Michel ( Stade Brestois, Vannes, Dunkerque) prolongent le plaisir sur les maillots rouge et blanc des Keriolets de Pluvigner sur cette saison.<\/p>\n","protected":false},"excerpt":{"rendered":"L\u00e9gende: Yoann ( \u00e0 gauche) et K\u00e9vin Goba, r\u00e9unis pour la premi\u00e8re fois \u00e0 35 et 38 ans&hellip;\n","protected":false},"author":2,"featured_media":437738,"comment_status":"","ping_status":"","sticky":false,"template":"","format":"standard","meta":{"footnotes":""},"categories":[1410],"tags":[63,1011,27,60],"class_list":{"0":"post-437737","1":"post","2":"type-post","3":"status-publish","4":"format-standard","5":"has-post-thumbnail","7":"category-football","8":"tag-football","9":"tag-fr","10":"tag-france","11":"tag-sports"},"share_on_mastodon":{"url":"https:\/\/pubeurope.com\/@fr\/115313828950693860","error":""},"_links":{"self":[{"href":"https:\/\/www.europesays.com\/fr\/wp-json\/wp\/v2\/posts\/437737","targetHints":{"allow":["GET"]}}],"collection":[{"href":"https:\/\/www.europesays.com\/fr\/wp-json\/wp\/v2\/posts"}],"about":[{"href":"https:\/\/www.europesays.com\/fr\/wp-json\/wp\/v2\/types\/post"}],"author":[{"embeddable":true,"href":"https:\/\/www.europesays.com\/fr\/wp-json\/wp\/v2\/users\/2"}],"replies":[{"embeddable":true,"href":"https:\/\/www.europesays.com\/fr\/wp-json\/wp\/v2\/comments?post=437737"}],"version-history":[{"count":0,"href":"https:\/\/www.europesays.com\/fr\/wp-json\/wp\/v2\/posts\/437737\/revisions"}],"wp:featuredmedia":[{"embeddable":true,"href":"https:\/\/www.europesays.com\/fr\/wp-json\/wp\/v2\/media\/437738"}],"wp:attachment":[{"href":"https:\/\/www.europesays.com\/fr\/wp-json\/wp\/v2\/media?parent=437737"}],"wp:term":[{"taxonomy":"category","embeddable":true,"href":"https:\/\/www.europesays.com\/fr\/wp-json\/wp\/v2\/categories?post=437737"},{"taxonomy":"post_tag","embeddable":true,"href":"https:\/\/www.europesays.com\/fr\/wp-json\/wp\/v2\/tags?post=437737"}],"curies":[{"name":"wp","href":"https:\/\/api.w.org\/{rel}","templated":true}]}}