{"id":437741,"date":"2025-10-04T03:44:10","date_gmt":"2025-10-04T03:44:10","guid":{"rendered":"https:\/\/www.europesays.com\/fr\/437741\/"},"modified":"2025-10-04T03:44:10","modified_gmt":"2025-10-04T03:44:10","slug":"realmont-moins-de-visiteurs-au-salon-du-livre","status":"publish","type":"post","link":"https:\/\/www.europesays.com\/fr\/437741\/","title":{"rendered":"R\u00e9almont. Moins de visiteurs au Salon du livre"},"content":{"rendered":"<p>\u00ab\u00a0Des visiteurs int\u00e9ress\u00e9s, des exposants satisfaits, mais moiti\u00e9 moins de visiteurs que<\/p>\n<p>l\u2019an dernier\u00a0\u00bb, indique Nad\u00e8ge Barthe de la Osa, adjointe \u00e0 la culture, organisatrice en<\/p>\n<p>partenariat avec la communaut\u00e9 de communes Centre-Tarn. D\u00e8s l\u2019ouverture du 16e\u1d49 Salon du livre, la salle qui r\u00e9ceptionnait les livres d\u2019occasion et vide-biblioth\u00e8ques accueillait plus de monde que la salle des auteurs. Par contre, l\u2019apr\u00e8s-midi, celle-ci a eu sa revanche, car les visiteurs, sans doute plus f\u00e9rus de nouveaut\u00e9s, \u00e9taient bien pr\u00e9sents. Et qu\u2019ils fussent amateurs de polars, de romans d\u2019aventures, de po\u00e9sies ou de romans graphiques, ils avaient le choix avec les quarante-trois auteurs pr\u00e9sents, tous r\u00e9sidents en Occitanie. Une belle animation, mais les ventes n\u2019ont pas suivi. \u00ab\u00a0Je n\u2019ai vendu que trois ouvrages\u00a0\u00bb, confie en fin de journ\u00e9e Christine Carneau, Castraise, autrice de polars et \u00e9galement organisatrice du 2e\u1d49 Salon du livre, qui aura lieu \u00e0 Castres les 18 et 19<\/p>\n<p>octobre. Quant \u00e0 Patricia, qui a pr\u00e9sent\u00e9 de magnifiques ouvrages plus orient\u00e9s \u0153uvres d\u2019art : \u00ab\u00a0Z\u00e9ro vente, heureusement que l\u2019emplacement est gratuit, confie-t-elle. D\u2019ailleurs,<\/p>\n<p>j\u2019aimerais remercier la mairie car tout \u00e9tait vraiment bien organis\u00e9\u00a0\u00bb. En r\u00e9sum\u00e9 malgr\u00e9 une fr\u00e9quentation divis\u00e9e par deux, le 16e Salon du livre a s\u00e9duit.<\/p>\n<p><b>Tombola \u00e0 Octobre Rose. <\/b>Ce dimanche 5 octobre, les pompiers seront pr\u00e9sents au fond du Foirail avec une tombola et de jolis lots \u00e0 la cl\u00e9. Les marcheurs ont rendez-vous \u00e0 partir de 9 h. Ravitaillement \u00e0 mi-parcours et \u00e0 l\u2019arriv\u00e9e (participation 10 \u20ac).<\/p>\n","protected":false},"excerpt":{"rendered":"\u00ab\u00a0Des visiteurs int\u00e9ress\u00e9s, des exposants satisfaits, mais moiti\u00e9 moins de visiteurs que l\u2019an dernier\u00a0\u00bb, indique Nad\u00e8ge Barthe de&hellip;\n","protected":false},"author":2,"featured_media":437742,"comment_status":"","ping_status":"","sticky":false,"template":"","format":"standard","meta":{"footnotes":""},"categories":[1357],"tags":[1379,58,59,1011,27,1380],"class_list":{"0":"post-437741","1":"post","2":"type-post","3":"status-publish","4":"format-standard","5":"has-post-thumbnail","7":"category-livres","8":"tag-books","9":"tag-divertissement","10":"tag-entertainment","11":"tag-fr","12":"tag-france","13":"tag-livres"},"share_on_mastodon":{"url":"https:\/\/pubeurope.com\/@fr\/115313840325786157","error":""},"_links":{"self":[{"href":"https:\/\/www.europesays.com\/fr\/wp-json\/wp\/v2\/posts\/437741","targetHints":{"allow":["GET"]}}],"collection":[{"href":"https:\/\/www.europesays.com\/fr\/wp-json\/wp\/v2\/posts"}],"about":[{"href":"https:\/\/www.europesays.com\/fr\/wp-json\/wp\/v2\/types\/post"}],"author":[{"embeddable":true,"href":"https:\/\/www.europesays.com\/fr\/wp-json\/wp\/v2\/users\/2"}],"replies":[{"embeddable":true,"href":"https:\/\/www.europesays.com\/fr\/wp-json\/wp\/v2\/comments?post=437741"}],"version-history":[{"count":0,"href":"https:\/\/www.europesays.com\/fr\/wp-json\/wp\/v2\/posts\/437741\/revisions"}],"wp:featuredmedia":[{"embeddable":true,"href":"https:\/\/www.europesays.com\/fr\/wp-json\/wp\/v2\/media\/437742"}],"wp:attachment":[{"href":"https:\/\/www.europesays.com\/fr\/wp-json\/wp\/v2\/media?parent=437741"}],"wp:term":[{"taxonomy":"category","embeddable":true,"href":"https:\/\/www.europesays.com\/fr\/wp-json\/wp\/v2\/categories?post=437741"},{"taxonomy":"post_tag","embeddable":true,"href":"https:\/\/www.europesays.com\/fr\/wp-json\/wp\/v2\/tags?post=437741"}],"curies":[{"name":"wp","href":"https:\/\/api.w.org\/{rel}","templated":true}]}}