{"id":437743,"date":"2025-10-04T03:45:27","date_gmt":"2025-10-04T03:45:27","guid":{"rendered":"https:\/\/www.europesays.com\/fr\/437743\/"},"modified":"2025-10-04T03:45:27","modified_gmt":"2025-10-04T03:45:27","slug":"surprise-un-agriculteur-myt","status":"publish","type":"post","link":"https:\/\/www.europesays.com\/fr\/437743\/","title":{"rendered":"Surprise\u202f! Un agriculteur myt &#8230;"},"content":{"rendered":"<p>EN BREF<\/p>\n<ul class=\"bloc_resume_post_list\">\n<li>La saison 20 de L\u00a0\u00bbamour est dans le pr\u00e9 se poursuit tous<br \/>\nles lundis soir sur M6 et avec une semaine d&rsquo;avance sur<br \/>\nM6+.<\/li>\n<li>Dans l&rsquo;\u00e9pisode du 6 octobre d\u00e9j\u00e0 dispo sur M6+, un ancien<br \/>\nagriculteur culte de l&rsquo;\u00e9mission fait son grand retour.<\/li>\n<li>Pr\u00e9sent dans la saison 14, il n&rsquo;a pas h\u00e9sit\u00e9 \u00e0 venir<br \/>\nfaire un petit coucou \u00e0 Anthony&#8230;<\/li>\n<\/ul>\n<p>Une bonne surprise attend les t\u00e9l\u00e9spectateurs de <a href=\"https:\/\/www.telestar.fr\/tele_realite\/adp\/lamour-est-dans-le-pre-spoiler-jean-louis-bientot-au-coeur-dun-drame-les-telespectateurs-en-sont-surs-1738957\" rel=\"noopener\" target=\"_blank\">L\u2019amour est dans le pr\u00e9<\/a> dans l\u2019\u00e9mission qui sera<br \/>\ndiffus\u00e9e le 6 octobre prochain. Pour les plus impatients et comme<br \/>\ndepuis quelques ann\u00e9es, la cha\u00eene propose aux t\u00e9l\u00e9spectateurs<br \/>\nabonn\u00e9s \u00e0 <a href=\"https:\/\/www.m6.fr\/\" rel=\"nofollow noopener\" target=\"_blank\">M6+<\/a> de<br \/>\n<strong>d\u00e9couvrir les \u00e9pisodes avec une semaine d\u2019avance.<\/strong><br \/>\nAttention donc aux spoilers dans la suite si vous ne voulez rien<br \/>\nsavoir. Car c\u2019est ainsi qu\u2019on sait d\u00e9j\u00e0 que le 6 octobre prochain,<br \/>\ndans l\u2019<a href=\"https:\/\/www.telestar.fr\/tele_realite\/lamour-est-dans-le-pre-2025-spoiler-une-pretendante-fait-une-arrivee-en-fanfare-elle-na-pas-les-mains-dans-ses-poches-1738865\" target=\"_blank\" rel=\"noopener\">\u00e9mission<\/a><br \/>\ndisponible depuis ce 29 septembre sur la plateforme, un ancien<br \/>\nagriculteur va faire une apparition.<\/p>\n<p>Alors qu\u2019Anthony a organis\u00e9 <strong>une grande f\u00eate avec tous<br \/>\nses proches pour les pr\u00e9senter \u00e0 sa<\/strong> <a href=\"https:\/\/www.telestar.fr\/tele_realite\/adp\/lamour-est-dans-le-pre-spoiler-jean-louis-decu-une-pretendante-lui-fait-une-cachotterie-derangeante-1739002\" target=\"_blank\" rel=\"noopener\"><br \/>\npr\u00e9tendante<\/a> Evelyne, c\u2019est le fameux Didier de la saison 14 qui<br \/>\nd\u00e9barque dans la salle des f\u00eates. Pr\u00e9sent dans l\u2019\u00e9dition de L\u2019amour<br \/>\nest dans le pr\u00e9 de 2019, l\u2019\u00e9leveur de vaches allaitantes n\u2019habite<br \/>\npas tr\u00e8s loin de chez <a href=\"https:\/\/www.telestar.fr\/tele_realite\/adp\/lamour-est-dans-le-pre-2025-anthony-le-frere-dun-ex-candidat-phare-au-casting-1702828\" target=\"_blank\" rel=\"noopener\"><br \/>\nAnthony<\/a>. C\u2019est donc tout naturellement qu\u2019il est pass\u00e9 lui<br \/>\nfaire un petit coucou \u00e0 l\u2019occasion des pr\u00e9sentations de sa<br \/>\npr\u00e9tendante.<\/p>\n<p>L\u2019amour est dans le pr\u00e9 : Didier d\u00e9barque<\/p>\n<p>Comme l\u2019explique la voix off de <a href=\"https:\/\/www.telestar.fr\/tele_realite\/adp\/lamour-est-dans-le-pre-spoiler-karine-le-marchand-bouleverse-les-regles-pour-un-cas-difficile-1735858\" target=\"_blank\" rel=\"noopener\"><br \/>\nKarine Le Marchand<\/a>, les deux agriculteurs ont fait connaissance<br \/>\nau salon de l\u2019agriculture. Et puisque L\u2019amour est dans le pr\u00e9 est<br \/>\nune grande famille, il n\u2019y a pas de mauvaise raison de faire des<br \/>\npetites visites aux voisins. Comme lors de sa saison,<br \/>\n<strong>Didier parle toujours aussi vite<\/strong>, et ses prises de<br \/>\nparoles sont donc encore ponctu\u00e9es de quelques sous-titres<br \/>\nbienvenus pour les t\u00e9l\u00e9spectateurs.<\/p>\n<p>L&rsquo;agriculteur salue le couple et, comme beaucoup de proches<br \/>\nd\u2019Anthony, il m\u00e8ne ensuite sa petite enqu\u00eate pour en savoir plus<br \/>\nsur cette relation naissante. Force est de constater que<br \/>\n<strong>pour Evelyne et Anthony, tous les signes sont au<br \/>\nvert<\/strong> pour le moment et l\u2019amour semble bel et bien avoir<br \/>\nfrapp\u00e9 \u00e0 leur porte. En revanche pour Didier, il semblerait que les<br \/>\nchoses soient un peu plus compliqu\u00e9es.<\/p>\n<p>O\u00f9 en est la vie amoureuse de Didier<br \/>\n?<\/p>\n<p>Lorsqu\u2019il parle avec Anthony et apr\u00e8s quelques sages conseils<br \/>\nsur le fait de privil\u00e9gier sa vie personnelle et sentimentale<br \/>\nplut\u00f4t que le travail, Didier l\u00e2che quelques mots sur sa propre<br \/>\nsituation amoureuse. Quand Anthony lui demande o\u00f9 il en est,<br \/>\n<strong>Didier n\u2019y va pas par quatre chemins<\/strong>. \u00ab\u00a0C\u2019est<br \/>\ncomme quand tu arrives \u00e0 l\u2019h\u00f4pital, que tu es sur le lit, et que tu<br \/>\nentends biiiiiip\u00a0\u00bb explique-t-il en imitant le bruit d\u2019un<br \/>\n\u00e9lectrocardiogramme plat. \u00ab\u00a0J\u2019en suis l\u00e0\u00a0\u00bb conclut-il. Ne<br \/>\nreste donc plus qu\u2019\u00e0 lui souhaiter autant de chance qu\u2019\u00e0 Anthony<br \/>\npour la suite.<\/p>\n","protected":false},"excerpt":{"rendered":"EN BREF La saison 20 de L\u00a0\u00bbamour est dans le pr\u00e9 se poursuit tous les lundis soir sur&hellip;\n","protected":false},"author":2,"featured_media":437744,"comment_status":"","ping_status":"","sticky":false,"template":"","format":"standard","meta":{"footnotes":""},"categories":[1356],"tags":[548,58,59,1011,27,5413,9307,252,1364],"class_list":{"0":"post-437743","1":"post","2":"type-post","3":"status-publish","4":"format-standard","5":"has-post-thumbnail","7":"category-television","8":"tag-article-simple","9":"tag-divertissement","10":"tag-entertainment","11":"tag-fr","12":"tag-france","13":"tag-karine-le-marchand","14":"tag-lamour-est-dans-le-pre","15":"tag-television","16":"tag-tv"},"share_on_mastodon":{"url":"https:\/\/pubeurope.com\/@fr\/115313844469820893","error":""},"_links":{"self":[{"href":"https:\/\/www.europesays.com\/fr\/wp-json\/wp\/v2\/posts\/437743","targetHints":{"allow":["GET"]}}],"collection":[{"href":"https:\/\/www.europesays.com\/fr\/wp-json\/wp\/v2\/posts"}],"about":[{"href":"https:\/\/www.europesays.com\/fr\/wp-json\/wp\/v2\/types\/post"}],"author":[{"embeddable":true,"href":"https:\/\/www.europesays.com\/fr\/wp-json\/wp\/v2\/users\/2"}],"replies":[{"embeddable":true,"href":"https:\/\/www.europesays.com\/fr\/wp-json\/wp\/v2\/comments?post=437743"}],"version-history":[{"count":0,"href":"https:\/\/www.europesays.com\/fr\/wp-json\/wp\/v2\/posts\/437743\/revisions"}],"wp:featuredmedia":[{"embeddable":true,"href":"https:\/\/www.europesays.com\/fr\/wp-json\/wp\/v2\/media\/437744"}],"wp:attachment":[{"href":"https:\/\/www.europesays.com\/fr\/wp-json\/wp\/v2\/media?parent=437743"}],"wp:term":[{"taxonomy":"category","embeddable":true,"href":"https:\/\/www.europesays.com\/fr\/wp-json\/wp\/v2\/categories?post=437743"},{"taxonomy":"post_tag","embeddable":true,"href":"https:\/\/www.europesays.com\/fr\/wp-json\/wp\/v2\/tags?post=437743"}],"curies":[{"name":"wp","href":"https:\/\/api.w.org\/{rel}","templated":true}]}}