{"id":437747,"date":"2025-10-04T03:47:18","date_gmt":"2025-10-04T03:47:18","guid":{"rendered":"https:\/\/www.europesays.com\/fr\/437747\/"},"modified":"2025-10-04T03:47:18","modified_gmt":"2025-10-04T03:47:18","slug":"apres-le-succes-des-visiteurs-jean-reno-vide-son-sac-sur-christian-clavier-cest-une-folie-de","status":"publish","type":"post","link":"https:\/\/www.europesays.com\/fr\/437747\/","title":{"rendered":"Apr\u00e8s le succ\u00e8s des Visiteurs, Jean Reno vide son sac sur Christian Clavier : \u201cC\u2019est une folie de\u2026\u201d"},"content":{"rendered":"<p>En 1993, le grand public d\u00e9couvre Les Visiteurs.<br \/>\n<strong>Com\u00e9die m\u00ealant \u00e9poque m\u00e9di\u00e9vale et \u00e2ge contemporain sur<br \/>\nfond de bouffonnade et de voyage dans le temps.<\/strong> Le film,<br \/>\nr\u00e9alis\u00e9 par <strong>Jean-Marie Poir\u00e9<\/strong>, port\u00e9 par<br \/>\n<strong>Jean Reno<\/strong> et <strong>Christian Clavier<\/strong>,<br \/>\ndevient un instantan\u00e9 culte. En plus d\u2019une \u0153uvre<br \/>\ninterg\u00e9n\u00e9rationnelle qui vieillit comme une bonne petite souplette.<br \/>\nToutefois, au d\u00e9part, l\u2019aventure Visiteurs n\u2019\u00e9tait pas<br \/>\ngagn\u00e9e. \u00c0 l\u2019arriv\u00e9e, le long-m\u00e9trage conna\u00eet un <strong>immense<br \/>\nsucc\u00e8s<\/strong> en salles. Jean Reno et Christian Clavier<br \/>\nreviennent sur la gen\u00e8se de celui-ci dans ce documentaire d\u2019\u00e9poque.<br \/>\n<strong>Et on aper\u00e7oit quelques d\u00e9saccords entre les<br \/>\ndeux.<\/strong><\/p>\n<p>Les Visiteurs : la r\u00e9v\u00e9lation culte du tandem Reno \/<br \/>\nClavier<\/p>\n<p>Nous sommes en 1993. <strong>Deux ans plus t\u00f4t, Jean-Marie<br \/>\nPoir\u00e9, <a href=\"https:\/\/www.melty.fr\/people\/trente-ans-apres-le-film-leon-jean-reno-tres-franc-sur-natalie-portman-elle-avait-deja-2197060.html\" target=\"_blank\" rel=\"noopener\"><br \/>\nd\u00e9j\u00e0 accompagn\u00e9 de Jean Reno et Christian Clavier<\/a>, et de<br \/>\nVal\u00e9rie Lemercier, ne l\u2019oublions pas, balance L\u2019Op\u00e9ration<br \/>\nCorned Beef.<\/strong> Un pastiche de film d\u2019espionnage qui ne<br \/>\nrencontre pas le succ\u00e8s escompt\u00e9. Pas de panique, Poir\u00e9 et Clavier,<br \/>\nqui \u00e9crivent ensemble, en ont encore sous l\u2019coude. Ils planchent<br \/>\nsur ce qui est au d\u00e9part un court-m\u00e9trage humoristique et<br \/>\nm\u00e9di\u00e9val.<\/p>\n<p>Finalement, apr\u00e8s des hauts et des bas dans la production, le<br \/>\nprojet devient Les Visiteurs. <strong>Gaumont<\/strong> est<br \/>\nderri\u00e8re la joyeuse bande qui veut oublier le rendez-vous manqu\u00e9 de<br \/>\nL\u2019Op\u00e9ration Corned Beef. <strong>Les<br \/>\nVisiteurs<\/strong><strong>, \u00e0 l\u2019arriv\u00e9e, rassemble plus de 13<br \/>\n000 000 de spectateurs au cin\u00e9ma.<\/strong> C\u2019est aussi la<br \/>\nr\u00e9v\u00e9lation culte d\u2019un duo qui l\u2019est tout autant, Jean Reno et<br \/>\nChristian Clavier. Alias <strong>Godefroy de Montmirail<\/strong> et<br \/>\n<strong>Jacquouille la fripouille<\/strong>.<\/p>\n<p>Le film est un carton puis conna\u00eet deux suites et un<br \/>\nremake<\/p>\n<p>Les deux personnages hauts en couleur sont parachut\u00e9s du<br \/>\nMoyen-\u00c2ge en l\u2019an de gr\u00e2ce 1993. <strong>La diff\u00e9rence entre les<br \/>\ndeux \u00e9poques, jonglant sur les deux antiquit\u00e9s se prenant le mur de<br \/>\nla modernit\u00e9, est le ressort comique principal du film.<\/strong> La<br \/>\nsuite, on la conna\u00eet. Le film s\u2019inscrit d\u00e8s le d\u00e9part dans<br \/>\nl\u2019inconscient collectif gr\u00e2ce \u00e0 son langage si typique, en vieux<br \/>\nFran\u00e7ois, mais aussi des sc\u00e8nes embl\u00e9matiques comme celle de La<br \/>\nPoste ou jour\/nuit.<\/p>\n<p><strong>Les Visiteurs conna\u00eet deux suites au succ\u00e8s<br \/>\nmoindre, en 1998, Les Couloirs du temps, d\u2019abord, puis en<br \/>\n2016, La R\u00e9volution.<\/strong> En outre, un <strong>remake<br \/>\nam\u00e9ricain<\/strong>, titr\u00e9 Les Visiteurs en Am\u00e9rique par<br \/>\nchez nous, minable car vid\u00e9 de toute sa substance comique, voit le<br \/>\njour en 2001. <a href=\"https:\/\/www.melty.fr\/people\/des-annees-apres-christian-clavier-furax-fustige-les-visiteurs-le-film-est-foutu-2264379.html\" target=\"_blank\" rel=\"noopener\"><br \/>\nChristian Clavier d\u00e9savoue aujourd\u00a0\u00bbhui cet opus<\/a> dans lequel il<br \/>\na pourtant jou\u00e9 \u00e0 l\u2019\u00e9poque. Dans Les Visiteurs revisit\u00e9s,<br \/>\ndocu de l\u2019\u00e9poque, l\u2019interpr\u00e8te de Jacquouille se livre.<\/p>\n<p>Les Visiteurs, ce point de<br \/>\nd\u00e9saccord entre Reno et Clavier<\/p>\n<p>On savait d\u00e9j\u00e0 Christian Clavier tr\u00e8s disert en interview<br \/>\nlorsqu\u2019il parle de cin\u00e9ma en g\u00e9n\u00e9ral. Et, en r\u00e9alit\u00e9, il l\u2019est<br \/>\npeut-\u00eatre plus lorsqu\u2019il parle de son propre cin\u00e9ma. En<br \/>\nl&rsquo;occurrence, la cr\u00e9ation des Visiteurs. \u201c\u00c7a faisait<br \/>\ntr\u00e8s tr\u00e8s peur [au producteur du film, NDLR] le fait<br \/>\nqu\u2019ils puissent parler en vieux Fran\u00e7ais.\u201d, <a href=\"https:\/\/www.youtube.com\/watch?v=efleX_1upHc\" target=\"_blank\" rel=\"noopener\">raconte Clavier dans<br \/>\nle reportage datant de 2005<\/a>. Il prend ensuite la voix du<br \/>\nproducteur : \u201cComment voulez-vous que les jeunes des banlieues<br \/>\naillent voir un film qui s\u2019exprime dans cette langue-l\u00e0 ?<br \/>\n[&#8230;] Donc, supprimez tout \u00e7a et on pourra faire le film.\u201d<br \/>\n<strong>Il est vrai que le langage des Visiteurs est source de<br \/>\nd\u00e9saccord et cela m\u00eame au sein de l&rsquo;\u00e9quipe&#8230;<\/strong><\/p>\n<p>Christian Clavier et Jean-Marie Poir\u00e9 racontent avoir trouv\u00e9,<br \/>\navant le tournage, un annuaire de vieux Fran\u00e7ais leur permettant de<br \/>\nchoisir des mots et expressions transparents. <strong>En vue de les<br \/>\nint\u00e9grer dans les dialogues du sc\u00e9nario.<\/strong> Jean Reno, lui,<br \/>\ndans le m\u00eame docu, s\u2019inscrit en faux. Avant de vider son sac :<br \/>\n\u201c[Quitte<br \/>\n\u00e0 \u00eatre le trouble-f\u00eate, ce n\u2019est pas du tout du vieux Fran\u00e7ais.<br \/>\n<strong>C\u2019est simplement une folie de Christian et de<br \/>\nJean-Marie.<\/strong> Les mots sont d\u00e9form\u00e9s\u00a0&#8230;]\u201d<br \/>\nClavier, dans une autre s\u00e9quence, contre-attaque avec malice :<br \/>\n\u201cJean pense souvent qu\u2019on d\u00e9lire. Mais je pense que l\u00e0-dessus,<br \/>\nil a raison et tort \u00e0 la fois. Par exemple, \u2018une petite<br \/>\nsouplette\u2019, c\u2019est une vraie expression [&#8230;]\u201d Un partout,<br \/>\nballe au centre entre Godefroy et son escuyer, Jacquouille.<\/p>\n","protected":false},"excerpt":{"rendered":"En 1993, le grand public d\u00e9couvre Les Visiteurs. Com\u00e9die m\u00ealant \u00e9poque m\u00e9di\u00e9vale et \u00e2ge contemporain sur fond de&hellip;\n","protected":false},"author":2,"featured_media":437748,"comment_status":"","ping_status":"","sticky":false,"template":"","format":"standard","meta":{"footnotes":""},"categories":[1354],"tags":[905,2203,58,59,1346,1011,27,23658,1360],"class_list":{"0":"post-437747","1":"post","2":"type-post","3":"status-publish","4":"format-standard","5":"has-post-thumbnail","7":"category-films","8":"tag-a-la-une-melty","9":"tag-christian-clavier","10":"tag-divertissement","11":"tag-entertainment","12":"tag-films","13":"tag-fr","14":"tag-france","15":"tag-jean-reno","16":"tag-movies"},"share_on_mastodon":{"url":"https:\/\/pubeurope.com\/@fr\/115313851958561103","error":""},"_links":{"self":[{"href":"https:\/\/www.europesays.com\/fr\/wp-json\/wp\/v2\/posts\/437747","targetHints":{"allow":["GET"]}}],"collection":[{"href":"https:\/\/www.europesays.com\/fr\/wp-json\/wp\/v2\/posts"}],"about":[{"href":"https:\/\/www.europesays.com\/fr\/wp-json\/wp\/v2\/types\/post"}],"author":[{"embeddable":true,"href":"https:\/\/www.europesays.com\/fr\/wp-json\/wp\/v2\/users\/2"}],"replies":[{"embeddable":true,"href":"https:\/\/www.europesays.com\/fr\/wp-json\/wp\/v2\/comments?post=437747"}],"version-history":[{"count":0,"href":"https:\/\/www.europesays.com\/fr\/wp-json\/wp\/v2\/posts\/437747\/revisions"}],"wp:featuredmedia":[{"embeddable":true,"href":"https:\/\/www.europesays.com\/fr\/wp-json\/wp\/v2\/media\/437748"}],"wp:attachment":[{"href":"https:\/\/www.europesays.com\/fr\/wp-json\/wp\/v2\/media?parent=437747"}],"wp:term":[{"taxonomy":"category","embeddable":true,"href":"https:\/\/www.europesays.com\/fr\/wp-json\/wp\/v2\/categories?post=437747"},{"taxonomy":"post_tag","embeddable":true,"href":"https:\/\/www.europesays.com\/fr\/wp-json\/wp\/v2\/tags?post=437747"}],"curies":[{"name":"wp","href":"https:\/\/api.w.org\/{rel}","templated":true}]}}