{"id":437749,"date":"2025-10-04T03:49:15","date_gmt":"2025-10-04T03:49:15","guid":{"rendered":"https:\/\/www.europesays.com\/fr\/437749\/"},"modified":"2025-10-04T03:49:15","modified_gmt":"2025-10-04T03:49:15","slug":"la-convocation-de-joao-neves-avec-le-portugal-frustre-le-psg","status":"publish","type":"post","link":"https:\/\/www.europesays.com\/fr\/437749\/","title":{"rendered":"La convocation de Joao Neves avec le Portugal frustre le PSG"},"content":{"rendered":"<p><img width=\"700\" height=\"350\" src=\"https:\/\/www.europesays.com\/fr\/wp-content\/uploads\/2025\/10\/Joao-Neves.jpg\" class=\"attachment-jannah-image-post size-jannah-image-post wp-post-image\" alt=\"Joao neves\" is_main_img=\"1\" decoding=\"async\" fetchpriority=\"high\"  \/><br \/>\n Image :<br \/>\npsg.fr<\/p>\n<p>Bless\u00e9 contre l\u2019Atalanta et pas encore de retour sur les<br \/>\nterrains avec le PSG, Joao Neves a \u00e9t\u00e9 convoqu\u00e9 avec le Portugal,<br \/>\nce qui a surpris le PSG.<\/p>\n<p>Le <strong>PSG<\/strong> va voir un tr\u00e8s grand nombre de ses<br \/>\njoueurs rejoindre leurs s\u00e9lections nationales respectives. Ce sera<br \/>\nle cas de ses quatre joueurs portugais, <strong>Nuno Mendes,<br \/>\nVitinha, Gon\u00e7alo Ramos<\/strong> et <strong>Joao Neves<\/strong>. Le<br \/>\ndernier cit\u00e9, bless\u00e9 aux ischios-jambiers contre <strong>l\u2019Atalanta<br \/>\nBergame<\/strong>, le milieu de terrain n\u2019a pas rejou\u00e9 avec le<br \/>\n<strong>PSG<\/strong> depuis le 17 septembre.<\/p>\n<p>A voir aussi : <a href=\"https:\/\/canal-supporters.com\/vitinha-un-privilege-de-jouer-aux-cotes-de-joao-neves\/\" title=\"\" target=\"_blank\" rel=\"noopener\">Vitinha : \u00ab\u00a0Un privil\u00e8ge de jouer aux c\u00f4t\u00e9s de Joao<br \/>\nNeves\u00a0\u00bb<\/a><\/p>\n<p><a href=\"https:\/\/x.com\/CanalSupporters\" target=\"_blank\" rel=\"noopener\" title=\"\">canalsupporters.com<\/a><\/p>\n<p>Il a d\u00e9clar\u00e9<br \/>\nforfait au dernier moment avant le Bar\u00e7a<\/p>\n<p>Il aurait pu faire son retour contre le <strong><a href=\"https:\/\/canal-supporters.com\/les-coulisses-de-la-victoire-du-psg-contre-le-fc-barcelone\/\" title=\"\" target=\"_blank\" rel=\"noopener\">FC Barcelone<\/a><\/strong> mercredi soir. Annonc\u00e9<br \/>\ntitulaire, il avait d\u00e9clar\u00e9 forfait \u00e0 la derni\u00e8re minute apr\u00e8s des<br \/>\nmauvaises sensations lors de l\u2019\u00e9chauffement. Malgr\u00e9 cette longue<br \/>\nabsence, le num\u00e9ro 87 du <strong>PSG<\/strong> a \u00e9t\u00e9 convoqu\u00e9 par<br \/>\n<strong><a href=\"https:\/\/canal-supporters.com\/kvaratskhelia-quatre-portugais-des-nouveaux-joueurs-du-psg-appeles-en-selection\/\" title=\"\" target=\"_blank\" rel=\"noopener\">Roberto Martinez<\/a><\/strong> pour les matches du<br \/>\n<strong>Portugal<\/strong> contre l\u2019<strong>Irlande<\/strong> et la<br \/>\n<strong>Hongrie<\/strong> lors de la tr\u00eave internationale. Une<br \/>\nconvocation avec le <strong>Portugal<\/strong> qui a amen\u00e9 un<br \/>\nsentiment de frustration au sein du <strong>PSG<\/strong>, selon les<br \/>\ninformations de <a href=\"https:\/\/www.record.pt\/futebol\/selecoes\/detalhe\/noticia-record-psg-chateado-e-surpreendido-com-a-chamada-de-joao-neves-a-selecao?ref=HP_DestaquesPrincipais\" target=\"_blank\" rel=\"noopener\" title=\"\">Record<\/a>. Ce choix<br \/>\nde convoquer le milieu de terrain a surpris le<br \/>\n<strong>PSG<\/strong>, conclut le quotidien sportif<br \/>\nportugais.\u00a0<\/p><\/p>\n","protected":false},"excerpt":{"rendered":"Image : psg.fr Bless\u00e9 contre l\u2019Atalanta et pas encore de retour sur les terrains avec le PSG, Joao&hellip;\n","protected":false},"author":2,"featured_media":437750,"comment_status":"","ping_status":"","sticky":false,"template":"","format":"standard","meta":{"footnotes":""},"categories":[9],"tags":[81,787,1011,27,87,16044,626,91,92,6996,93,51227,28853,51228,60,96],"class_list":{"0":"post-437749","1":"post","2":"type-post","3":"status-publish","4":"format-standard","5":"has-post-thumbnail","7":"category-sports","8":"tag-canal-supporters","9":"tag-cs","10":"tag-fr","11":"tag-france","12":"tag-joao-neves","13":"tag-neves","14":"tag-paris","15":"tag-paris-saint-germain","16":"tag-paris-sg","17":"tag-portugal","18":"tag-psg","19":"tag-selection-portugaise","20":"tag-selections","21":"tag-selections-nationales","22":"tag-sports","23":"tag-une"},"share_on_mastodon":{"url":"https:\/\/pubeurope.com\/@fr\/115313860600514917","error":""},"_links":{"self":[{"href":"https:\/\/www.europesays.com\/fr\/wp-json\/wp\/v2\/posts\/437749","targetHints":{"allow":["GET"]}}],"collection":[{"href":"https:\/\/www.europesays.com\/fr\/wp-json\/wp\/v2\/posts"}],"about":[{"href":"https:\/\/www.europesays.com\/fr\/wp-json\/wp\/v2\/types\/post"}],"author":[{"embeddable":true,"href":"https:\/\/www.europesays.com\/fr\/wp-json\/wp\/v2\/users\/2"}],"replies":[{"embeddable":true,"href":"https:\/\/www.europesays.com\/fr\/wp-json\/wp\/v2\/comments?post=437749"}],"version-history":[{"count":0,"href":"https:\/\/www.europesays.com\/fr\/wp-json\/wp\/v2\/posts\/437749\/revisions"}],"wp:featuredmedia":[{"embeddable":true,"href":"https:\/\/www.europesays.com\/fr\/wp-json\/wp\/v2\/media\/437750"}],"wp:attachment":[{"href":"https:\/\/www.europesays.com\/fr\/wp-json\/wp\/v2\/media?parent=437749"}],"wp:term":[{"taxonomy":"category","embeddable":true,"href":"https:\/\/www.europesays.com\/fr\/wp-json\/wp\/v2\/categories?post=437749"},{"taxonomy":"post_tag","embeddable":true,"href":"https:\/\/www.europesays.com\/fr\/wp-json\/wp\/v2\/tags?post=437749"}],"curies":[{"name":"wp","href":"https:\/\/api.w.org\/{rel}","templated":true}]}}