{"id":437755,"date":"2025-10-04T03:52:23","date_gmt":"2025-10-04T03:52:23","guid":{"rendered":"https:\/\/www.europesays.com\/fr\/437755\/"},"modified":"2025-10-04T03:52:23","modified_gmt":"2025-10-04T03:52:23","slug":"voici-pourquoi-la-sanction-est-legale","status":"publish","type":"post","link":"https:\/\/www.europesays.com\/fr\/437755\/","title":{"rendered":"voici pourquoi la sanction est l\u00e9gale"},"content":{"rendered":"<p>\u00c0 Montpellier, un couple vit une situation aussi cocasse qu\u2019aga\u00e7ante. Depuis le d\u00e9but de l\u2019ann\u00e9e 2025, pas moins de sept proc\u00e8s-verbaux leur ont \u00e9t\u00e9 adress\u00e9s pour stationnement interdit. La raison ? Leur voiture \u00e9tait gar\u00e9e devant un garage\u2026 qui est le leur.<\/p>\n<p>Leur voiture est stationn\u00e9e devant leur garage, ils sont pourtant verbalis\u00e9s<\/p>\n<p>En effet, c&rsquo;est la m\u00e9saventure insolite que vit un couple originaire de Montpellier. Habitu\u00e9s du quartier depuis sept ans, les deux riverains n\u2019avaient jamais connu le moindre probl\u00e8me jusqu\u2019ici. Pourtant, ces derniers mois, et \u00e0 plusieurs reprises, ils ont retrouv\u00e9 sur leur pare-brise un PV pour stationnement g\u00eanant. D&rsquo;apr\u00e8s leur r\u00e9cit, ils stationnaient leur v\u00e9hicule devant un garage.<\/p>\n<p>Logique dirons certains, mais c&rsquo;est sans compter sur un d\u00e9tail capital : le garage leur appartient. \u201cOn ne g\u00eane personne puisque c\u2019est devant chez nous\u201d, s\u2019insurgent-ils aupr\u00e8s de <a href=\"https:\/\/www.midilibre.fr\/2025\/04\/25\/nous-sommes-harceles-par-un-serial-verbalisateur-garee-devant-son-garage-elle-recoit-des-pv-en-rafales-sur-cet-axe-pourtant-gratuit-de-montpellier-12655883.php\" target=\"_blank\" rel=\"noopener nofollow\">Midi Libre<\/a>. Convaincus d\u2019\u00eatre victimes d\u2019un exc\u00e8s de z\u00e8le, ils parlent m\u00eame d\u2019un \u201cserial verbalisateur\u201d, qu\u2019ils soup\u00e7onnent d\u2019agir avec le soutien du poste de vid\u00e9osurveillance de la police municipale.<\/p>\n<p>Verbalis\u00e9s sept fois pour avoir gar\u00e9 leur voiture\u2026 devant leur propre garage : voici pourquoi c&rsquo;est l\u00e9gal !<\/p>\n<p>M\u00eame si cette situation rev\u00eat l&rsquo;habit de l&rsquo;impensable et ressemble \u00e0 une mauvaise blague, une subtilit\u00e9 existe, et qui, une fois expliqu\u00e9e, dissipe ce brouillard.<\/p>\n<p>Ainsi, dans les colonnes de <a href=\"https:\/\/www.ladepeche.fr\/2025\/04\/28\/harceles-par-un-serial-verbalisateur-sept-pv-depuis-le-debut-de-lannee-parce-quils-garent-leur-vehicule-devant-leur-garage-12664332.php\" target=\"_blank\" rel=\"noopener nofollow\">La D\u00e9p\u00eache<\/a>, on lit que la mairie a tenu \u00e0 rappeler le cadre l\u00e9gal. L\u2019article R417-10 du Code de la route interdit le stationnement devant toute entr\u00e9e carrossable, autrement dit devant les portails et garages, m\u00eame si l\u2019acc\u00e8s appartient\u2026 au propri\u00e9taire lui-m\u00eame. Une r\u00e8gle qui peut sembler absurde, mais qui vise \u00e0 \u00e9viter toute ambigu\u00eft\u00e9 pour les forces de l\u2019ordre.<\/p>\n<p>La sanction s\u2019\u00e9l\u00e8ve \u00e0 35 euros d\u2019amende, port\u00e9e \u00e0 150 euros en cas de majoration. De ce fait, m\u00eame devant leur propre domicile, les Montpelli\u00e9rains ne pourront plus garer leur v\u00e9hicule devant leur garage sous peine de nouvelles contraventions.<\/p>\n<p>Partagez cette info avec vos amis et vos proches en cliquant ici<br \/>Pour r\u00e9sumer<\/p>\n<p>\u00c0 Montpellier, plusieurs habitants d\u00e9couvrent qu\u2019ils ne peuvent plus stationner devant leur propre garage, sous peine d\u2019amende. La mairie rappelle que l\u2019article R417-10 du Code de la route interdit tout stationnement devant une entr\u00e9e carrossable, y compris pour le propri\u00e9taire. Cette r\u00e8gle, destin\u00e9e \u00e0 \u00e9viter toute confusion pour les forces de l\u2019ordre, expose les contrevenants \u00e0 une amende de 35 \u20ac, pouvant grimper \u00e0 150 \u20ac en cas de majoration.<\/p>\n<p> <img decoding=\"async\" width=\"76\" height=\"76\" loading=\"lazy\" src=\"https:\/\/www.europesays.com\/fr\/wp-content\/uploads\/2025\/04\/avatar-autonews.png\" alt=\"J\u00e9thro Tissot\"\/><\/p>\n","protected":false},"excerpt":{"rendered":"\u00c0 Montpellier, un couple vit une situation aussi cocasse qu\u2019aga\u00e7ante. Depuis le d\u00e9but de l\u2019ann\u00e9e 2025, pas moins&hellip;\n","protected":false},"author":2,"featured_media":437756,"comment_status":"","ping_status":"","sticky":false,"template":"","format":"standard","meta":{"footnotes":""},"categories":[6],"tags":[35,33,34,1011,27],"class_list":{"0":"post-437755","1":"post","2":"type-post","3":"status-publish","4":"format-standard","5":"has-post-thumbnail","7":"category-economie","8":"tag-business","9":"tag-economie","10":"tag-economy","11":"tag-fr","12":"tag-france"},"share_on_mastodon":{"url":"https:\/\/pubeurope.com\/@fr\/115313871688941230","error":""},"_links":{"self":[{"href":"https:\/\/www.europesays.com\/fr\/wp-json\/wp\/v2\/posts\/437755","targetHints":{"allow":["GET"]}}],"collection":[{"href":"https:\/\/www.europesays.com\/fr\/wp-json\/wp\/v2\/posts"}],"about":[{"href":"https:\/\/www.europesays.com\/fr\/wp-json\/wp\/v2\/types\/post"}],"author":[{"embeddable":true,"href":"https:\/\/www.europesays.com\/fr\/wp-json\/wp\/v2\/users\/2"}],"replies":[{"embeddable":true,"href":"https:\/\/www.europesays.com\/fr\/wp-json\/wp\/v2\/comments?post=437755"}],"version-history":[{"count":0,"href":"https:\/\/www.europesays.com\/fr\/wp-json\/wp\/v2\/posts\/437755\/revisions"}],"wp:featuredmedia":[{"embeddable":true,"href":"https:\/\/www.europesays.com\/fr\/wp-json\/wp\/v2\/media\/437756"}],"wp:attachment":[{"href":"https:\/\/www.europesays.com\/fr\/wp-json\/wp\/v2\/media?parent=437755"}],"wp:term":[{"taxonomy":"category","embeddable":true,"href":"https:\/\/www.europesays.com\/fr\/wp-json\/wp\/v2\/categories?post=437755"},{"taxonomy":"post_tag","embeddable":true,"href":"https:\/\/www.europesays.com\/fr\/wp-json\/wp\/v2\/tags?post=437755"}],"curies":[{"name":"wp","href":"https:\/\/api.w.org\/{rel}","templated":true}]}}