{"id":437763,"date":"2025-10-04T03:56:40","date_gmt":"2025-10-04T03:56:40","guid":{"rendered":"https:\/\/www.europesays.com\/fr\/437763\/"},"modified":"2025-10-04T03:56:40","modified_gmt":"2025-10-04T03:56:40","slug":"loire-age-de-17-ans-il-tente-de-reactiver-le-point-de-deal-de-sous-paulat-a-firminy","status":"publish","type":"post","link":"https:\/\/www.europesays.com\/fr\/437763\/","title":{"rendered":"Loire. \u00c2g\u00e9 de 17 ans, il tente de r\u00e9activer le point de deal de Sous-Paulat \u00e0 Firminy"},"content":{"rendered":"<p>Il y a quelques jours, les forces de police de la Loire ont d\u00e9mantel\u00e9 un nouveau point de deal. Pr\u00e8s de 2,5\u00a0kg de r\u00e9sine de cannabis, cent grammes de coca\u00efne, 8\u00a0000\u00a0euros en liquide et un fusil \u00e0 pompe avaient \u00e9t\u00e9 saisis \u00e0 Firminy, dans le quartier de Sous-Paulat, au cours d\u2019une op\u00e9ration pr\u00e9par\u00e9e depuis plusieurs mois.<\/p>\n<p>Comme annonc\u00e9e par la Direction interd\u00e9partementale de la police nationale dans la Loire, des op\u00e9rations r\u00e9guli\u00e8res, \u00ab\u00a0visant \u00e0 emp\u00eacher toute r\u00e9activation du site de ventes de drogues\u00a0\u00bb, ont \u00e9t\u00e9 mises en \u0153uvre. C\u2019est ainsi que ce mercredi 1er\u00a0octobre, les policiers de la Brigade sp\u00e9cialis\u00e9e de terrain, en milieu d\u2019apr\u00e8s-midi, ont surpris une transaction \u00e0 quelques encablures du lieu surveill\u00e9.<\/p>\n<p>  Pr\u00e9sent\u00e9 \u00e0 un magistrat<\/p>\n<p>Apr\u00e8s avoir contr\u00f4l\u00e9 l\u2019acheteur qui s\u2019est vu sanctionner d\u2019une amende forfaitaire d\u00e9lictuelle, les agents se sont int\u00e9ress\u00e9s au vendeur. Ce dernier, \u00e2g\u00e9 de 17 ans et originaire de la vall\u00e9e de l\u2019Ondaine \u00e9tait en possession de 200\u00a0euros en liquide ainsi que de cinq pochons de coca\u00efne. Interpell\u00e9, le mineur a ensuite \u00e9t\u00e9 plac\u00e9 en garde \u00e0 vue. Il devait ensuite \u00eatre pr\u00e9sent\u00e9 \u00e0 un magistrat. Contact\u00e9 par nos soins, le parquet de Saint-Etienne n\u2019a pas r\u00e9pondu \u00e0 notre sollicitation.<\/p>\n","protected":false},"excerpt":{"rendered":"Il y a quelques jours, les forces de police de la Loire ont d\u00e9mantel\u00e9 un nouveau point de&hellip;\n","protected":false},"author":2,"featured_media":437764,"comment_status":"","ping_status":"","sticky":false,"template":"","format":"standard","meta":{"footnotes":""},"categories":[9653],"tags":[1111,11,2430,271,272,7539,1777,674,274,10282,10283,1011,27,3367,12,25,4001,104],"class_list":{"0":"post-437763","1":"post","2":"type-post","3":"status-publish","4":"format-standard","5":"has-post-thumbnail","7":"category-saint-etienne","8":"tag-actu","9":"tag-actualites","10":"tag-auvergne-rhone-alpes","11":"tag-crime","12":"tag-delit-et-contravention","13":"tag-edition-loire-sud","14":"tag-eu","15":"tag-europe","16":"tag-faits-divers-justice","17":"tag-firminy","18":"tag-firminy-ville","19":"tag-fr","20":"tag-france","21":"tag-loire","22":"tag-news","23":"tag-republique-francaise","24":"tag-saint-etienne","25":"tag-societe"},"share_on_mastodon":{"url":"https:\/\/pubeurope.com\/@fr\/115313887391188556","error":""},"_links":{"self":[{"href":"https:\/\/www.europesays.com\/fr\/wp-json\/wp\/v2\/posts\/437763","targetHints":{"allow":["GET"]}}],"collection":[{"href":"https:\/\/www.europesays.com\/fr\/wp-json\/wp\/v2\/posts"}],"about":[{"href":"https:\/\/www.europesays.com\/fr\/wp-json\/wp\/v2\/types\/post"}],"author":[{"embeddable":true,"href":"https:\/\/www.europesays.com\/fr\/wp-json\/wp\/v2\/users\/2"}],"replies":[{"embeddable":true,"href":"https:\/\/www.europesays.com\/fr\/wp-json\/wp\/v2\/comments?post=437763"}],"version-history":[{"count":0,"href":"https:\/\/www.europesays.com\/fr\/wp-json\/wp\/v2\/posts\/437763\/revisions"}],"wp:featuredmedia":[{"embeddable":true,"href":"https:\/\/www.europesays.com\/fr\/wp-json\/wp\/v2\/media\/437764"}],"wp:attachment":[{"href":"https:\/\/www.europesays.com\/fr\/wp-json\/wp\/v2\/media?parent=437763"}],"wp:term":[{"taxonomy":"category","embeddable":true,"href":"https:\/\/www.europesays.com\/fr\/wp-json\/wp\/v2\/categories?post=437763"},{"taxonomy":"post_tag","embeddable":true,"href":"https:\/\/www.europesays.com\/fr\/wp-json\/wp\/v2\/tags?post=437763"}],"curies":[{"name":"wp","href":"https:\/\/api.w.org\/{rel}","templated":true}]}}